{"id":8382,"date":"2015-01-26T20:23:38","date_gmt":"2015-01-26T23:23:38","guid":{"rendered":"http:\/\/www.crossprensa.com.ar\/news\/?p=8382"},"modified":"2015-01-26T20:39:27","modified_gmt":"2015-01-26T23:39:27","slug":"lieb-lesionado-y-fuera-del-sx","status":"publish","type":"post","link":"https:\/\/www.crossprensa.com.ar\/news\/lieb-lesionado-y-fuera-del-sx\/sx\/","title":{"rendered":"Lieb lesionado, y fuera del SX."},"content":{"rendered":"<p style=\"text-align: justify;\">Michael Leib se golpe\u00f3\u00a0Oakland, y es probable que no corra mas en toda la temporada despu\u00e9s de un accidente durante la calificaci\u00f3n.<\/p>\n<p style=\"text-align: justify;\"><!--more--><\/p>\n<p style=\"text-align: justify;\">Leib SE someti\u00f3 a una cirug\u00eda para reparar ayer su tibia y peron\u00e9 de la pierna derecha y su pie derecho, dedo gordo del pie y el dedo me\u00f1ique izquierdo. Leib public\u00f3 lo siguiente en Instagram:<\/p>\n<div class=\"attribution\" style=\"text-align: justify;\">Sal\u00ed de la cirug\u00eda de la madrugada de hoy. Parece que la operaci\u00f3n sali\u00f3 bien. Llevar\u00e1 tempo para sanar ahora. Gracias por todo el apoyo de todos ustedes. Lo siento, no he estado atendiendo mi tel\u00e9fono los \u00faltimos d\u00edas para responder a cualquier persona, pero he le\u00eddo mensajes de todo el mundo y no puedo decir gracias suficiente para los mensajes positivos, oraciones y apoyo. # BeLeib61<\/div>\n","protected":false},"excerpt":{"rendered":"<p>Michael Leib se golpe\u00f3\u00a0Oakland, y es probable que no corra mas en toda la temporada&#8230;<\/p>\n","protected":false},"author":2,"featured_media":0,"comment_status":"open","ping_status":"open","sticky":false,"template":"","format":"standard","meta":{"om_disable_all_campaigns":false,"_monsterinsights_skip_tracking":false,"_monsterinsights_sitenote_active":false,"_monsterinsights_sitenote_note":"","_monsterinsights_sitenote_category":0,"_uf_show_specific_survey":0,"_uf_disable_surveys":false,"footnotes":""},"categories":[8],"tags":[6],"class_list":["post-8382","post","type-post","status-publish","format-standard","hentry","category-sx","tag-text"],"aioseo_notices":[],"_links":{"self":[{"href":"https:\/\/www.crossprensa.com.ar\/news\/wp-json\/wp\/v2\/posts\/8382","targetHints":{"allow":["GET"]}}],"collection":[{"href":"https:\/\/www.crossprensa.com.ar\/news\/wp-json\/wp\/v2\/posts"}],"about":[{"href":"https:\/\/www.crossprensa.com.ar\/news\/wp-json\/wp\/v2\/types\/post"}],"author":[{"embeddable":true,"href":"https:\/\/www.crossprensa.com.ar\/news\/wp-json\/wp\/v2\/users\/2"}],"replies":[{"embeddable":true,"href":"https:\/\/www.crossprensa.com.ar\/news\/wp-json\/wp\/v2\/comments?post=8382"}],"version-history":[{"count":1,"href":"https:\/\/www.crossprensa.com.ar\/news\/wp-json\/wp\/v2\/posts\/8382\/revisions"}],"predecessor-version":[{"id":8384,"href":"https:\/\/www.crossprensa.com.ar\/news\/wp-json\/wp\/v2\/posts\/8382\/revisions\/8384"}],"wp:attachment":[{"href":"https:\/\/www.crossprensa.com.ar\/news\/wp-json\/wp\/v2\/media?parent=8382"}],"wp:term":[{"taxonomy":"category","embeddable":true,"href":"https:\/\/www.crossprensa.com.ar\/news\/wp-json\/wp\/v2\/categories?post=8382"},{"taxonomy":"post_tag","embeddable":true,"href":"https:\/\/www.crossprensa.com.ar\/news\/wp-json\/wp\/v2\/tags?post=8382"}],"curies":[{"name":"wp","href":"https:\/\/api.w.org\/{rel}","templated":true}]}}