{"id":82372,"date":"2026-09-03T14:47:01","date_gmt":"2026-09-03T17:47:01","guid":{"rendered":"https:\/\/www.crossprensa.com.ar\/news\/?p=82372"},"modified":"2026-09-03T14:48:23","modified_gmt":"2026-09-03T17:48:23","slug":"mxgp-airbags-obligatorios","status":"publish","type":"post","link":"https:\/\/www.crossprensa.com.ar\/news\/mxgp-airbags-obligatorios\/mxgp\/","title":{"rendered":"MXGP: AIRBAGS OBLIGATORIOS."},"content":{"rendered":"<p class=\"x_rtejustify\"><strong data-olk-copy-source=\"MessageBody\">La Oficina Permanente de Motocross, compuesta por los se\u00f1ores Jorge Viegas (presidente de la FIM) y David Luongo (presidente y CEO de Infront Moto Racing), tom\u00f3 la siguiente decisi\u00f3n:<\/strong><\/p>\n<p class=\"x_rtejustify\"><strong>01:65 EQUIPO Y ROPA PROTECTORA DURANTE LOS ENTRENAMIENTOS Y LA CARRERA<\/strong><\/p>\n<p><!--more--><\/p>\n<p>(Nota: La im\u00e1gen de tapa es SOLO ILUSTRATIVA, no publicitaria. La marca NO se vende en Argentina).<\/p>\n<p><strong data-olk-copy-source=\"MessageBody\">65.01 Vestimenta y protectores<\/strong><\/p>\n<p>Para los Campeonatos del Mundo FIM MXGP\/MX2\/Femeninos y FIM Motocross de Naciones:<\/p>\n<ul>\n<li class=\"x_rtejustify\"><strong>A partir de 2027: Se\u00a0<\/strong><strong>recomienda encarecidamente el uso de un sistema de airbag funcional\/operativo<\/strong><\/li>\n<li class=\"x_rtejustify\"><strong>A partir de 2028:<\/strong>\u00a0el uso de un sistema de airbag funcional\/operativo\u00a0<strong>es obligatorio.<\/strong><\/li>\n<\/ul>\n<p class=\"x_rtejustify\">El sistema de airbag debe ser:<br \/>\n&#8211; un\u00a0<strong>airbag Off-road homologado FIM (FRHPab-01)*<\/strong>\u00a0o<br \/>\n&#8211; uno de los<strong>\u00a0sistemas de airbag declarados conformes con la categor\u00eda FIM 3 (Motocross)\u00a0<a title=\"Protegido por Outlook: http:\/\/url243.mxgp.com\/ls\/click?upn=u001.o6PhPM9MHi94KLUkDNFHkzsaIYI86yXi6cfvSW770MdyPWUSDoCJ-2BkUtI5lSx7lAVZj96fuH3RRLgh65RskeaDGbgbmuCdXF52DcZETQmDo-3D_O_p_1x1Mgwb2AleqL2SPNEh7dLMv9A9Fv37xNU8dpXLW2wGpHezSRpGFscpYol1KSomgBfU0pyGkrxvi8bXxZP-2FgB6-2BMGTx7MjrZjhrTiJ24WJ5G0mqPWENMZkMYfhuKXXy84kUD5wc45qMeVL-2FXKYd-2BvlHjpjE8vd8N-2BZ55niAHb5NPQ3zZ4R18mTA-2B-2FvLISXAhUAiqJJpg4-2Fldp2T91PyUCw-3D-3D. Haga clic o pulse para seguir el v\u00ednculo.\" href=\"https:\/\/na01.safelinks.protection.outlook.com\/?url=http%3A%2F%2Furl243.mxgp.com%2Fls%2Fclick%3Fupn%3Du001.o6PhPM9MHi94KLUkDNFHkzsaIYI86yXi6cfvSW770MdyPWUSDoCJ-2BkUtI5lSx7lAVZj96fuH3RRLgh65RskeaDGbgbmuCdXF52DcZETQmDo-3D_O_p_1x1Mgwb2AleqL2SPNEh7dLMv9A9Fv37xNU8dpXLW2wGpHezSRpGFscpYol1KSomgBfU0pyGkrxvi8bXxZP-2FgB6-2BMGTx7MjrZjhrTiJ24WJ5G0mqPWENMZkMYfhuKXXy84kUD5wc45qMeVL-2FXKYd-2BvlHjpjE8vd8N-2BZ55niAHb5NPQ3zZ4R18mTA-2B-2FvLISXAhUAiqJJpg4-2Fldp2T91PyUCw-3D-3D&amp;data=05%7C02%7C%7C8d44e5f83507403d64c608df09c8c203%7C84df9e7fe9f640afb435aaaaaaaaaaaa%7C1%7C0%7C639240429988132955%7CUnknown%7CTWFpbGZsb3d8eyJFbXB0eU1hcGkiOnRydWUsIlYiOiIwLjAuMDAwMCIsIlAiOiJXaW4zMiIsIkFOIjoiTWFpbCIsIldUIjoyfQ%3D%3D%7C0%7C%7C%7C&amp;sdata=r%2FAQXHcTZLnw4zp9Rb%2BjK7lMCZ2D7sjAF4xLRGfPew4%3D&amp;reserved=0\" target=\"_blank\" rel=\"noopener noreferrer\" data-auth=\"NotApplicable\" data-linkindex=\"0\">listados AQU\u00cd<\/a><\/strong><\/p>\n<p>El equipo debe llevarse puesto, correctamente sujeto, en todo momento durante la actividad en pista (el airbag debe estar funcionando\/operativo al menos al inicio de cada sesi\u00f3n en pista). La decisi\u00f3n del Director T\u00e9cnico de la FIM es definitiva en cuanto al equipamiento de los pilotos.<\/p>\n<p align=\"center\"><strong><a title=\"Protegido por Outlook: http:\/\/url243.mxgp.com\/ls\/click?upn=u001.o6PhPM9MHi94KLUkDNFHk6wgaGfsZffPBjvB6NWjVFW2xPlLmxXU9vnAPfAQcWDanrIWRmkUwo512jixdyQ913C2Gp-2Ffz3wJX6Nwx3jdCSmPdYgH-2BNDXFDrcqNoxWagp-2F0qXeCh6qEW-2FVau4WBAeXmSSotpsTpEnl9wG0aX2FuLmo2kip-2FX1b-2BUw7T3THHlbRsEV4SfizoKnk4HYDDVj6vw7ZGvHwChwMuJChtIrkceS8keT4hV1206e2EkCQoOcdFhf_1x1Mgwb2AleqL2SPNEh7dLMv9A9Fv37xNU8dpXLW2wGpHezSRpGFscpYol1KSomgBfU0pyGkrxvi8bXxZP-2FgB5KHNeA6ov1XzclvjETa7EFqVaS5oYut6-2FtVdgvHm-2BsOgMlLsYC0dzrMploxtZtyrbGhm6edpgxt7CezdaZtE1-2BGnk-2FXlagZUIEMM5QtQQyVKIUvJ0dtNZ64NEQEu5PSrQ-3D-3D. Haga clic o pulse para seguir el v\u00ednculo.\" href=\"https:\/\/na01.safelinks.protection.outlook.com\/?url=http%3A%2F%2Furl243.mxgp.com%2Fls%2Fclick%3Fupn%3Du001.o6PhPM9MHi94KLUkDNFHk6wgaGfsZffPBjvB6NWjVFW2xPlLmxXU9vnAPfAQcWDanrIWRmkUwo512jixdyQ913C2Gp-2Ffz3wJX6Nwx3jdCSmPdYgH-2BNDXFDrcqNoxWagp-2F0qXeCh6qEW-2FVau4WBAeXmSSotpsTpEnl9wG0aX2FuLmo2kip-2FX1b-2BUw7T3THHlbRsEV4SfizoKnk4HYDDVj6vw7ZGvHwChwMuJChtIrkceS8keT4hV1206e2EkCQoOcdFhf_1x1Mgwb2AleqL2SPNEh7dLMv9A9Fv37xNU8dpXLW2wGpHezSRpGFscpYol1KSomgBfU0pyGkrxvi8bXxZP-2FgB5KHNeA6ov1XzclvjETa7EFqVaS5oYut6-2FtVdgvHm-2BsOgMlLsYC0dzrMploxtZtyrbGhm6edpgxt7CezdaZtE1-2BGnk-2FXlagZUIEMM5QtQQyVKIUvJ0dtNZ64NEQEu5PSrQ-3D-3D&amp;data=05%7C02%7C%7C8d44e5f83507403d64c608df09c8c203%7C84df9e7fe9f640afb435aaaaaaaaaaaa%7C1%7C0%7C639240429988165841%7CUnknown%7CTWFpbGZsb3d8eyJFbXB0eU1hcGkiOnRydWUsIlYiOiIwLjAuMDAwMCIsIlAiOiJXaW4zMiIsIkFOIjoiTWFpbCIsIldUIjoyfQ%3D%3D%7C0%7C%7C%7C&amp;sdata=tnsWCX0IaTrWWnnYtjUrcZ8vEZDcUEwda8YqYJs%2ByHE%3D&amp;reserved=0\" target=\"_blank\" rel=\"noopener noreferrer\" data-auth=\"NotApplicable\" data-linkindex=\"1\">Haz clic AQU\u00cd para descargar en versi\u00f3n PDF<\/a><\/strong><\/p>\n","protected":false},"excerpt":{"rendered":"<p>La Oficina Permanente de Motocross, compuesta por los se\u00f1ores Jorge Viegas (presidente de la FIM)&#8230;<\/p>\n","protected":false},"author":2,"featured_media":82373,"comment_status":"closed","ping_status":"closed","sticky":false,"template":"","format":"standard","meta":{"om_disable_all_campaigns":false,"_monsterinsights_skip_tracking":false,"_uf_show_specific_survey":0,"_uf_disable_surveys":false,"footnotes":""},"categories":[24],"tags":[],"class_list":["post-82372","post","type-post","status-publish","format-standard","has-post-thumbnail","hentry","category-mxgp"],"aioseo_notices":[],"_links":{"self":[{"href":"https:\/\/www.crossprensa.com.ar\/news\/wp-json\/wp\/v2\/posts\/82372","targetHints":{"allow":["GET"]}}],"collection":[{"href":"https:\/\/www.crossprensa.com.ar\/news\/wp-json\/wp\/v2\/posts"}],"about":[{"href":"https:\/\/www.crossprensa.com.ar\/news\/wp-json\/wp\/v2\/types\/post"}],"author":[{"embeddable":true,"href":"https:\/\/www.crossprensa.com.ar\/news\/wp-json\/wp\/v2\/users\/2"}],"replies":[{"embeddable":true,"href":"https:\/\/www.crossprensa.com.ar\/news\/wp-json\/wp\/v2\/comments?post=82372"}],"version-history":[{"count":3,"href":"https:\/\/www.crossprensa.com.ar\/news\/wp-json\/wp\/v2\/posts\/82372\/revisions"}],"predecessor-version":[{"id":82376,"href":"https:\/\/www.crossprensa.com.ar\/news\/wp-json\/wp\/v2\/posts\/82372\/revisions\/82376"}],"wp:featuredmedia":[{"embeddable":true,"href":"https:\/\/www.crossprensa.com.ar\/news\/wp-json\/wp\/v2\/media\/82373"}],"wp:attachment":[{"href":"https:\/\/www.crossprensa.com.ar\/news\/wp-json\/wp\/v2\/media?parent=82372"}],"wp:term":[{"taxonomy":"category","embeddable":true,"href":"https:\/\/www.crossprensa.com.ar\/news\/wp-json\/wp\/v2\/categories?post=82372"},{"taxonomy":"post_tag","embeddable":true,"href":"https:\/\/www.crossprensa.com.ar\/news\/wp-json\/wp\/v2\/tags?post=82372"}],"curies":[{"name":"wp","href":"https:\/\/api.w.org\/{rel}","templated":true}]}}