{"id":82363,"date":"2026-09-03T14:11:35","date_gmt":"2026-09-03T17:11:35","guid":{"rendered":"https:\/\/www.crossprensa.com.ar\/news\/?p=82363"},"modified":"2026-09-03T14:35:04","modified_gmt":"2026-09-03T17:35:04","slug":"yose-altamirano-a-brasil-la-copa-blu-cru-la-espera","status":"publish","type":"post","link":"https:\/\/www.crossprensa.com.ar\/news\/yose-altamirano-a-brasil-la-copa-blu-cru-la-espera\/sin-categoria\/","title":{"rendered":"YOSE ALTAMIRANO A BRASIL! La copa bLU cRU la espera!"},"content":{"rendered":"<p>La piloto santafesina est\u00e1 a pleno prepar\u00e1ndose para lo que se viene en pocos d\u00edas m\u00e1s, que es estar corriendo en la bLU cRU de Brasil, una categor\u00eda potent\u00edsima donde se va a encontrar con rivales de verdadero nivel y va a exponer su potencial frente a ellos! Brumadinho tiene todo listo, y lo vamos a tener EN VIVO por Crossprensa!<\/p>\n<p><!--more--><\/p>\n<p><img fetchpriority=\"high\" decoding=\"async\" class=\"alignnone size-full wp-image-82213\" src=\"https:\/\/www.crossprensa.com.ar\/news\/wp-content\/uploads\/2026\/08\/smmotos.gif\" alt=\"\" width=\"1200\" height=\"100\" \/><\/p>\n<p>Yose sigue buscando el apoyo que necesita para aliviar aunque sea un poco lo costoso que significa ir a correr afuera y representar a todo el motocross argentino con su nombre y su manejo. Si est\u00e1n dispuestos a dar una mano con LO QUE PUEDAN, los invitamos a transferir al alias Yoselin.7, que es el personal de ella\u00a0 y desde ya MUCHAS GRACIAS A TODOS POR EL APOYO!!! Al equipo JB.Racing, SM Motos, a la Sec. de Deportes de Santa Fe, y a FIM LAT a trav\u00e9s de Maribel Giordani, y toda la directiva en latinoam\u00e9rica.<\/p>\n<p><img decoding=\"async\" class=\"alignnone size-full wp-image-82366\" src=\"https:\/\/www.crossprensa.com.ar\/news\/wp-content\/uploads\/2026\/09\/790315572_1044343401759058_5568930207499596442_n.jpg\" alt=\"\" width=\"1080\" height=\"1350\" srcset=\"https:\/\/www.crossprensa.com.ar\/news\/wp-content\/uploads\/2026\/09\/790315572_1044343401759058_5568930207499596442_n.jpg 1080w, https:\/\/www.crossprensa.com.ar\/news\/wp-content\/uploads\/2026\/09\/790315572_1044343401759058_5568930207499596442_n-240x300.jpg 240w, https:\/\/www.crossprensa.com.ar\/news\/wp-content\/uploads\/2026\/09\/790315572_1044343401759058_5568930207499596442_n-320x400.jpg 320w, https:\/\/www.crossprensa.com.ar\/news\/wp-content\/uploads\/2026\/09\/790315572_1044343401759058_5568930207499596442_n-768x960.jpg 768w, https:\/\/www.crossprensa.com.ar\/news\/wp-content\/uploads\/2026\/09\/790315572_1044343401759058_5568930207499596442_n-1024x1280.jpg 1024w\" sizes=\"(max-width: 1080px) 100vw, 1080px\" \/><\/p>\n","protected":false},"excerpt":{"rendered":"<p>La piloto santafesina est\u00e1 a pleno prepar\u00e1ndose para lo que se viene en pocos d\u00edas&#8230;<\/p>\n","protected":false},"author":2,"featured_media":82365,"comment_status":"closed","ping_status":"closed","sticky":false,"template":"","format":"standard","meta":{"om_disable_all_campaigns":false,"_monsterinsights_skip_tracking":false,"_uf_show_specific_survey":0,"_uf_disable_surveys":false,"footnotes":""},"categories":[1],"tags":[],"class_list":["post-82363","post","type-post","status-publish","format-standard","has-post-thumbnail","hentry","category-sin-categoria"],"aioseo_notices":[],"_links":{"self":[{"href":"https:\/\/www.crossprensa.com.ar\/news\/wp-json\/wp\/v2\/posts\/82363","targetHints":{"allow":["GET"]}}],"collection":[{"href":"https:\/\/www.crossprensa.com.ar\/news\/wp-json\/wp\/v2\/posts"}],"about":[{"href":"https:\/\/www.crossprensa.com.ar\/news\/wp-json\/wp\/v2\/types\/post"}],"author":[{"embeddable":true,"href":"https:\/\/www.crossprensa.com.ar\/news\/wp-json\/wp\/v2\/users\/2"}],"replies":[{"embeddable":true,"href":"https:\/\/www.crossprensa.com.ar\/news\/wp-json\/wp\/v2\/comments?post=82363"}],"version-history":[{"count":5,"href":"https:\/\/www.crossprensa.com.ar\/news\/wp-json\/wp\/v2\/posts\/82363\/revisions"}],"predecessor-version":[{"id":82371,"href":"https:\/\/www.crossprensa.com.ar\/news\/wp-json\/wp\/v2\/posts\/82363\/revisions\/82371"}],"wp:featuredmedia":[{"embeddable":true,"href":"https:\/\/www.crossprensa.com.ar\/news\/wp-json\/wp\/v2\/media\/82365"}],"wp:attachment":[{"href":"https:\/\/www.crossprensa.com.ar\/news\/wp-json\/wp\/v2\/media?parent=82363"}],"wp:term":[{"taxonomy":"category","embeddable":true,"href":"https:\/\/www.crossprensa.com.ar\/news\/wp-json\/wp\/v2\/categories?post=82363"},{"taxonomy":"post_tag","embeddable":true,"href":"https:\/\/www.crossprensa.com.ar\/news\/wp-json\/wp\/v2\/tags?post=82363"}],"curies":[{"name":"wp","href":"https:\/\/api.w.org\/{rel}","templated":true}]}}