{"id":82361,"date":"2026-09-05T20:26:29","date_gmt":"2026-09-05T23:26:29","guid":{"rendered":"https:\/\/www.crossprensa.com.ar\/news\/?p=82361"},"modified":"2026-09-05T20:26:29","modified_gmt":"2026-09-05T23:26:29","slug":"mxgp-turquia-herlings-y-farres-siguen-sumando-por-la-corona","status":"publish","type":"post","link":"https:\/\/www.crossprensa.com.ar\/news\/mxgp-turquia-herlings-y-farres-siguen-sumando-por-la-corona\/mxgp\/","title":{"rendered":"MXGP TURQU\u00cdA: HERLINGS Y FARRES, siguen sumando por la corona."},"content":{"rendered":"<p><span data-olk-copy-source=\"MessageBody\">La superficie resbaladiza y dura del Afyon Motor Sport Center vio hoy dos duras carreras clasificatorias, con sol y vientos de fuerza media que secaron r\u00e1pidamente el circuito hacia el final del programa del s\u00e1bado en el MXGP de Turqu\u00eda.<\/span><\/p>\n<p><!--more--><\/p>\n<p><img fetchpriority=\"high\" decoding=\"async\" class=\"alignnone size-full wp-image-82313\" src=\"https:\/\/www.crossprensa.com.ar\/news\/wp-content\/uploads\/2026\/08\/Mx-Santafesino.gif\" alt=\"\" width=\"1200\" height=\"100\" \/><\/p>\n<p class=\"x_rtejustify\" data-olk-copy-source=\"MessageBody\">La carrera clasificatoria MXGP se mantuvo muy cerrada en la cima durante toda la carrera, pero\u00a0<strong>Jeffrey Herlings\u00a0<\/strong>finalmente adelant\u00f3 de forma espectacular a su compa\u00f1ero\u00a0<strong>de equipo en Honda HRC\u00a0<\/strong><strong>Petronas, Tom Vialle<\/strong>, para arrebatarle la victoria en la pen\u00faltima vuelta, mientras que la moto\u00a0<strong>Monster Energy Yamaha Factory MXGP\u00a0<\/strong>de\u00a0<strong>Tim Gajser\u00a0<\/strong>tambi\u00e9n estuvo cerca de lo alto y logr\u00f3 la tercera posici\u00f3n. \u00a1La victoria acerca a\u00fan m\u00e1s a &#8220;The Bullet&#8221; de asegurar el Campeonato del Mundo en la carrera inaugural de MXGP de ma\u00f1ana.<\/p>\n<p class=\"x_rtejustify\">En MX2,\u00a0<strong>Guillem Farres\u00a0<\/strong>hizo un adelantamiento mucho antes para tomar el liderato y lo logr\u00f3 a partir de ah\u00ed para su segunda victoria en una carrera de clasificaci\u00f3n con el\u00a0<strong>equipo Triumph Racing Factory,\u00a0<\/strong>aumentando ligeramente su ventaja en puntos sobre\u00a0<strong>Sacha Coenen,\u00a0<\/strong>que termin\u00f3 segundo para\u00a0<strong>Red Bull KTM Factory Racing. Liam Everts\u00a0<\/strong>continu\u00f3 su buena racha con un tercer puesto para\u00a0<strong>Nestaan Husqvarna Factory Racing.<\/strong><\/p>\n<p class=\"x_rtejustify\">La lucha por el t\u00edtulo MX2 sigue muy re\u00f1ida en la cima, pero Herlings podr\u00eda convertirse en Campe\u00f3n del Mundo por primera vez en cinco a\u00f1os si termina por delante de\u00a0<strong>Romain Febvre, del Kawasaki Racing Team MXGP\u00a0<\/strong>, en la primera carrera ma\u00f1ana.<\/p>\n<p><img decoding=\"async\" class=\"alignnone size-full wp-image-82357\" src=\"https:\/\/www.crossprensa.com.ar\/news\/wp-content\/uploads\/2026\/09\/achiras.gif\" alt=\"\" width=\"1200\" height=\"100\" \/><\/p>\n<p class=\"x_rtejustify\"><strong data-olk-copy-source=\"MessageBody\">Jeffrey Herlings:\u00a0<\/strong><em>&#8220;Tuve una salida bastante aceptable, estaba un poco desviada. Consegu\u00ed adelantar a Febvre en la primera curva, tambi\u00e9n a Tim Gajser en la primera vuelta y me qued\u00e9 atrapado detr\u00e1s de Tom. \u00c9l estaba pilotando muy bien. No pilotaba sucio, pero ten\u00eda las l\u00edneas perfectas. Tambi\u00e9n es mi compa\u00f1ero de equipo y le respeto, as\u00ed que no quer\u00eda hacer movimientos sucios. A dos vueltas del final ten\u00eda que hacer algo, no le toqu\u00e9, pero ten\u00eda que entrar un poco m\u00e1s fuerte. Est\u00e1 bien estar en la pole para la carrera de ma\u00f1ana, es una carrera importante para m\u00ed. Vamos ma\u00f1ana a dar lo mejor de nosotros y a partir de ah\u00ed.&#8221;<\/em><\/p>\n<p class=\"x_rtejustify\"><strong>Tom Vialle:<\/strong>\u00a0<em>&#8220;La verdad es que me sent\u00ed bien. Gran salida otra vez y creo que mi ritmo estuvo bien. Fue duro, quiero decir, Jeffrey, Tim y Romain me siguieron toda la moto. Por desgracia, Jeffrey me consigui\u00f3 a dos vueltas del final, as\u00ed que espero que ma\u00f1ana pueda aguantar un poco m\u00e1s.&#8221;<\/em><\/p>\n<p class=\"x_rtejustify\"><strong>Tim Gajser:<\/strong>\u00a0<em>&#8220;Me sent\u00ed bastante bien durante todo el d\u00eda en pista. La pista empezaba a ponerse bastante dura para la carrera de clasificaci\u00f3n, pero con una salida decente estuve ah\u00ed. Luego fui un poco demasiado defensivo en las primeras vueltas, cuando Jeffrey me adelant\u00f3. Luego aument\u00e9 la velocidad de \u00e9l y Vialle. Bastante contento con la conducci\u00f3n, \u00a1pero ma\u00f1ana es un nuevo d\u00eda!&#8221;<\/em><\/p>\n<p><img decoding=\"async\" class=\"alignnone size-full wp-image-80284\" src=\"https:\/\/www.crossprensa.com.ar\/news\/wp-content\/uploads\/2026\/03\/1200x100_TriumphRacing.jpg.jpeg\" alt=\"\" width=\"1200\" height=\"100\" srcset=\"https:\/\/www.crossprensa.com.ar\/news\/wp-content\/uploads\/2026\/03\/1200x100_TriumphRacing.jpg.jpeg 1200w, https:\/\/www.crossprensa.com.ar\/news\/wp-content\/uploads\/2026\/03\/1200x100_TriumphRacing.jpg-300x25.jpeg 300w, https:\/\/www.crossprensa.com.ar\/news\/wp-content\/uploads\/2026\/03\/1200x100_TriumphRacing.jpg-620x52.jpeg 620w, https:\/\/www.crossprensa.com.ar\/news\/wp-content\/uploads\/2026\/03\/1200x100_TriumphRacing.jpg-768x64.jpeg 768w, https:\/\/www.crossprensa.com.ar\/news\/wp-content\/uploads\/2026\/03\/1200x100_TriumphRacing.jpg-1024x85.jpeg 1024w\" sizes=\"(max-width: 1200px) 100vw, 1200px\" \/><\/p>\n<p><img loading=\"lazy\" decoding=\"async\" class=\"alignnone size-full wp-image-82378\" src=\"https:\/\/www.crossprensa.com.ar\/news\/wp-content\/uploads\/2026\/09\/FARRES-SAT-MOTOCROSS-GP-17-TK-2026.jpg\" alt=\"\" width=\"1024\" height=\"682\" srcset=\"https:\/\/www.crossprensa.com.ar\/news\/wp-content\/uploads\/2026\/09\/FARRES-SAT-MOTOCROSS-GP-17-TK-2026.jpg 1024w, https:\/\/www.crossprensa.com.ar\/news\/wp-content\/uploads\/2026\/09\/FARRES-SAT-MOTOCROSS-GP-17-TK-2026-300x200.jpg 300w, https:\/\/www.crossprensa.com.ar\/news\/wp-content\/uploads\/2026\/09\/FARRES-SAT-MOTOCROSS-GP-17-TK-2026-601x400.jpg 601w, https:\/\/www.crossprensa.com.ar\/news\/wp-content\/uploads\/2026\/09\/FARRES-SAT-MOTOCROSS-GP-17-TK-2026-768x512.jpg 768w\" sizes=\"(max-width: 1024px) 100vw, 1024px\" \/><\/p>\n<p class=\"x_rtejustify\"><strong data-olk-copy-source=\"MessageBody\">MX2 &#8211; Carrera de clasificaci\u00f3n: <\/strong>1. Guillem Farres (ESP, Triumph), 25:20.146; 2. Sacha Coenen (BEL, KTM), +0:01.837; 3. Liam Everts (BEL, Husqvarna), +0:03.253; 4. Simon L\u00e4ngenfelder (GER, KTM), +0:14.215; 5. Camden Mc Lellan (RSA, Triumph), +0:23.330; 6. Janis Martins Reisulis (LAT, Yamaha), +0:24.413; 7. Maxime Grau (FRA, Honda), +0:46.806; 8. Karlis Alberts Reisulis (LAT, Yamaha), +0:49.086; 9. Julius Mikula (CZE, KTM), +0:59.204; 10. Scott Smulders (NED, Husqvarna), +1:05.348<\/p>\n<p class=\"x_rtejustify\"><strong>MX2 &#8211; Campeonato del Mundo: <\/strong>1. Guillem Farres (ESP, TRI), 759 points; 2. Sacha Coenen (BEL, KTM), 733 p.; 3. Camden Mc Lellan (RSA, TRI), 718 p.; 4. Simon L\u00e4ngenfelder (GER, KTM), 681 p.; 5. Liam Everts (BEL, HUS), 656 p.; 6. Janis Martins Reisulis (LAT, YAM), 592 p.; 7. Karlis Alberts Reisulis (LAT, YAM), 476 p.; 8. Valerio Lata (ITA, HON), 414 p.; 9. Julius Mikula (CZE, KTM), 354 p.; 10. Mathis Valin (FRA, KAW), 352 p<\/p>\n<p>&nbsp;<\/p>\n<p><img loading=\"lazy\" decoding=\"async\" class=\"alignnone size-full wp-image-79710\" src=\"https:\/\/www.crossprensa.com.ar\/news\/wp-content\/uploads\/2026\/01\/Marengo.gif\" alt=\"\" width=\"1200\" height=\"100\" \/><\/p>\n<p><img loading=\"lazy\" decoding=\"async\" class=\"alignnone size-full wp-image-79423\" src=\"https:\/\/www.crossprensa.com.ar\/news\/wp-content\/uploads\/2026\/01\/fox-scaled.jpg\" alt=\"\" width=\"2560\" height=\"234\" srcset=\"https:\/\/www.crossprensa.com.ar\/news\/wp-content\/uploads\/2026\/01\/fox-scaled.jpg 2560w, https:\/\/www.crossprensa.com.ar\/news\/wp-content\/uploads\/2026\/01\/fox-300x27.jpg 300w, https:\/\/www.crossprensa.com.ar\/news\/wp-content\/uploads\/2026\/01\/fox-620x57.jpg 620w, https:\/\/www.crossprensa.com.ar\/news\/wp-content\/uploads\/2026\/01\/fox-768x70.jpg 768w, https:\/\/www.crossprensa.com.ar\/news\/wp-content\/uploads\/2026\/01\/fox-1536x140.jpg 1536w, https:\/\/www.crossprensa.com.ar\/news\/wp-content\/uploads\/2026\/01\/fox-2048x187.jpg 2048w, https:\/\/www.crossprensa.com.ar\/news\/wp-content\/uploads\/2026\/01\/fox-1024x94.jpg 1024w\" sizes=\"(max-width: 2560px) 100vw, 2560px\" \/><\/p>\n<p class=\"x_rtejustify\"><strong data-olk-copy-source=\"MessageBody\">MXGP &#8211; Carrera de clasificaci\u00f3n: <\/strong>1. Jeffrey Herlings (NED, Honda), 25:10.790; 2. Tom Vialle (FRA, Honda), +0:01.046; 3. Tim Gajser (SLO, Yamaha), +0:02.151; 4. Romain Febvre (FRA, Kawasaki), +0:05.181; 5. Andrea Adamo (ITA, KTM), +0:32.721; 6. Jan Pancar (SLO, KTM), +0:34.506; 7. Calvin Vlaanderen (NED, Ducati), +0:34.889; 8. Jeremy Seewer (SUI, KTM), +0:39.045; 9. Pauls Jonass (LAT, Kawasaki), +0:40.082; 10. Alberto Forato (ITA, Fantic), +0:41.377<\/p>\n<p class=\"x_rtejustify\"><strong>MXGP &#8211; Campeonato del Mundo: <\/strong>1. Jeffrey Herlings (NED, HON), 805 puntos; 2. Romain Febvre (FRA, KAW), 659 p.; 3. Tim Gajser (SLO, YAM), 619 p.; 4. Lucas Coenen (BEL, KTM), 566 p.; 5. Andrea Adamo (ITA, KTM), 528 p.; 6. Tom Vialle (FRA, HON), 505 p.; 7. Ruben Fernandez (ESP, HON), 502 p.; 8. Maxime Renaux (FRA, YAM), 449 p.; 9. Kay de Wolf (NED, HUS), 428 p.; 10. Pauls Jonass (LAT, KAW), 335 p.<\/p>\n<p align=\"center\" aria-hidden=\"true\">\n<p>&nbsp;<\/p>\n","protected":false},"excerpt":{"rendered":"<p>La superficie resbaladiza y dura del Afyon Motor Sport Center vio hoy dos duras carreras&#8230;<\/p>\n","protected":false},"author":2,"featured_media":82377,"comment_status":"closed","ping_status":"closed","sticky":false,"template":"","format":"standard","meta":{"om_disable_all_campaigns":false,"_monsterinsights_skip_tracking":false,"_uf_show_specific_survey":0,"_uf_disable_surveys":false,"footnotes":""},"categories":[24],"tags":[],"class_list":["post-82361","post","type-post","status-publish","format-standard","has-post-thumbnail","hentry","category-mxgp"],"aioseo_notices":[],"_links":{"self":[{"href":"https:\/\/www.crossprensa.com.ar\/news\/wp-json\/wp\/v2\/posts\/82361","targetHints":{"allow":["GET"]}}],"collection":[{"href":"https:\/\/www.crossprensa.com.ar\/news\/wp-json\/wp\/v2\/posts"}],"about":[{"href":"https:\/\/www.crossprensa.com.ar\/news\/wp-json\/wp\/v2\/types\/post"}],"author":[{"embeddable":true,"href":"https:\/\/www.crossprensa.com.ar\/news\/wp-json\/wp\/v2\/users\/2"}],"replies":[{"embeddable":true,"href":"https:\/\/www.crossprensa.com.ar\/news\/wp-json\/wp\/v2\/comments?post=82361"}],"version-history":[{"count":1,"href":"https:\/\/www.crossprensa.com.ar\/news\/wp-json\/wp\/v2\/posts\/82361\/revisions"}],"predecessor-version":[{"id":82379,"href":"https:\/\/www.crossprensa.com.ar\/news\/wp-json\/wp\/v2\/posts\/82361\/revisions\/82379"}],"wp:featuredmedia":[{"embeddable":true,"href":"https:\/\/www.crossprensa.com.ar\/news\/wp-json\/wp\/v2\/media\/82377"}],"wp:attachment":[{"href":"https:\/\/www.crossprensa.com.ar\/news\/wp-json\/wp\/v2\/media?parent=82361"}],"wp:term":[{"taxonomy":"category","embeddable":true,"href":"https:\/\/www.crossprensa.com.ar\/news\/wp-json\/wp\/v2\/categories?post=82361"},{"taxonomy":"post_tag","embeddable":true,"href":"https:\/\/www.crossprensa.com.ar\/news\/wp-json\/wp\/v2\/tags?post=82361"}],"curies":[{"name":"wp","href":"https:\/\/api.w.org\/{rel}","templated":true}]}}