{"id":82341,"date":"2026-08-31T14:05:09","date_gmt":"2026-08-31T17:05:09","guid":{"rendered":"https:\/\/www.crossprensa.com.ar\/news\/?p=82341"},"modified":"2026-08-31T14:05:09","modified_gmt":"2026-08-31T17:05:09","slug":"se-retira-eli-tomac","status":"publish","type":"post","link":"https:\/\/www.crossprensa.com.ar\/news\/se-retira-eli-tomac\/ama-motocross\/","title":{"rendered":"SE RETIRA ELI TOMAC"},"content":{"rendered":"<p><span data-olk-copy-source=\"MessageBody\">La leyenda estadounidense del motocross y supercross Eli Tomac ha anunciado que se retirar\u00e1 de la competici\u00f3n profesional tras la postemporada del Campeonato Mundial SMX 2026, poniendo fin a una de las carreras m\u00e1s galardonadas en la historia del deporte.<\/span><\/p>\n<p><!--more--><\/p>\n<p>Con 33 a\u00f1os, Tomac ha disfrutado de una temporada memorable con Red Bull KTM Factory Racing este a\u00f1o, logrando cuatro victorias en el 450SX Main Event del AMA Supercross Championship a bordo de la KTM 450 SX-F FACTORY EDITION.<\/p>\n<p>Tomac pasar\u00e1 a la historia como uno de los mejores competidores de la historia, con una carrera que abarca 17 temporadas profesionales entre 2010 y 2026. El natural de Cortez, Colorado, ocupa el segundo puesto en la lista hist\u00f3rica de victorias en 450SX con 57 victorias en Main Events, y cuarto en la lista de victorias en AMA Pro Motocross 450MX con un total de 32.<\/p>\n<p>Como dos veces campe\u00f3n AMA Supercross 450SX (2020, 2022) y cuatro veces campe\u00f3n de 450MX (2017, 2018, 2019, 2022), Tomac ha representado al equipo estadounidense en el prestigioso FIM Motocross of Nations (MXoN) en seis ocasiones, capitaneando a Estados Unidos en la victoria en RedBud en 2022.<\/p>\n<p>Al principio de su carrera, Tomac conquist\u00f3 el t\u00edtulo de 250MX al aire libre en 2013 tras lograr 12 victorias generales en la categor\u00eda \u2013 incluyendo su debut profesional en la ronda inaugural de la temporada de Hangtown en 2010 \u2013 antes de pasar a la categor\u00eda principal a tiempo completo en 2014. Tambi\u00e9n gan\u00f3 el Campeonato Divisional Oeste de 250SX en 2012.<\/p>\n<p>Adem\u00e1s, Tomac ampli\u00f3 su r\u00e9cord de Supercross en Daytona con una octava victoria en 2026, fue coronado destacadamente Campe\u00f3n Mundial de Supercross de la FIM en la categor\u00eda SX1 2024, y tambi\u00e9n fue reconocido en 2022 como galardonado con el premio ESPY en la prestigiosa categor\u00eda de Mejor Atleta en Deportes de Acci\u00f3n Masculinos.<\/p>\n<p>Todo el equipo Red Bull KTM Factory Racing expresa su gratitud y sus mejores deseos a Eli para el futuro, y espera terminar la temporada actual con fuerza en los pr\u00f3ximos Playoffs SMX, que culminar\u00e1n con la Final del Campeonato Mundial SMX en Ridgedale, Missouri, el 26 de septiembre.<\/p>\n<p><strong>Eli Tomac:<\/strong>\u00a0<em>&#8220;Me alejar\u00e9 del Supercross y de las carreras de motocross a finales de septiembre, tras las tres \u00faltimas rondas de SMX. Esta ha sido la decisi\u00f3n m\u00e1s dif\u00edcil que he tomado en mi carrera profesional, pero s\u00e9 en mi coraz\u00f3n que el momento es ahora y que es el momento adecuado. He ganado carreras y campeonatos m\u00e1s all\u00e1 de lo que imagino. Las carreras han sido lo \u00fanico a lo que me he despertado y conocido en los \u00faltimos 25 a\u00f1os, pero no lo cambiar\u00eda por nada.&#8221;<\/em><\/p>\n<p><strong>Ian Harrison, Director del Equipo de Red Bull KTM Factory Racing:<\/strong><em>\u00a0&#8220;Eli irrumpi\u00f3 en la escena hace m\u00e1s de quince a\u00f1os, y si no estuviera en vuestro equipo, lo desear\u00edais de verdad, porque al final estar\u00edais luchando contra \u00e9l para intentar ganar. A lo largo de los a\u00f1os, Eli se ha convertido en el segundo piloto con m\u00e1s victorias en la historia del Supercross y ha ganado m\u00faltiples campeonatos nacionales y de Supercross. Hemos tenido el privilegio de trabajar con \u00e9l este a\u00f1o, y no fue diferente: luchaba por el t\u00edtulo y por las victorias cada semana. Eli es un piloto incre\u00edble, y para el equipo y para m\u00ed, ver c\u00f3mo act\u00faa y entender mejor su deportividad y \u00e9tica de trabajo fue un regalo despu\u00e9s de todos esos a\u00f1os que compitimos contra \u00e9l. Pero, como todo lo bueno, acaban llegando a su fin, y con eso Eli ha decidido retirarse al final de esta temporada. Nuestro equipo est\u00e1 agradecido por la oportunidad que hemos tenido y sabemos que, pase lo que pase lo que pase en el futuro, ser\u00e1 un \u00e9xito. Eli es un trabajador, disciplinado y dedicado, y de verdad le deseamos a \u00e9l y a su familia todo lo mejor.&#8221;<\/em><\/p>\n<p><strong>Momentos destacados de la carrera de Eli Tomac<\/strong><\/p>\n<ul>\n<li>Dos veces campe\u00f3n AMA Supercross 450SX (2020, 2022)<\/li>\n<li>57 victorias en el 450SX Main Event (segundo de todos los tiempos)<\/li>\n<li>Cuatro veces campe\u00f3n AMA Pro Motocross 450MX (2017, 2018, 2019, 2022)<\/li>\n<li>32 victorias globales en 450MX (cuarta de todos los tiempos)<\/li>\n<li>Campe\u00f3n AMA Pro Motocross 250MX 2013<\/li>\n<li>Campe\u00f3n AMA Supercross 250SX Oeste 2012<\/li>\n<li>Campe\u00f3n Mundial FIM Supercross SX1 2024<\/li>\n<li>Un r\u00e9cord de ocho veces ganador de Daytona Supercross (2016, 2017, 2019, 2020, 2021, 2022, 2023, 2026)<\/li>\n<li>Ganador del premio ESPY en 2022 (Mejor Atleta, Deportes de Acci\u00f3n Masculinos)<\/li>\n<\/ul>\n","protected":false},"excerpt":{"rendered":"<p>La leyenda estadounidense del motocross y supercross Eli Tomac ha anunciado que se retirar\u00e1 de&#8230;<\/p>\n","protected":false},"author":2,"featured_media":82342,"comment_status":"closed","ping_status":"closed","sticky":false,"template":"","format":"standard","meta":{"om_disable_all_campaigns":false,"_monsterinsights_skip_tracking":false,"_uf_show_specific_survey":0,"_uf_disable_surveys":false,"footnotes":""},"categories":[25,30],"tags":[],"class_list":["post-82341","post","type-post","status-publish","format-standard","has-post-thumbnail","hentry","category-ama-motocross","category-ama-supercross"],"aioseo_notices":[],"_links":{"self":[{"href":"https:\/\/www.crossprensa.com.ar\/news\/wp-json\/wp\/v2\/posts\/82341","targetHints":{"allow":["GET"]}}],"collection":[{"href":"https:\/\/www.crossprensa.com.ar\/news\/wp-json\/wp\/v2\/posts"}],"about":[{"href":"https:\/\/www.crossprensa.com.ar\/news\/wp-json\/wp\/v2\/types\/post"}],"author":[{"embeddable":true,"href":"https:\/\/www.crossprensa.com.ar\/news\/wp-json\/wp\/v2\/users\/2"}],"replies":[{"embeddable":true,"href":"https:\/\/www.crossprensa.com.ar\/news\/wp-json\/wp\/v2\/comments?post=82341"}],"version-history":[{"count":1,"href":"https:\/\/www.crossprensa.com.ar\/news\/wp-json\/wp\/v2\/posts\/82341\/revisions"}],"predecessor-version":[{"id":82343,"href":"https:\/\/www.crossprensa.com.ar\/news\/wp-json\/wp\/v2\/posts\/82341\/revisions\/82343"}],"wp:featuredmedia":[{"embeddable":true,"href":"https:\/\/www.crossprensa.com.ar\/news\/wp-json\/wp\/v2\/media\/82342"}],"wp:attachment":[{"href":"https:\/\/www.crossprensa.com.ar\/news\/wp-json\/wp\/v2\/media?parent=82341"}],"wp:term":[{"taxonomy":"category","embeddable":true,"href":"https:\/\/www.crossprensa.com.ar\/news\/wp-json\/wp\/v2\/categories?post=82341"},{"taxonomy":"post_tag","embeddable":true,"href":"https:\/\/www.crossprensa.com.ar\/news\/wp-json\/wp\/v2\/tags?post=82341"}],"curies":[{"name":"wp","href":"https:\/\/api.w.org\/{rel}","templated":true}]}}