{"id":8158,"date":"2015-01-18T13:37:39","date_gmt":"2015-01-18T16:37:39","guid":{"rendered":"http:\/\/www.crossprensa.com.ar\/news\/?p=8158"},"modified":"2015-01-18T21:07:05","modified_gmt":"2015-01-19T00:07:05","slug":"bandera-negra-a-chad-reed","status":"publish","type":"post","link":"https:\/\/www.crossprensa.com.ar\/news\/bandera-negra-a-chad-reed\/sx\/","title":{"rendered":"Bandera Negra a CHAD REED."},"content":{"rendered":"<p>Esto va a traer cola, y comentarios toda la semana. Aqu\u00ed la palabra de los pilotos, los comisarios deportivos, y el video de ese momento crucial en la carrera, por la repercusi\u00f3n que ha tomado.<\/p>\n<p>Ser\u00e1 la \u00faltima vez?<\/p>\n<p><!--more--><\/p>\n<p>Tras el pol\u00e9mico incidente en la noche del s\u00e1bado en Anaheim,Trey Canard car en un salto sobre la parte trasera de la Kawasaki de Chad Reed, lo que deja a ambos en el piso, se levantan, vuelven a la pista, Reed lo espera a Canard y le pega con su moto por lo que Canard termina contra los fardos con un fuerte golpe. Aqu\u00ed leer\u00e1n que dijo Canard, que dijo Reed y la opini\u00f3n de John Gallager de la FIM (que tom\u00f3 la decisi\u00f3n de la bandera negra) y del Comisario de AMA, Kevin Crowther.<\/p>\n<p>\n<object width=\"620\" height=\"400\">\n<param name=\"movie\" value=\"http:\/\/www.youtube.com\/v\/i8mE8-6SX6A?version=3&amp;showinfo=0&amp;theme=light&amp;fs=0&amp;rel=0&amp;iv_load_policy=3&amp;modestbranding=1\"><\/param>\n<param name=\"allowScriptAccess\" value=\"always\"><\/param>\n<embed src=\"http:\/\/www.youtube.com\/v\/i8mE8-6SX6A?version=3&amp;showinfo=0&amp;theme=light&amp;fs=0&amp;rel=0&amp;iv_load_policy=3&amp;modestbranding=1\" type=\"application\/x-shockwave-flash\" allowScriptAccess=\"always\" width=\"620\" height=\"400\"><\/embed>\n<\/object>\n<\/p>\n<h3>\u00a0Trey Canard<\/h3>\n<blockquote><p>Noche frustrante. No tuve buenas largadas otra vez, pero igual creo que ven\u00eda manejando bien, y pude hacer buenos sobrepasos. Manejando por afuera y cerr\u00e1ndome en las curvas. Segu\u00ed a Reed una vuelta, y cuando salt\u00e9 el se cierra, y yo ven\u00eda en el aire, era imposible que renara y aterric\u00e9 justo en el asiento de su moto. Nos levantamos, salimos de nuevo, me estaba limpiando las antiparras empa\u00f1adas por transpiraci\u00f3n y recibo otro golpe que me hace caer muy fuerte. Volv\u00ed otra vez a la pista con la moto sin da\u00f1os, pero estaba demasiado lejos de la punta como para tomar riesgos. Estoy agradecido de haber terminado y estar sano.<\/p><\/blockquote>\n<p>&nbsp;<\/p>\n<p>\u00bfSab\u00edas qu\u00e9 pas\u00f3 con ese segundo accidente?<\/p>\n<p>&nbsp;<\/p>\n<blockquote><p>No, yo no ten\u00eda ni idea. Fue un incidente de carrera, por lo que estaba tratando de ir para adelante y minimizar los da\u00f1os. Me golpearon y me qued\u00e9 &#8230; .no lo pude anticipar en absoluto. Fui directamente contra un fardo de heno, sal\u00ed por arriba del manubrio en un salto mortal.<\/p><\/blockquote>\n<p>&nbsp;<\/p>\n<p>\u00bfHablaste con Chad?<\/p>\n<p>&nbsp;<\/p>\n<blockquote><p>Fui a hablar con \u00e9l despu\u00e9s de la carrera y le dije: &#8220;\u00bfPor qu\u00e9 hiciste eso?&#8221; \u00c9l dijo que yo era un idiota por saltar sobre \u00e9l, y le dije: &#8220;Amigo, no ten\u00eda intenci\u00f3n de hacer eso.&#8221; \u00c9l segu\u00eda despotricando y delirando, as\u00ed que le dije que era un llor\u00f3n, el mayor llor\u00f3n en el deporte, y me fui.<\/p><\/blockquote>\n<p>&nbsp;<\/p>\n<h3>Chad Reed<\/h3>\n<blockquote><p>En mi mente tengo que encaro el salto antes del \u00e1rea de los mec\u00e1nicos, que estaba en el interior, y, obviamente, al minuto siguiente estoy dando volteretas por la pista y Trey aterriz\u00f3 justo en la parte de atr\u00e1s de mi moto. As\u00ed que, s\u00ed, en este momento estoy bastante enojado y confundido acerca de lo que pas\u00f3. Ambos levantamos las motos y nos pusimos en marcha. No mir\u00e9 hacia atr\u00e1s para ver que pasaba ni nada de eso. Entonces veo de inmediato la bandera negro y yo me qued\u00e9 mudo, no sab\u00eda que pasaba, jam\u00e1s me hab\u00edan puesto una bandera negra antes, y sobre todo en una situaci\u00f3n como la que [ellos dicen que lo tir\u00e9] en una media vuelta [despu\u00e9s del incidente]. S\u00ed, admito que tir\u00e9 un codo, pero era una especie de &#8220;La p m que te F # $ &amp;&#8221; ese tipo de cosas, \u00bfsabes? &#8220;Eso es realmente lo que puedo decir. Estaba confundido, que me hayan exclu\u00eddo con bandera negra por ago que no pens\u00e9 que era tan malo.<\/p><\/blockquote>\n<p>&nbsp;<\/p>\n<p>\u00bfSab\u00edas qu\u00e9 hacer cuando viste la bandera en un principio?<\/p>\n<p>&nbsp;<\/p>\n<blockquote><p>Yo realmente no me detuve! Creo que hice una vuelta extra o dos vueltas, y toda la vuelta estaba como qued\u00e1ndome corto en los saltos y s\u00f3lo algo as\u00ed como &#8220;\u00bfEn serio? Esto est\u00e1 sucediendo? &#8220;Nunca me encontr\u00e9 a m\u00ed mismo en esa posici\u00f3n antes. Sal\u00ed de la pista y [el oficial FIM John] Gallagher no quiso hablar conmigo, yo estaba un poco disgustado con el. Ni siquiera estaba tan loco. A\u00fan as\u00ed estoy m\u00e1s confundido que estoy loco, yo espero que ellos para muestren video, supongo que tienen m\u00faltiples \u00e1ngulos, as\u00ed que voy a ver lo que tienen.<\/p><\/blockquote>\n<p>&nbsp;<\/p>\n<p>De modo que el codo contra Canard, \u00bfEst\u00e1s diciendo que no estaba puesto intencionalmente, &#8220;A este lo tiro afuera?&#8221;<\/p>\n<p>&nbsp;<\/p>\n<blockquote><p>No la verdad es que no &#8230; cuando regres\u00e9 aqu\u00ed vimos la televisi\u00f3n y con la c\u00e1mara lenta, estoy m\u00e1s confundido despu\u00e9s de verlo. \u00c9l est\u00e1 ajustando sus antiparras o hacer algo con su casco, \u00a0y de repente, todo lo que hizo fue simplemente irse ancho, lo empuj\u00e9 y se top\u00f3 con un fardo duro y cay\u00f3 al suelo. No fue que lo tir\u00e9 para que se quiebre No s\u00e9 &#8230; Es que &#8230; viendo la carrera hacia atr\u00e1s, veo a Barcia contra Seely que se dieron duro y parece que la carrera ha sido pr\u00e1cticamente un deporte de contacto \u00faltimamente, y de pronto se tome una decisi\u00f3n as\u00ed para darme una bandera negro\u2026 . Hasta que ellos no den su opini\u00f3n sobre esto, no s\u00e9 cu\u00e1l es mi posici\u00f3n.<\/p><\/blockquote>\n<p>&nbsp;<\/p>\n<p>Ustedes tuvieron un par de palabras despu\u00e9s?<\/p>\n<p>&nbsp;<\/p>\n<blockquote><p>Lo primero que Trey me dijo fue &#8220;\u00bfQu\u00e9 estabas pensando?&#8221; Y \u00e9l me tom\u00f3 un poco por sorpresa con eso porque yo estaba como &#8220;\u00bfQu\u00e9 estabaspensando? Saltaste sobre m\u00ed!. &#8220;As\u00ed que le dije: &#8221; \u00bfQu\u00e9 estabas pensando? &#8220;Y luego continu\u00f3 con&#8221; No eres m\u00e1s que un llor\u00f3n! &#8220;Y [se r\u00ede] Yo no ten\u00eda ni siquiera un aviso de que eso era gracioso. Mi pregunta es, si espero una vuelta o dos, y meto un codazo o una patada, \u00a0como todo el mundo lo hizo [esta noche] es que est\u00e1 bien? \u00bfEs s\u00f3lo porque lo hice justo en frente de la persona equivocada [Gallagher, FIM oficial]? Creo que \u00e9l tom\u00f3 una decisi\u00f3n emocional. Esta es la raz\u00f3n por la que deportes como la F\u00f3rmula 1 son profesionales. Usted los ve en la televisi\u00f3n y que dice en la parte inferior de la pantalla algo est\u00e1 bajo investigaci\u00f3n y que van a tomar una decisi\u00f3n despu\u00e9s de la carrera. \u00bfC\u00f3mo se apela algo cuando te sacan de una carrera? \u00bfQu\u00e9 van a hacer, ir a ponerme de nuevon en la clasificaci\u00f3n y dejarme en el 5 \u00b0 , 6 \u00b0 , 8 \u00b0 10 \u00b0 lugar si gano la apelaci\u00f3n? Es un poco est\u00fapido de su parte.<\/p><\/blockquote>\n<p>\u00bfC\u00f3mo fue la carrera?<\/p>\n<blockquote><p>\u00a0La moto iba mejor. Obviamente el \u00faltimo par de semanas han sido dif\u00edciles. He estado buscando respuestas, por alguna raz\u00f3n las cosas que estoy sintiendo en casa no las siento aqu\u00ed, o deber\u00eda decir que no me siento a gusto o como en casa. Ha sido un poco de disgusto, me siento desmotivado, aunque en la final ten\u00eda todo como para poder estar adeante, y volvi\u00f3 a mi la agresividad en el manejo, en res\u00famen hicimos buenos progresos esta noche, y por 5 minutos me sent\u00ed un hombre importante.<\/p><\/blockquote>\n<p>&nbsp;<\/p>\n<h3>Oficial FIM\u00a0 John Gallagher<\/h3>\n<blockquote><p>Se ve\u00eda como un incidente de carrera lo que pas\u00f3 entre Chad y Trey, y Trey cometi\u00f3 un error flagrante. Parec\u00eda que Trey estaba esperando que sucediera algo diferente a lo que sucedi\u00f3 cuando \u00e9l le caen encima a Reed en el salto. En mi opini\u00f3n, la elecci\u00f3n de Trey no fue una acci\u00f3n maliciosa. No era la elecci\u00f3n correcta, termin\u00f3 golpe\u00e1ndose. Cuando se levantaron, la elecci\u00f3n de Reed fue una elecci\u00f3n maliciosa. Trey estaba tratando de enderezar su manubrio, es lo que estaba tratando de hacer, circul\u00f3 en la parte superior de la curva, y Chad le peg\u00f3. \u00c9l lo lleva fuera de la pista, Trey se top\u00f3 con un bloque duro, y se cay\u00f3.<\/p><\/blockquote>\n<p>\u00bfD\u00f3nde est\u00e1s cuando se toma esta decisi\u00f3n? \u00bfC\u00f3mo funciona este proceso de poner la bandera negro?<\/p>\n<blockquote><p>\u00a0Tuvimos suerte porque ten\u00edamos muchas c\u00e1maras diferentes que de inmediato fueron a la repetici\u00f3n instant\u00e1nea en la pantalla grande. As\u00ed que adem\u00e1s de ver justo delante de m\u00ed en la torre donde estaba parado, lo mostraron en la repetici\u00f3n instant\u00e1nea. As\u00ed que no tuve que pedir ver una repetici\u00f3n, estaba justo all\u00ed. Por lo general ese es el caso.<\/p><\/blockquote>\n<p><strong>\u00a0[Oficial AMA Kevin Crowther]<\/strong><\/p>\n<p>Crowther, AMA: creo que este es un caso de que est\u00e1 diciendo, &#8220;\u00bfEso realmente sucedi\u00f3?&#8221; Y luego te ves la repetici\u00f3n y dices: &#8220;S\u00ed lo que realmente sucedi\u00f3.&#8221;<\/p>\n<p><strong>Gallagher, FIM:<\/strong> Nuestra mayor preocupaci\u00f3n es que, ya que Reed opt\u00f3 por una \u201cautosanci\u00f3n\u201d a Trey con el golpe, nos preguntamos, \u00bfes eso? O es que va a suceder cada vez que vea a Trey? Eso fue lo que nos llev\u00f3 a la bandera negra. No sabemos a d\u00f3nde iba a parar porque \u00e9l podr\u00eda tener una bronca que sigua golpeando. \u00c9l [Reed] me dijo que no estaba enojado con todos, pero me parec\u00eda que estaba condenadamente enojado.<\/p>\n<p><em>\u00a0Trey casi termina de contramano, \u00bfFue eso un factor? Eso fue en un muy mal lugar?<\/em><\/p>\n<p>Gallagher, FIM: Se acent\u00faa el problema de esa forma, pero la realidad es que no podemos tener pilotos que toman la ley en sus propias manos. No importa donde Trey termin\u00f3, \u00e9l no tendr\u00eda ning\u00fan control sobre el lugar donde Trey caer\u00eda.<\/p>\n<p>Crowther, AMA: creo que este incidente, vi\u00e9ndolo en directo, se reprodujo r\u00e1pidamente, todos lo vimos, la decisi\u00f3n obvia era la descalificaci\u00f3n. As\u00ed que en ese punto una descalificaci\u00f3n no se cambia. As\u00ed, con la preocupaci\u00f3n de que podr\u00eda haber m\u00e1s \u201cdevoluci\u00f3n de atenciones\u201d en la pista, como ya pas\u00f3 entre Jason Lawrence y Ryan Dungey en la calificaci\u00f3n de un par de a\u00f1os, cuando se decidi\u00f3 a sacar la bandera negra, decisi\u00f3n que apoyamos.<\/p>\n<p>Crowther, AMA: Es la \u00faltima cosa que quieres hacer, pero a veces se justifica. Y no es la primera vez que lo hacemos.<\/p>\n<p>&nbsp;<\/p>\n<p>Nota: RacerX.com<\/p>\n<p>Traducci\u00f3n y adaptaci\u00f3n: Crossprensa.<\/p>\n","protected":false},"excerpt":{"rendered":"<p>Esto va a traer cola, y comentarios toda la semana. Aqu\u00ed la palabra de los&#8230;<\/p>\n","protected":false},"author":2,"featured_media":0,"comment_status":"open","ping_status":"open","sticky":false,"template":"","format":"standard","meta":{"om_disable_all_campaigns":false,"_monsterinsights_skip_tracking":false,"_monsterinsights_sitenote_active":false,"_monsterinsights_sitenote_note":"","_monsterinsights_sitenote_category":0,"_uf_show_specific_survey":0,"_uf_disable_surveys":false,"footnotes":""},"categories":[8],"tags":[5],"class_list":["post-8158","post","type-post","status-publish","format-standard","hentry","category-sx","tag-slice"],"aioseo_notices":[],"_links":{"self":[{"href":"https:\/\/www.crossprensa.com.ar\/news\/wp-json\/wp\/v2\/posts\/8158","targetHints":{"allow":["GET"]}}],"collection":[{"href":"https:\/\/www.crossprensa.com.ar\/news\/wp-json\/wp\/v2\/posts"}],"about":[{"href":"https:\/\/www.crossprensa.com.ar\/news\/wp-json\/wp\/v2\/types\/post"}],"author":[{"embeddable":true,"href":"https:\/\/www.crossprensa.com.ar\/news\/wp-json\/wp\/v2\/users\/2"}],"replies":[{"embeddable":true,"href":"https:\/\/www.crossprensa.com.ar\/news\/wp-json\/wp\/v2\/comments?post=8158"}],"version-history":[{"count":2,"href":"https:\/\/www.crossprensa.com.ar\/news\/wp-json\/wp\/v2\/posts\/8158\/revisions"}],"predecessor-version":[{"id":8161,"href":"https:\/\/www.crossprensa.com.ar\/news\/wp-json\/wp\/v2\/posts\/8158\/revisions\/8161"}],"wp:attachment":[{"href":"https:\/\/www.crossprensa.com.ar\/news\/wp-json\/wp\/v2\/media?parent=8158"}],"wp:term":[{"taxonomy":"category","embeddable":true,"href":"https:\/\/www.crossprensa.com.ar\/news\/wp-json\/wp\/v2\/categories?post=8158"},{"taxonomy":"post_tag","embeddable":true,"href":"https:\/\/www.crossprensa.com.ar\/news\/wp-json\/wp\/v2\/tags?post=8158"}],"curies":[{"name":"wp","href":"https:\/\/api.w.org\/{rel}","templated":true}]}}