{"id":80814,"date":"2026-04-29T11:46:43","date_gmt":"2026-04-29T14:46:43","guid":{"rendered":"https:\/\/www.crossprensa.com.ar\/news\/?p=80814"},"modified":"2026-04-29T11:49:31","modified_gmt":"2026-04-29T14:49:31","slug":"rafaela-de-estreno","status":"publish","type":"post","link":"https:\/\/www.crossprensa.com.ar\/news\/rafaela-de-estreno\/mx-santa-fe\/","title":{"rendered":"RAFAELA DE ESTRENO!!!"},"content":{"rendered":"<p>Por fin se alinearon los planetas, el clima se puso de acuerdo con el Motocross, y los amigos de MX RAFAELA van a poder inaugurar su pista dentro del hist\u00f3rico y reconocido aut\u00f3dromo que administran otros amigos como lo son los de Atl\u00e9tico de Rafaela y su imponente \u00f3valo.<\/p>\n<p><!--more--><\/p>\n<p>Un predio enorme que permite pensar en grandes cosas tambi\u00e9n. Carreras provinciales seguro! Y el nacional?<\/p>\n<p>Veremos! por ahora son solo mis palabras, ojal\u00e1 Santa Fe vuelva a tener a los mejores del pa\u00eds en su tierra.<\/p>\n<p><img fetchpriority=\"high\" decoding=\"async\" class=\"alignnone size-full wp-image-80816\" src=\"https:\/\/www.crossprensa.com.ar\/news\/wp-content\/uploads\/2026\/04\/WhatsApp-Image-2026-04-28-at-14.08.59-1.jpeg\" alt=\"\" width=\"1600\" height=\"900\" srcset=\"https:\/\/www.crossprensa.com.ar\/news\/wp-content\/uploads\/2026\/04\/WhatsApp-Image-2026-04-28-at-14.08.59-1.jpeg 1600w, https:\/\/www.crossprensa.com.ar\/news\/wp-content\/uploads\/2026\/04\/WhatsApp-Image-2026-04-28-at-14.08.59-1-300x169.jpeg 300w, https:\/\/www.crossprensa.com.ar\/news\/wp-content\/uploads\/2026\/04\/WhatsApp-Image-2026-04-28-at-14.08.59-1-620x349.jpeg 620w, https:\/\/www.crossprensa.com.ar\/news\/wp-content\/uploads\/2026\/04\/WhatsApp-Image-2026-04-28-at-14.08.59-1-768x432.jpeg 768w, https:\/\/www.crossprensa.com.ar\/news\/wp-content\/uploads\/2026\/04\/WhatsApp-Image-2026-04-28-at-14.08.59-1-1536x864.jpeg 1536w, https:\/\/www.crossprensa.com.ar\/news\/wp-content\/uploads\/2026\/04\/WhatsApp-Image-2026-04-28-at-14.08.59-1-1024x576.jpeg 1024w\" sizes=\"(max-width: 1600px) 100vw, 1600px\" \/> <img decoding=\"async\" class=\"alignnone size-full wp-image-80817\" src=\"https:\/\/www.crossprensa.com.ar\/news\/wp-content\/uploads\/2026\/04\/WhatsApp-Image-2026-04-28-at-14.08.59-2.jpeg\" alt=\"\" width=\"1600\" height=\"900\" srcset=\"https:\/\/www.crossprensa.com.ar\/news\/wp-content\/uploads\/2026\/04\/WhatsApp-Image-2026-04-28-at-14.08.59-2.jpeg 1600w, https:\/\/www.crossprensa.com.ar\/news\/wp-content\/uploads\/2026\/04\/WhatsApp-Image-2026-04-28-at-14.08.59-2-300x169.jpeg 300w, https:\/\/www.crossprensa.com.ar\/news\/wp-content\/uploads\/2026\/04\/WhatsApp-Image-2026-04-28-at-14.08.59-2-620x349.jpeg 620w, https:\/\/www.crossprensa.com.ar\/news\/wp-content\/uploads\/2026\/04\/WhatsApp-Image-2026-04-28-at-14.08.59-2-768x432.jpeg 768w, https:\/\/www.crossprensa.com.ar\/news\/wp-content\/uploads\/2026\/04\/WhatsApp-Image-2026-04-28-at-14.08.59-2-1536x864.jpeg 1536w, https:\/\/www.crossprensa.com.ar\/news\/wp-content\/uploads\/2026\/04\/WhatsApp-Image-2026-04-28-at-14.08.59-2-1024x576.jpeg 1024w\" sizes=\"(max-width: 1600px) 100vw, 1600px\" \/><\/p>\n","protected":false},"excerpt":{"rendered":"<p>Por fin se alinearon los planetas, el clima se puso de acuerdo con el Motocross,&#8230;<\/p>\n","protected":false},"author":2,"featured_media":80815,"comment_status":"closed","ping_status":"closed","sticky":false,"template":"","format":"standard","meta":{"om_disable_all_campaigns":false,"_monsterinsights_skip_tracking":false,"_monsterinsights_sitenote_active":false,"_monsterinsights_sitenote_note":"","_monsterinsights_sitenote_category":0,"_uf_show_specific_survey":0,"_uf_disable_surveys":false,"footnotes":""},"categories":[98],"tags":[],"class_list":["post-80814","post","type-post","status-publish","format-standard","has-post-thumbnail","hentry","category-mx-santa-fe"],"aioseo_notices":[],"_links":{"self":[{"href":"https:\/\/www.crossprensa.com.ar\/news\/wp-json\/wp\/v2\/posts\/80814","targetHints":{"allow":["GET"]}}],"collection":[{"href":"https:\/\/www.crossprensa.com.ar\/news\/wp-json\/wp\/v2\/posts"}],"about":[{"href":"https:\/\/www.crossprensa.com.ar\/news\/wp-json\/wp\/v2\/types\/post"}],"author":[{"embeddable":true,"href":"https:\/\/www.crossprensa.com.ar\/news\/wp-json\/wp\/v2\/users\/2"}],"replies":[{"embeddable":true,"href":"https:\/\/www.crossprensa.com.ar\/news\/wp-json\/wp\/v2\/comments?post=80814"}],"version-history":[{"count":1,"href":"https:\/\/www.crossprensa.com.ar\/news\/wp-json\/wp\/v2\/posts\/80814\/revisions"}],"predecessor-version":[{"id":80818,"href":"https:\/\/www.crossprensa.com.ar\/news\/wp-json\/wp\/v2\/posts\/80814\/revisions\/80818"}],"wp:featuredmedia":[{"embeddable":true,"href":"https:\/\/www.crossprensa.com.ar\/news\/wp-json\/wp\/v2\/media\/80815"}],"wp:attachment":[{"href":"https:\/\/www.crossprensa.com.ar\/news\/wp-json\/wp\/v2\/media?parent=80814"}],"wp:term":[{"taxonomy":"category","embeddable":true,"href":"https:\/\/www.crossprensa.com.ar\/news\/wp-json\/wp\/v2\/categories?post=80814"},{"taxonomy":"post_tag","embeddable":true,"href":"https:\/\/www.crossprensa.com.ar\/news\/wp-json\/wp\/v2\/tags?post=80814"}],"curies":[{"name":"wp","href":"https:\/\/api.w.org\/{rel}","templated":true}]}}