{"id":80777,"date":"2026-04-27T05:23:00","date_gmt":"2026-04-27T08:23:00","guid":{"rendered":"https:\/\/www.crossprensa.com.ar\/news\/?p=80777"},"modified":"2026-04-27T05:23:00","modified_gmt":"2026-04-27T08:23:00","slug":"mx-del-noa-un-exito-en-la-rioja","status":"publish","type":"post","link":"https:\/\/www.crossprensa.com.ar\/news\/mx-del-noa-un-exito-en-la-rioja\/sin-categoria\/","title":{"rendered":"MX DEL NOA: UN EXITO EN LA RIOJA!"},"content":{"rendered":"<p>Y por fin parece pisar fuerte una zona del pa\u00eds que merece por tradici\u00f3n y calidad de protagonistas, tener un campeonato grande en cantidad de pilotos. De la mano de Sebasti\u00e1n Troncoso que es el representante de Camod en esa zona del pa\u00eds, sac\u00f3 adelante una carrera con una gran concurrencia de protagonistas y p\u00fablico!<\/p>\n<p><!--more--><\/p>\n<p>La Rioja Capital, tuvo un protagonismo enorme en el comienzo de este campeonato Riojano y del NOA, que con 80 motos inscriptas tiene un promisorio futuro para sacar adelante el motocross sin lugar a dudas. Pilotos de varias provincias, much\u00edsimo publico haciendo de marco a una gran carrera, que en Solar del Este tuvieron un escenario de lujo.<\/p>\n<p>Aqu\u00ed, todos los resultados:<\/p>\n<p><img fetchpriority=\"high\" decoding=\"async\" class=\"alignnone size-full wp-image-80779\" src=\"https:\/\/www.crossprensa.com.ar\/news\/wp-content\/uploads\/2026\/04\/WhatsApp-Image-2026-04-26-at-22.18.08-4.jpeg\" alt=\"\" width=\"960\" height=\"1280\" srcset=\"https:\/\/www.crossprensa.com.ar\/news\/wp-content\/uploads\/2026\/04\/WhatsApp-Image-2026-04-26-at-22.18.08-4.jpeg 960w, https:\/\/www.crossprensa.com.ar\/news\/wp-content\/uploads\/2026\/04\/WhatsApp-Image-2026-04-26-at-22.18.08-4-225x300.jpeg 225w, https:\/\/www.crossprensa.com.ar\/news\/wp-content\/uploads\/2026\/04\/WhatsApp-Image-2026-04-26-at-22.18.08-4-300x400.jpeg 300w, https:\/\/www.crossprensa.com.ar\/news\/wp-content\/uploads\/2026\/04\/WhatsApp-Image-2026-04-26-at-22.18.08-4-768x1024.jpeg 768w\" sizes=\"(max-width: 960px) 100vw, 960px\" \/><\/p>\n<p><strong>Mx1<\/strong><br \/>\nAlejandro Notario<br \/>\nAdolfo Scaglioni<br \/>\nAngel Ruarte<\/p>\n<p><img decoding=\"async\" class=\"alignnone size-full wp-image-80784\" src=\"https:\/\/www.crossprensa.com.ar\/news\/wp-content\/uploads\/2026\/04\/WhatsApp-Image-2026-04-26-at-22.18.08.jpeg\" alt=\"\" width=\"960\" height=\"1280\" srcset=\"https:\/\/www.crossprensa.com.ar\/news\/wp-content\/uploads\/2026\/04\/WhatsApp-Image-2026-04-26-at-22.18.08.jpeg 960w, https:\/\/www.crossprensa.com.ar\/news\/wp-content\/uploads\/2026\/04\/WhatsApp-Image-2026-04-26-at-22.18.08-225x300.jpeg 225w, https:\/\/www.crossprensa.com.ar\/news\/wp-content\/uploads\/2026\/04\/WhatsApp-Image-2026-04-26-at-22.18.08-300x400.jpeg 300w, https:\/\/www.crossprensa.com.ar\/news\/wp-content\/uploads\/2026\/04\/WhatsApp-Image-2026-04-26-at-22.18.08-768x1024.jpeg 768w\" sizes=\"(max-width: 960px) 100vw, 960px\" \/><br \/>\n<strong>Mx2<\/strong><br \/>\nFederico Manrique<br \/>\nEmiliano Carabajal<br \/>\nFacundo Perea<\/p>\n<p><img decoding=\"async\" class=\"alignnone size-full wp-image-80781\" src=\"https:\/\/www.crossprensa.com.ar\/news\/wp-content\/uploads\/2026\/04\/WhatsApp-Image-2026-04-26-at-22.18.07.jpeg\" alt=\"\" width=\"960\" height=\"1280\" srcset=\"https:\/\/www.crossprensa.com.ar\/news\/wp-content\/uploads\/2026\/04\/WhatsApp-Image-2026-04-26-at-22.18.07.jpeg 960w, https:\/\/www.crossprensa.com.ar\/news\/wp-content\/uploads\/2026\/04\/WhatsApp-Image-2026-04-26-at-22.18.07-225x300.jpeg 225w, https:\/\/www.crossprensa.com.ar\/news\/wp-content\/uploads\/2026\/04\/WhatsApp-Image-2026-04-26-at-22.18.07-300x400.jpeg 300w, https:\/\/www.crossprensa.com.ar\/news\/wp-content\/uploads\/2026\/04\/WhatsApp-Image-2026-04-26-at-22.18.07-768x1024.jpeg 768w\" sizes=\"(max-width: 960px) 100vw, 960px\" \/><br \/>\n<strong>Damas A<\/strong><br \/>\nGuadalupe Luna<br \/>\nGuillermina Vega Cajal<br \/>\nNaty Scaglioni<br \/>\n<strong>Damas B<\/strong><br \/>\nCamila Strada<br \/>\nLurdes Luna<br \/>\nLara Quinteros<br \/>\n<strong>Promo B<\/strong><br \/>\nBruno Carrizo<br \/>\nMartin Avila<br \/>\nEmanuel Suarez<br \/>\n<strong>Promo A<\/strong><br \/>\nJunior Alanche<br \/>\nJuan Moreno<br \/>\nAntonio de Carlo<br \/>\n<strong>85 A<\/strong><br \/>\nSalvador Romero<br \/>\nTurbito Herrera<br \/>\nFacundo Perea<br \/>\n<strong>105cc<\/strong><br \/>\nTurbito Herrera<br \/>\nFacu Bazan<br \/>\nSalvador Romero<\/p>\n<p><img loading=\"lazy\" decoding=\"async\" class=\"alignnone size-full wp-image-80780\" src=\"https:\/\/www.crossprensa.com.ar\/news\/wp-content\/uploads\/2026\/04\/WhatsApp-Image-2026-04-26-at-22.18.08-3.jpeg\" alt=\"\" width=\"960\" height=\"1280\" srcset=\"https:\/\/www.crossprensa.com.ar\/news\/wp-content\/uploads\/2026\/04\/WhatsApp-Image-2026-04-26-at-22.18.08-3.jpeg 960w, https:\/\/www.crossprensa.com.ar\/news\/wp-content\/uploads\/2026\/04\/WhatsApp-Image-2026-04-26-at-22.18.08-3-225x300.jpeg 225w, https:\/\/www.crossprensa.com.ar\/news\/wp-content\/uploads\/2026\/04\/WhatsApp-Image-2026-04-26-at-22.18.08-3-300x400.jpeg 300w, https:\/\/www.crossprensa.com.ar\/news\/wp-content\/uploads\/2026\/04\/WhatsApp-Image-2026-04-26-at-22.18.08-3-768x1024.jpeg 768w\" sizes=\"(max-width: 960px) 100vw, 960px\" \/><\/p>\n<p><strong>Junior<\/strong><br \/>\nBenjamin Ruarte<br \/>\nJuan Conteras<br \/>\nBrain Pacheco<\/p>\n<p><img loading=\"lazy\" decoding=\"async\" class=\"alignnone size-full wp-image-80782\" src=\"https:\/\/www.crossprensa.com.ar\/news\/wp-content\/uploads\/2026\/04\/WhatsApp-Image-2026-04-26-at-22.18.08-2.jpeg\" alt=\"\" width=\"960\" height=\"1280\" srcset=\"https:\/\/www.crossprensa.com.ar\/news\/wp-content\/uploads\/2026\/04\/WhatsApp-Image-2026-04-26-at-22.18.08-2.jpeg 960w, https:\/\/www.crossprensa.com.ar\/news\/wp-content\/uploads\/2026\/04\/WhatsApp-Image-2026-04-26-at-22.18.08-2-225x300.jpeg 225w, https:\/\/www.crossprensa.com.ar\/news\/wp-content\/uploads\/2026\/04\/WhatsApp-Image-2026-04-26-at-22.18.08-2-300x400.jpeg 300w, https:\/\/www.crossprensa.com.ar\/news\/wp-content\/uploads\/2026\/04\/WhatsApp-Image-2026-04-26-at-22.18.08-2-768x1024.jpeg 768w\" sizes=\"(max-width: 960px) 100vw, 960px\" \/><\/p>\n<p><strong>Mx3 B<\/strong><br \/>\nAbel Torres<br \/>\nJulio Mezher<br \/>\nMario Larcher<\/p>\n<p><img loading=\"lazy\" decoding=\"async\" class=\"alignnone size-full wp-image-80783\" src=\"https:\/\/www.crossprensa.com.ar\/news\/wp-content\/uploads\/2026\/04\/WhatsApp-Image-2026-04-26-at-22.18.09.jpeg\" alt=\"\" width=\"960\" height=\"1280\" srcset=\"https:\/\/www.crossprensa.com.ar\/news\/wp-content\/uploads\/2026\/04\/WhatsApp-Image-2026-04-26-at-22.18.09.jpeg 960w, https:\/\/www.crossprensa.com.ar\/news\/wp-content\/uploads\/2026\/04\/WhatsApp-Image-2026-04-26-at-22.18.09-225x300.jpeg 225w, https:\/\/www.crossprensa.com.ar\/news\/wp-content\/uploads\/2026\/04\/WhatsApp-Image-2026-04-26-at-22.18.09-300x400.jpeg 300w, https:\/\/www.crossprensa.com.ar\/news\/wp-content\/uploads\/2026\/04\/WhatsApp-Image-2026-04-26-at-22.18.09-768x1024.jpeg 768w\" sizes=\"(max-width: 960px) 100vw, 960px\" \/><br \/>\n<strong>Mx 3 C<\/strong><br \/>\nRicardo Mira<br \/>\nMarcelo Herrera<br \/>\nMarcelo Vera<br \/>\n<strong>Mx 3 D<\/strong><br \/>\nDario Ovejero<br \/>\nRaul Serpa<br \/>\nHugo Carrizo<br \/>\n<strong>Enduro Libre<\/strong><br \/>\nSantiago Romero<br \/>\nDaniel Bali\u00f1o<br \/>\nEmi Guzman<br \/>\n<strong>65cc<\/strong><br \/>\nTobias Ruarte<br \/>\nAramiz Blazquez<br \/>\nSantiago Sosa<br \/>\n<strong>55cc<\/strong><br \/>\nFrau Leon<br \/>\nIsaias Bordoba<br \/>\nBenicio Cordoba<br \/>\nValentin Quinteros<\/p>\n<p><strong>PROXIMA FECHA:<\/strong><br \/>\n30 31 mayo Catamarca.<\/p>\n","protected":false},"excerpt":{"rendered":"<p>Y por fin parece pisar fuerte una zona del pa\u00eds que merece por tradici\u00f3n y&#8230;<\/p>\n","protected":false},"author":2,"featured_media":80778,"comment_status":"closed","ping_status":"closed","sticky":false,"template":"","format":"standard","meta":{"om_disable_all_campaigns":false,"_monsterinsights_skip_tracking":false,"_monsterinsights_sitenote_active":false,"_monsterinsights_sitenote_note":"","_monsterinsights_sitenote_category":0,"_uf_show_specific_survey":0,"_uf_disable_surveys":false,"footnotes":""},"categories":[1],"tags":[],"class_list":["post-80777","post","type-post","status-publish","format-standard","has-post-thumbnail","hentry","category-sin-categoria"],"aioseo_notices":[],"_links":{"self":[{"href":"https:\/\/www.crossprensa.com.ar\/news\/wp-json\/wp\/v2\/posts\/80777","targetHints":{"allow":["GET"]}}],"collection":[{"href":"https:\/\/www.crossprensa.com.ar\/news\/wp-json\/wp\/v2\/posts"}],"about":[{"href":"https:\/\/www.crossprensa.com.ar\/news\/wp-json\/wp\/v2\/types\/post"}],"author":[{"embeddable":true,"href":"https:\/\/www.crossprensa.com.ar\/news\/wp-json\/wp\/v2\/users\/2"}],"replies":[{"embeddable":true,"href":"https:\/\/www.crossprensa.com.ar\/news\/wp-json\/wp\/v2\/comments?post=80777"}],"version-history":[{"count":1,"href":"https:\/\/www.crossprensa.com.ar\/news\/wp-json\/wp\/v2\/posts\/80777\/revisions"}],"predecessor-version":[{"id":80785,"href":"https:\/\/www.crossprensa.com.ar\/news\/wp-json\/wp\/v2\/posts\/80777\/revisions\/80785"}],"wp:featuredmedia":[{"embeddable":true,"href":"https:\/\/www.crossprensa.com.ar\/news\/wp-json\/wp\/v2\/media\/80778"}],"wp:attachment":[{"href":"https:\/\/www.crossprensa.com.ar\/news\/wp-json\/wp\/v2\/media?parent=80777"}],"wp:term":[{"taxonomy":"category","embeddable":true,"href":"https:\/\/www.crossprensa.com.ar\/news\/wp-json\/wp\/v2\/categories?post=80777"},{"taxonomy":"post_tag","embeddable":true,"href":"https:\/\/www.crossprensa.com.ar\/news\/wp-json\/wp\/v2\/tags?post=80777"}],"curies":[{"name":"wp","href":"https:\/\/api.w.org\/{rel}","templated":true}]}}