{"id":80590,"date":"2026-04-08T20:32:10","date_gmt":"2026-04-08T23:32:10","guid":{"rendered":"https:\/\/www.crossprensa.com.ar\/news\/?p=80590"},"modified":"2026-04-08T20:55:22","modified_gmt":"2026-04-08T23:55:22","slug":"mx-argentino-confirmado-dolores-bs-as-sera-la-segunda-fecha-2026","status":"publish","type":"post","link":"https:\/\/www.crossprensa.com.ar\/news\/mx-argentino-confirmado-dolores-bs-as-sera-la-segunda-fecha-2026\/mx-argentino\/","title":{"rendered":"MX ARGENTINO: CONFIRMADO, DOLORES (Bs. As.) ser\u00e1 la segunda fecha 2026!"},"content":{"rendered":"<p class=\"fparrafo ctext fz18 lh25\">El intendente Juan Pablo Garc\u00eda encabez\u00f3 la firma del acta de inicio de obra para la ampliaci\u00f3n y renovaci\u00f3n del Aut\u00f3dromo Municipal \u201cMiguel \u00c1ngel Atauri\u201d, un proyecto clave para el desarrollo deportivo, tur\u00edstico y econ\u00f3mico de Dolores. Este lugar lleva el hist\u00f3rico nombre de Miguel A. Atauri, ex piloto del TC.<\/p>\n<p><!--more--><\/p>\n<p><img fetchpriority=\"high\" decoding=\"async\" class=\"alignnone size-full wp-image-80444\" src=\"https:\/\/www.crossprensa.com.ar\/news\/wp-content\/uploads\/2026\/03\/mxargneuquen.gif\" alt=\"\" width=\"1200\" height=\"100\" \/><\/p>\n<p>&nbsp;<\/p>\n<p>Ya se viene trabajando y mucho para que Dolores sea un punto referencial del automovilismo y motociclismo a nivel nacional. El a\u00f1o pasado inauguraron la pista de motocross y la definici\u00f3n positiva para la realizaci\u00f3n del MX Argentino sin dudas que pone un brillo especial a todo este trabajo que acompa\u00f1aremos desde Crossprensa!<\/p>\n<p>En breve, mas novedades!!!<\/p>\n<p><iframe style=\"border: 0;\" src=\"https:\/\/www.google.com\/maps\/embed?pb=!1m18!1m12!1m3!1d8545.084113362675!2d-57.707034775302986!3d-36.3292837344596!2m3!1f0!2f0!3f0!3m2!1i1024!2i768!4f13.1!3m3!1m2!1s0x95999ef324b74c79%3A0x7ecee7f0d685cec6!2sAut%C3%B3dromo%20Ciudad%20de%20Dolores!5e1!3m2!1ses-419!2sar!4v1775691084262!5m2!1ses-419!2sar\" width=\"600\" height=\"450\" allowfullscreen=\"allowfullscreen\"><\/iframe><\/p>\n","protected":false},"excerpt":{"rendered":"<p>El intendente Juan Pablo Garc\u00eda encabez\u00f3 la firma del acta de inicio de obra para&#8230;<\/p>\n","protected":false},"author":2,"featured_media":80591,"comment_status":"closed","ping_status":"closed","sticky":false,"template":"","format":"standard","meta":{"om_disable_all_campaigns":false,"_monsterinsights_skip_tracking":false,"_monsterinsights_sitenote_active":false,"_monsterinsights_sitenote_note":"","_monsterinsights_sitenote_category":0,"_uf_show_specific_survey":0,"_uf_disable_surveys":false,"footnotes":""},"categories":[27],"tags":[],"class_list":["post-80590","post","type-post","status-publish","format-standard","has-post-thumbnail","hentry","category-mx-argentino"],"aioseo_notices":[],"_links":{"self":[{"href":"https:\/\/www.crossprensa.com.ar\/news\/wp-json\/wp\/v2\/posts\/80590","targetHints":{"allow":["GET"]}}],"collection":[{"href":"https:\/\/www.crossprensa.com.ar\/news\/wp-json\/wp\/v2\/posts"}],"about":[{"href":"https:\/\/www.crossprensa.com.ar\/news\/wp-json\/wp\/v2\/types\/post"}],"author":[{"embeddable":true,"href":"https:\/\/www.crossprensa.com.ar\/news\/wp-json\/wp\/v2\/users\/2"}],"replies":[{"embeddable":true,"href":"https:\/\/www.crossprensa.com.ar\/news\/wp-json\/wp\/v2\/comments?post=80590"}],"version-history":[{"count":4,"href":"https:\/\/www.crossprensa.com.ar\/news\/wp-json\/wp\/v2\/posts\/80590\/revisions"}],"predecessor-version":[{"id":80595,"href":"https:\/\/www.crossprensa.com.ar\/news\/wp-json\/wp\/v2\/posts\/80590\/revisions\/80595"}],"wp:featuredmedia":[{"embeddable":true,"href":"https:\/\/www.crossprensa.com.ar\/news\/wp-json\/wp\/v2\/media\/80591"}],"wp:attachment":[{"href":"https:\/\/www.crossprensa.com.ar\/news\/wp-json\/wp\/v2\/media?parent=80590"}],"wp:term":[{"taxonomy":"category","embeddable":true,"href":"https:\/\/www.crossprensa.com.ar\/news\/wp-json\/wp\/v2\/categories?post=80590"},{"taxonomy":"post_tag","embeddable":true,"href":"https:\/\/www.crossprensa.com.ar\/news\/wp-json\/wp\/v2\/tags?post=80590"}],"curies":[{"name":"wp","href":"https:\/\/api.w.org\/{rel}","templated":true}]}}