{"id":80586,"date":"2026-04-08T19:50:39","date_gmt":"2026-04-08T22:50:39","guid":{"rendered":"https:\/\/www.crossprensa.com.ar\/news\/?p=80586"},"modified":"2026-04-08T21:10:14","modified_gmt":"2026-04-09T00:10:14","slug":"mx-argentino-confirmado-el-tigre-felipe-con-husqvarna-en-2026","status":"publish","type":"post","link":"https:\/\/www.crossprensa.com.ar\/news\/mx-argentino-confirmado-el-tigre-felipe-con-husqvarna-en-2026\/mx-argentino\/","title":{"rendered":"MX ARGENTINO: CONFIRMADO, EL TIGRE FELIPE CON HUSQVARNA EN 2026!!!"},"content":{"rendered":"<p>El piloto cordob\u00e9s, de Villa Mar\u00eda mas exactamente que el a\u00f1o anterior fue 3ro. en la MX1 en el Campeonato Argentino, fue observado atentamente por la gente de Husqvarna que viendo el enorme potencial de EL TIGRE decide subirlo a una FC450 que estar\u00e1 atendida por el impecable trabajo de Armando Lelli (H).<\/p>\n<p><!--more--><\/p>\n<p><img fetchpriority=\"high\" decoding=\"async\" class=\"alignnone size-full wp-image-80295\" src=\"https:\/\/www.crossprensa.com.ar\/news\/wp-content\/uploads\/2026\/03\/labou.gif\" alt=\"\" width=\"1200\" height=\"100\" \/><\/p>\n<p><a href=\"https:\/\/www.instagram.com\/detroit_motor_company\/\"><img decoding=\"async\" class=\"alignnone wp-image-80571 size-full\" src=\"https:\/\/www.crossprensa.com.ar\/news\/wp-content\/uploads\/2026\/04\/detroitktm.gif\" alt=\"\" width=\"1200\" height=\"100\" \/><\/a><\/p>\n<p>Neuqu\u00e9n lo ver\u00e1 debutar sobre la marca europea (Si bien no es la primera europea que va a usar porque all\u00e1 por 2005 corr\u00eda con KTM en 125cc.), ahora estar\u00e1 con una moto potencialmente ganadora y con un piloto de los que no se rinde nunca en busca de la velocidad y la excelencia.<\/p>\n<p>La Barda ser\u00e1 testigo de un fin de semana espectacular con mucho motocross del mejor de Argentina.<\/p>\n<p>Te lo vas a perder?<\/p>\n<p><a href=\"https:\/\/www.instagram.com\/kawasaki.pizzuti\/\"><img decoding=\"async\" class=\"alignnone wp-image-79702 size-full\" src=\"https:\/\/www.crossprensa.com.ar\/news\/wp-content\/uploads\/2026\/01\/Pizzuti.gif\" alt=\"\" width=\"1200\" height=\"100\" \/><\/a><\/p>\n<p>Y de paso&#8230; ya compraste tus entradas anticipadas? Click abajo!<\/p>\n<p><a href=\"https:\/\/www.protickets.com.ar\/event\/campeonato-argentino-de-motocross\"><img loading=\"lazy\" decoding=\"async\" class=\"alignnone wp-image-80587 size-full\" src=\"https:\/\/www.crossprensa.com.ar\/news\/wp-content\/uploads\/2026\/04\/2806d1a5-6e31-4290-9174-5802aa745900-motocross-presskit-protickets1920x720-bannerprinc.jpg\" alt=\"\" width=\"1920\" height=\"720\" srcset=\"https:\/\/www.crossprensa.com.ar\/news\/wp-content\/uploads\/2026\/04\/2806d1a5-6e31-4290-9174-5802aa745900-motocross-presskit-protickets1920x720-bannerprinc.jpg 1920w, https:\/\/www.crossprensa.com.ar\/news\/wp-content\/uploads\/2026\/04\/2806d1a5-6e31-4290-9174-5802aa745900-motocross-presskit-protickets1920x720-bannerprinc-300x113.jpg 300w, https:\/\/www.crossprensa.com.ar\/news\/wp-content\/uploads\/2026\/04\/2806d1a5-6e31-4290-9174-5802aa745900-motocross-presskit-protickets1920x720-bannerprinc-620x233.jpg 620w, https:\/\/www.crossprensa.com.ar\/news\/wp-content\/uploads\/2026\/04\/2806d1a5-6e31-4290-9174-5802aa745900-motocross-presskit-protickets1920x720-bannerprinc-768x288.jpg 768w, https:\/\/www.crossprensa.com.ar\/news\/wp-content\/uploads\/2026\/04\/2806d1a5-6e31-4290-9174-5802aa745900-motocross-presskit-protickets1920x720-bannerprinc-1536x576.jpg 1536w, https:\/\/www.crossprensa.com.ar\/news\/wp-content\/uploads\/2026\/04\/2806d1a5-6e31-4290-9174-5802aa745900-motocross-presskit-protickets1920x720-bannerprinc-1024x384.jpg 1024w\" sizes=\"(max-width: 1920px) 100vw, 1920px\" \/><\/a><\/p>\n<p>&nbsp;<\/p>\n","protected":false},"excerpt":{"rendered":"<p>El piloto cordob\u00e9s, de Villa Mar\u00eda mas exactamente que el a\u00f1o anterior fue 3ro. en&#8230;<\/p>\n","protected":false},"author":2,"featured_media":80588,"comment_status":"closed","ping_status":"closed","sticky":false,"template":"","format":"standard","meta":{"om_disable_all_campaigns":false,"_monsterinsights_skip_tracking":false,"_monsterinsights_sitenote_active":false,"_monsterinsights_sitenote_note":"","_monsterinsights_sitenote_category":0,"_uf_show_specific_survey":0,"_uf_disable_surveys":false,"footnotes":""},"categories":[27],"tags":[],"class_list":["post-80586","post","type-post","status-publish","format-standard","has-post-thumbnail","hentry","category-mx-argentino"],"aioseo_notices":[],"_links":{"self":[{"href":"https:\/\/www.crossprensa.com.ar\/news\/wp-json\/wp\/v2\/posts\/80586","targetHints":{"allow":["GET"]}}],"collection":[{"href":"https:\/\/www.crossprensa.com.ar\/news\/wp-json\/wp\/v2\/posts"}],"about":[{"href":"https:\/\/www.crossprensa.com.ar\/news\/wp-json\/wp\/v2\/types\/post"}],"author":[{"embeddable":true,"href":"https:\/\/www.crossprensa.com.ar\/news\/wp-json\/wp\/v2\/users\/2"}],"replies":[{"embeddable":true,"href":"https:\/\/www.crossprensa.com.ar\/news\/wp-json\/wp\/v2\/comments?post=80586"}],"version-history":[{"count":2,"href":"https:\/\/www.crossprensa.com.ar\/news\/wp-json\/wp\/v2\/posts\/80586\/revisions"}],"predecessor-version":[{"id":80597,"href":"https:\/\/www.crossprensa.com.ar\/news\/wp-json\/wp\/v2\/posts\/80586\/revisions\/80597"}],"wp:featuredmedia":[{"embeddable":true,"href":"https:\/\/www.crossprensa.com.ar\/news\/wp-json\/wp\/v2\/media\/80588"}],"wp:attachment":[{"href":"https:\/\/www.crossprensa.com.ar\/news\/wp-json\/wp\/v2\/media?parent=80586"}],"wp:term":[{"taxonomy":"category","embeddable":true,"href":"https:\/\/www.crossprensa.com.ar\/news\/wp-json\/wp\/v2\/categories?post=80586"},{"taxonomy":"post_tag","embeddable":true,"href":"https:\/\/www.crossprensa.com.ar\/news\/wp-json\/wp\/v2\/tags?post=80586"}],"curies":[{"name":"wp","href":"https:\/\/api.w.org\/{rel}","templated":true}]}}