{"id":80515,"date":"2026-04-02T10:33:48","date_gmt":"2026-04-02T13:33:48","guid":{"rendered":"https:\/\/www.crossprensa.com.ar\/news\/?p=80515"},"modified":"2026-04-02T10:33:48","modified_gmt":"2026-04-02T13:33:48","slug":"mxgp-sorpresa-zanchi-se-sube-a-la-ducati-450","status":"publish","type":"post","link":"https:\/\/www.crossprensa.com.ar\/news\/mxgp-sorpresa-zanchi-se-sube-a-la-ducati-450\/mxgp\/","title":{"rendered":"MXGP: SORPRESA! Zanchi se sube a la Ducati 450!"},"content":{"rendered":"<p><strong>\u00abUna decisi\u00f3n tomada tras varias conversaciones internas con el equipo\u00bb: Ferruccio Zanchi asciende a MXGP, aqu\u00ed los detalles.<\/strong><\/p>\n<p><!--more--><\/p>\n<p>El regreso a las carreras, con un ascenso de la categor\u00eda 250 a la reina: <strong>Ducati y Beddini Racing<\/strong> han decidido ascender a <strong>Ferruccio Zanchi<\/strong> a partir de la que ser\u00e1 su primera prueba de 2026. Tras perderse las tres primeras carreras del Campeonato del Mundo de MX2, Zanchi competir\u00e1 en la categor\u00eda MXGP durante el resto de la temporada. Su debut tendr\u00e1 lugar <strong>el primer fin de semana italiano de la temporada de Motocross, programado para el 11 y 12 de abril en Riola Sardo, Cerde\u00f1a.<\/strong><\/p>\n<p><strong>Un nuevo cap\u00edtulo.<\/strong><br \/>\nBeddini Racing explic\u00f3 la situaci\u00f3n actual en un breve comunicado. \u00abEsta decisi\u00f3n se tom\u00f3 tras varias conversaciones internas con el equipo\u00bb, reza el comunicado. \u00abCreemos que este nuevo reto permitir\u00e1 a Ferruccio Zanchi adaptarse m\u00e1s r\u00e1pidamente y adquirir una valiosa experiencia al m\u00e1s alto nivel. Comienza un nuevo cap\u00edtulo\u00bb. Un paso adelante inesperado, dado que Ferruccio Zanchi estaba destinado a ser una pieza clave del proyecto MX2 de Ducati en el Campeonato Mundial de Motocross. Sin embargo, una ca\u00edda durante un entrenamiento antes de la primera fecha en Argentina lo mantuvo fuera de competici\u00f3n hasta ahora (junto con Bonacorsi en MXGP, quien ha estado de baja desde una grave ca\u00edda en la primera prueba en Bariloche).<\/p>\n<p><a href=\"https:\/\/www.instagram.com\/sport_motors27\/\"><img fetchpriority=\"high\" decoding=\"async\" class=\"alignnone wp-image-79746 size-full\" src=\"https:\/\/www.crossprensa.com.ar\/news\/wp-content\/uploads\/2026\/01\/ducati.gif\" alt=\"\" width=\"1200\" height=\"100\" \/><\/a><\/p>\n<p>Su regreso ya estaba confirmado para la primera prueba de MX en Italia. Lo que no se esperaba era el salto de categor\u00eda: despedirse de la Desmo250 MX sin siquiera estrenarla en la categor\u00eda del campeonato mundial, en favor de la Desmo450 MX a partir de la prueba de Riola Sardo, seguida de Pietramurata y luego todas las carreras restantes del calendario. Una decisi\u00f3n sorprendente dentro del equipo de una marca que ha tenido dificultades hasta ahora en el inicio de la temporada 2026, con la \u00fanica alegr\u00eda en la EMX250 gracias al resultado de Simone Mancini en Suiza. \u00bfSupondr\u00e1 esto un mayor impulso para el proyecto Desmo MX en el Campeonato Mundial? El tiempo lo dir\u00e1. Por ahora, no pierdan de vista las pr\u00f3ximas carreras: se avecina una doble jornada italiana y los equipos italianos querr\u00e1n causar una buena impresi\u00f3n.<\/p>\n","protected":false},"excerpt":{"rendered":"<p>\u00abUna decisi\u00f3n tomada tras varias conversaciones internas con el equipo\u00bb: Ferruccio Zanchi asciende a MXGP,&#8230;<\/p>\n","protected":false},"author":2,"featured_media":80516,"comment_status":"closed","ping_status":"closed","sticky":false,"template":"","format":"standard","meta":{"om_disable_all_campaigns":false,"_monsterinsights_skip_tracking":false,"_monsterinsights_sitenote_active":false,"_monsterinsights_sitenote_note":"","_monsterinsights_sitenote_category":0,"_uf_show_specific_survey":0,"_uf_disable_surveys":false,"footnotes":""},"categories":[24],"tags":[],"class_list":["post-80515","post","type-post","status-publish","format-standard","has-post-thumbnail","hentry","category-mxgp"],"aioseo_notices":[],"_links":{"self":[{"href":"https:\/\/www.crossprensa.com.ar\/news\/wp-json\/wp\/v2\/posts\/80515","targetHints":{"allow":["GET"]}}],"collection":[{"href":"https:\/\/www.crossprensa.com.ar\/news\/wp-json\/wp\/v2\/posts"}],"about":[{"href":"https:\/\/www.crossprensa.com.ar\/news\/wp-json\/wp\/v2\/types\/post"}],"author":[{"embeddable":true,"href":"https:\/\/www.crossprensa.com.ar\/news\/wp-json\/wp\/v2\/users\/2"}],"replies":[{"embeddable":true,"href":"https:\/\/www.crossprensa.com.ar\/news\/wp-json\/wp\/v2\/comments?post=80515"}],"version-history":[{"count":1,"href":"https:\/\/www.crossprensa.com.ar\/news\/wp-json\/wp\/v2\/posts\/80515\/revisions"}],"predecessor-version":[{"id":80517,"href":"https:\/\/www.crossprensa.com.ar\/news\/wp-json\/wp\/v2\/posts\/80515\/revisions\/80517"}],"wp:featuredmedia":[{"embeddable":true,"href":"https:\/\/www.crossprensa.com.ar\/news\/wp-json\/wp\/v2\/media\/80516"}],"wp:attachment":[{"href":"https:\/\/www.crossprensa.com.ar\/news\/wp-json\/wp\/v2\/media?parent=80515"}],"wp:term":[{"taxonomy":"category","embeddable":true,"href":"https:\/\/www.crossprensa.com.ar\/news\/wp-json\/wp\/v2\/categories?post=80515"},{"taxonomy":"post_tag","embeddable":true,"href":"https:\/\/www.crossprensa.com.ar\/news\/wp-json\/wp\/v2\/tags?post=80515"}],"curies":[{"name":"wp","href":"https:\/\/api.w.org\/{rel}","templated":true}]}}