{"id":80512,"date":"2026-04-02T10:21:14","date_gmt":"2026-04-02T13:21:14","guid":{"rendered":"https:\/\/www.crossprensa.com.ar\/news\/?p=80512"},"modified":"2026-04-02T10:21:14","modified_gmt":"2026-04-02T13:21:14","slug":"ama-sx-plessinger-fuera-de-carrera","status":"publish","type":"post","link":"https:\/\/www.crossprensa.com.ar\/news\/ama-sx-plessinger-fuera-de-carrera\/ama-motocross\/","title":{"rendered":"AMA SX: PLESSINGER FUERA DE CARRERA!"},"content":{"rendered":"<p>Y por todo lo que resta de la temporada&#8230; Lamentablemente el piloto oficial de KTM en USA, tuvo un muy fuerte golpe en la cadera que no le permitir\u00e1 volver por las 5 carreras que faltan para terminar el campeonato 2026, y centrar\u00e1 su recuperaci\u00f3n y entrenamiento en el PRO MOTOCROSS.<\/p>\n<p><!--more--><\/p>\n<p>COMUNICADO OFICIAL:<\/p>\n<div class=\"detail shorttext\"><span dir=\"auto\">Es probable que Aaron Plessinger, piloto del equipo Red Bull KTM Factory Racing, no pueda participar en las fechas restantes del Campeonato AMA Supercross 2026 debido a una lesi\u00f3n en la cadera, con el objetivo de recuperar su plena forma f\u00edsica antes de volver a la competici\u00f3n.<\/span><\/div>\n<div class=\"detail text-long\"><span dir=\"auto\">Plessinger no particip\u00f3 en Detroit el fin de semana pasado con la intenci\u00f3n de regresar a tiempo para la carrera 12 en St. Louis, sin embargo, las evaluaciones m\u00e9dicas de esta semana confirmaron un desgarro del labrum de la cadera que requerir\u00e1 tratamiento intensivo durante las pr\u00f3ximas semanas para sanar correctamente.<\/span><\/p>\n<p><span dir=\"auto\">Como resultado, se ha tomado la decisi\u00f3n junto con el equipo de que Plessinger se concentre en su recuperaci\u00f3n durante un per\u00edodo prolongado. Si no puede regresar antes del final del Supercross, que tiene seis carreras restantes, la atenci\u00f3n se centrar\u00e1 en el Pro Motocross.<\/span><\/p>\n<p><span dir=\"auto\">El Cowboy ha tenido unas semanas complicadas en 450SX, con fuertes ca\u00eddas tanto en las fechas de Indian\u00e1polis como de Birmingham, antes de optar por no participar en Detroit. Actualmente ocupa el puesto 12 en la clasificaci\u00f3n, obteniendo su mejor resultado de la temporada con un sexto lugar en Daytona.<\/span><\/p>\n<p><strong><span dir=\"auto\">Aaron Plessinger:\u00a0<\/span><\/strong><em><span dir=\"auto\">\u201cHan sido unas semanas dif\u00edciles con varias ca\u00eddas importantes en la pista y, digamos, que mi cadera en particular \u2014as\u00ed como mi mu\u00f1eca, rodilla, brazo y hombro\u2014 me est\u00e1n pidiendo a gritos que me den m\u00e1s tiempo para sanar. Una resonancia magn\u00e9tica esta semana confirma que tengo un desgarro del labrum en la cadera, adem\u00e1s de estar muy r\u00edgido y dolorido, con muchos moretones. La idea de saber que probablemente no correr\u00e9 las carreras restantes me decepciona mucho porque el equipo se ha esforzado much\u00edsimo esta temporada para que me sienta bien, as\u00ed que no poder estar presente para ellos es un golpe duro para todos, porque todos trabajan muy duro. Pero el equipo tambi\u00e9n apoya que no corra al 50%; estamos de acuerdo en que necesito dar lo mejor de m\u00ed. Me centrar\u00e9 en recuperarme bien con la intenci\u00f3n de volver tan pronto como est\u00e9 en forma y saludable para hacerlo.\u201d<\/span><\/em><\/div>\n","protected":false},"excerpt":{"rendered":"<p>Y por todo lo que resta de la temporada&#8230; Lamentablemente el piloto oficial de KTM&#8230;<\/p>\n","protected":false},"author":2,"featured_media":80513,"comment_status":"closed","ping_status":"closed","sticky":false,"template":"","format":"standard","meta":{"om_disable_all_campaigns":false,"_monsterinsights_skip_tracking":false,"_monsterinsights_sitenote_active":false,"_monsterinsights_sitenote_note":"","_monsterinsights_sitenote_category":0,"_uf_show_specific_survey":0,"_uf_disable_surveys":false,"footnotes":""},"categories":[25,30],"tags":[],"class_list":["post-80512","post","type-post","status-publish","format-standard","has-post-thumbnail","hentry","category-ama-motocross","category-ama-supercross"],"aioseo_notices":[],"_links":{"self":[{"href":"https:\/\/www.crossprensa.com.ar\/news\/wp-json\/wp\/v2\/posts\/80512","targetHints":{"allow":["GET"]}}],"collection":[{"href":"https:\/\/www.crossprensa.com.ar\/news\/wp-json\/wp\/v2\/posts"}],"about":[{"href":"https:\/\/www.crossprensa.com.ar\/news\/wp-json\/wp\/v2\/types\/post"}],"author":[{"embeddable":true,"href":"https:\/\/www.crossprensa.com.ar\/news\/wp-json\/wp\/v2\/users\/2"}],"replies":[{"embeddable":true,"href":"https:\/\/www.crossprensa.com.ar\/news\/wp-json\/wp\/v2\/comments?post=80512"}],"version-history":[{"count":1,"href":"https:\/\/www.crossprensa.com.ar\/news\/wp-json\/wp\/v2\/posts\/80512\/revisions"}],"predecessor-version":[{"id":80514,"href":"https:\/\/www.crossprensa.com.ar\/news\/wp-json\/wp\/v2\/posts\/80512\/revisions\/80514"}],"wp:featuredmedia":[{"embeddable":true,"href":"https:\/\/www.crossprensa.com.ar\/news\/wp-json\/wp\/v2\/media\/80513"}],"wp:attachment":[{"href":"https:\/\/www.crossprensa.com.ar\/news\/wp-json\/wp\/v2\/media?parent=80512"}],"wp:term":[{"taxonomy":"category","embeddable":true,"href":"https:\/\/www.crossprensa.com.ar\/news\/wp-json\/wp\/v2\/categories?post=80512"},{"taxonomy":"post_tag","embeddable":true,"href":"https:\/\/www.crossprensa.com.ar\/news\/wp-json\/wp\/v2\/tags?post=80512"}],"curies":[{"name":"wp","href":"https:\/\/api.w.org\/{rel}","templated":true}]}}