{"id":80439,"date":"2026-03-26T18:29:41","date_gmt":"2026-03-26T21:29:41","guid":{"rendered":"https:\/\/www.crossprensa.com.ar\/news\/?p=80439"},"modified":"2026-03-26T19:30:52","modified_gmt":"2026-03-26T22:30:52","slug":"ama-supercross-detroit-este-sabado-horarios","status":"publish","type":"post","link":"https:\/\/www.crossprensa.com.ar\/news\/ama-supercross-detroit-este-sabado-horarios\/ama-motocross\/","title":{"rendered":"AMA SUPERCROSS: DETROIT ESTE S\u00c1BADO! HORARIOS."},"content":{"rendered":"<p>La fecha 11 se correr\u00e1 en una ic\u00f3nica ciudad norteamericana como Detroit, capital del autom\u00f3vil y su industria centralizada ah\u00ed hasta los a\u00f1os 90.<\/p>\n<p>En esta carrera, se empezar\u00e1 a ver un poco m\u00e1s claro el panorama? Por ahora la gran novedad, es que Sexton estar\u00e1 de vuelta sobre su Kawasaki despu\u00e9s de perderse 3 carreras consecutivas.<\/p>\n<p><!--more--><\/p>\n<p><a href=\"https:\/\/www.rvm.com.ar\/motos\/\"><img fetchpriority=\"high\" decoding=\"async\" class=\"alignnone wp-image-80440 size-full\" src=\"https:\/\/www.crossprensa.com.ar\/news\/wp-content\/uploads\/2026\/03\/rvm.gif\" alt=\"\" width=\"1200\" height=\"100\" \/><\/a><\/p>\n<p>Despu\u00e9s de una m\u00ednimamente rara carrera en la fecha anterior, y no por los resultados sino por las circunstancias que ya les contamos en notas anteriores, esperamos por otra noche apasionante este S\u00e1bado!<\/p>\n<p>Desde las 13 Hs. de Argentina, van a comenzar los entrenamientos y clasificaciones.<\/p>\n<p><a href=\"https:\/\/www.maxxis.com.ar\/\"><img decoding=\"async\" class=\"alignnone wp-image-80361 size-full\" src=\"https:\/\/www.crossprensa.com.ar\/news\/wp-content\/uploads\/2026\/03\/maxxismcg.gif\" alt=\"\" width=\"1200\" height=\"100\" \/><\/a><\/p>\n<p>A partir de la hora 20 de Argentina, comenzaremos a vivir otro cap\u00edtulo de esta apasionante historia con el AMA SUPERCROSS 2026! Se lo van a perder?<\/p>\n<p>Foto: VitalMX.<\/p>\n<p><span style=\"color: #ffff00;\"><em><strong>Y si quer\u00e9s estar en alguna de estas carreras hac\u00e9 CLICK sobre el banner que busques para m\u00e1s informaci\u00f3n!<\/strong><\/em><\/span><\/p>\n<p><a href=\"https:\/\/www.instagram.com\/motocrossclubnqn\/\"><img decoding=\"async\" class=\"alignnone wp-image-80158 size-full\" src=\"https:\/\/www.crossprensa.com.ar\/news\/wp-content\/uploads\/2026\/02\/neuquen.gif\" alt=\"\" width=\"1200\" height=\"100\" \/><\/a><\/p>\n<p><a href=\"https:\/\/www.instagram.com\/quadcross.cordobes\/\"><img loading=\"lazy\" decoding=\"async\" class=\"alignnone wp-image-80325 size-full\" src=\"https:\/\/www.crossprensa.com.ar\/news\/wp-content\/uploads\/2026\/03\/quadcross.gif\" alt=\"\" width=\"1200\" height=\"100\" \/><\/a><\/p>\n<p><a href=\"https:\/\/www.instagram.com\/motocrossclubnqn\/\"><img loading=\"lazy\" decoding=\"async\" class=\"alignnone wp-image-80444 size-full\" src=\"https:\/\/www.crossprensa.com.ar\/news\/wp-content\/uploads\/2026\/03\/mxargneuquen.gif\" alt=\"\" width=\"1200\" height=\"100\" \/><\/a><\/p>\n<p><a href=\"https:\/\/www.instagram.com\/mxcordobes\/\"><img loading=\"lazy\" decoding=\"async\" class=\"alignnone wp-image-80295 size-full\" src=\"https:\/\/www.crossprensa.com.ar\/news\/wp-content\/uploads\/2026\/03\/labou.gif\" alt=\"\" width=\"1200\" height=\"100\" \/><\/a><\/p>\n<p><a href=\"https:\/\/www.instagram.com\/mxsantafesino\/\"><img loading=\"lazy\" decoding=\"async\" class=\"alignnone wp-image-80448 size-full\" src=\"https:\/\/www.crossprensa.com.ar\/news\/wp-content\/uploads\/2026\/03\/mxsantafesinocda1-1.gif\" alt=\"\" width=\"1200\" height=\"100\" \/><\/a><\/p>\n<p>&nbsp;<\/p>\n<p>&nbsp;<\/p>\n","protected":false},"excerpt":{"rendered":"<p>La fecha 11 se correr\u00e1 en una ic\u00f3nica ciudad norteamericana como Detroit, capital del autom\u00f3vil&#8230;<\/p>\n","protected":false},"author":2,"featured_media":80441,"comment_status":"closed","ping_status":"closed","sticky":false,"template":"","format":"standard","meta":{"om_disable_all_campaigns":false,"_monsterinsights_skip_tracking":false,"_monsterinsights_sitenote_active":false,"_monsterinsights_sitenote_note":"","_monsterinsights_sitenote_category":0,"_uf_show_specific_survey":0,"_uf_disable_surveys":false,"footnotes":""},"categories":[25,30],"tags":[],"class_list":["post-80439","post","type-post","status-publish","format-standard","has-post-thumbnail","hentry","category-ama-motocross","category-ama-supercross"],"aioseo_notices":[],"_links":{"self":[{"href":"https:\/\/www.crossprensa.com.ar\/news\/wp-json\/wp\/v2\/posts\/80439","targetHints":{"allow":["GET"]}}],"collection":[{"href":"https:\/\/www.crossprensa.com.ar\/news\/wp-json\/wp\/v2\/posts"}],"about":[{"href":"https:\/\/www.crossprensa.com.ar\/news\/wp-json\/wp\/v2\/types\/post"}],"author":[{"embeddable":true,"href":"https:\/\/www.crossprensa.com.ar\/news\/wp-json\/wp\/v2\/users\/2"}],"replies":[{"embeddable":true,"href":"https:\/\/www.crossprensa.com.ar\/news\/wp-json\/wp\/v2\/comments?post=80439"}],"version-history":[{"count":6,"href":"https:\/\/www.crossprensa.com.ar\/news\/wp-json\/wp\/v2\/posts\/80439\/revisions"}],"predecessor-version":[{"id":80452,"href":"https:\/\/www.crossprensa.com.ar\/news\/wp-json\/wp\/v2\/posts\/80439\/revisions\/80452"}],"wp:featuredmedia":[{"embeddable":true,"href":"https:\/\/www.crossprensa.com.ar\/news\/wp-json\/wp\/v2\/media\/80441"}],"wp:attachment":[{"href":"https:\/\/www.crossprensa.com.ar\/news\/wp-json\/wp\/v2\/media?parent=80439"}],"wp:term":[{"taxonomy":"category","embeddable":true,"href":"https:\/\/www.crossprensa.com.ar\/news\/wp-json\/wp\/v2\/categories?post=80439"},{"taxonomy":"post_tag","embeddable":true,"href":"https:\/\/www.crossprensa.com.ar\/news\/wp-json\/wp\/v2\/tags?post=80439"}],"curies":[{"name":"wp","href":"https:\/\/api.w.org\/{rel}","templated":true}]}}