{"id":80430,"date":"2026-03-26T08:29:30","date_gmt":"2026-03-26T11:29:30","guid":{"rendered":"https:\/\/www.crossprensa.com.ar\/news\/?p=80430"},"modified":"2026-03-26T08:29:30","modified_gmt":"2026-03-26T11:29:30","slug":"vuelve-sexton-este-fin-de-semana-en-detroit","status":"publish","type":"post","link":"https:\/\/www.crossprensa.com.ar\/news\/vuelve-sexton-este-fin-de-semana-en-detroit\/ama-motocross\/","title":{"rendered":"VUELVE SEXTON ESTE FIN DE SEMANA EN DETROIT"},"content":{"rendered":"<p>Chase Sexton vuelve a correr este pr\u00f3ximo S\u00e1bado luego de haberse lesionado en un entrenamiento entre carreras, y por esto se perdi\u00f3 las carreras de Daytona, Indian\u00e1polis y Birmigham.<\/p>\n<p><!--more--><\/p>\n<p>Durante este per\u00edodo de obligada ausencia, el equipo Kawasaki sigui\u00f3 trabajando sobre la moto de Sexton, pero con Kyle Chisholm con el que quisieron asegurar que la moto evolucione y el #4 vuelva a la pista con una moto mucho mejor de lo que tuvo hasta ahora.<\/p>\n<p><img fetchpriority=\"high\" decoding=\"async\" class=\"alignnone size-full wp-image-80433\" src=\"https:\/\/www.crossprensa.com.ar\/news\/wp-content\/uploads\/2026\/03\/2026-Arlington-Supercross_Chase-Sexton-0717.jpg\" alt=\"\" width=\"1280\" height=\"853\" srcset=\"https:\/\/www.crossprensa.com.ar\/news\/wp-content\/uploads\/2026\/03\/2026-Arlington-Supercross_Chase-Sexton-0717.jpg 1280w, https:\/\/www.crossprensa.com.ar\/news\/wp-content\/uploads\/2026\/03\/2026-Arlington-Supercross_Chase-Sexton-0717-300x200.jpg 300w, https:\/\/www.crossprensa.com.ar\/news\/wp-content\/uploads\/2026\/03\/2026-Arlington-Supercross_Chase-Sexton-0717-600x400.jpg 600w, https:\/\/www.crossprensa.com.ar\/news\/wp-content\/uploads\/2026\/03\/2026-Arlington-Supercross_Chase-Sexton-0717-768x512.jpg 768w, https:\/\/www.crossprensa.com.ar\/news\/wp-content\/uploads\/2026\/03\/2026-Arlington-Supercross_Chase-Sexton-0717-1024x682.jpg 1024w\" sizes=\"(max-width: 1280px) 100vw, 1280px\" \/><\/p>\n<p><span class=\"hover:entity-accent entity-underline inline cursor-pointer align-baseline\"><span class=\"whitespace-normal\"><span dir=\"auto\">Chase Sexton<\/span><\/span><\/span><span dir=\"auto\">\u00a0ha tenido un comienzo dif\u00edcil adapt\u00e1ndose al<\/span><span class=\"hover:entity-accent entity-underline inline cursor-pointer align-baseline\"><span class=\"whitespace-normal\"><span dir=\"auto\">\u00a0programa Monster Energy Kawasaki<\/span><\/span><\/span><span dir=\"auto\"> , y la transici\u00f3n no ha sido tan natural como muchos esperaban. Si bien conserva su velocidad pura, los resultados han sido inconsistentes, ya que Sexton sigue buscando comodidad y confianza sobre la moto. Peque\u00f1as diferencias en la configuraci\u00f3n y en la ejecuci\u00f3n durante las carreras le han impedido aprovechar al m\u00e1ximo su potencial, lo que ha resultado en resultados que no reflejan del todo su capacidad. Dicho esto, es evidente que el ritmo est\u00e1 cerca, y una vez que todo encaje, tiene la capacidad de volver a estar en la cabeza. Hasta ahora logr\u00f3 una victoria en 2026, en Anaheim 2.<\/span><\/p>\n<p><img decoding=\"async\" class=\"alignnone size-full wp-image-79484\" src=\"https:\/\/www.crossprensa.com.ar\/news\/wp-content\/uploads\/2026\/01\/Familia-KX_1200x100px.gif\" alt=\"\" width=\"1200\" height=\"100\" \/><\/p>\n","protected":false},"excerpt":{"rendered":"<p>Chase Sexton vuelve a correr este pr\u00f3ximo S\u00e1bado luego de haberse lesionado en un entrenamiento&#8230;<\/p>\n","protected":false},"author":2,"featured_media":80432,"comment_status":"closed","ping_status":"closed","sticky":false,"template":"","format":"standard","meta":{"om_disable_all_campaigns":false,"_monsterinsights_skip_tracking":false,"_monsterinsights_sitenote_active":false,"_monsterinsights_sitenote_note":"","_monsterinsights_sitenote_category":0,"_uf_show_specific_survey":0,"_uf_disable_surveys":false,"footnotes":""},"categories":[25,30],"tags":[],"class_list":["post-80430","post","type-post","status-publish","format-standard","has-post-thumbnail","hentry","category-ama-motocross","category-ama-supercross"],"aioseo_notices":[],"_links":{"self":[{"href":"https:\/\/www.crossprensa.com.ar\/news\/wp-json\/wp\/v2\/posts\/80430","targetHints":{"allow":["GET"]}}],"collection":[{"href":"https:\/\/www.crossprensa.com.ar\/news\/wp-json\/wp\/v2\/posts"}],"about":[{"href":"https:\/\/www.crossprensa.com.ar\/news\/wp-json\/wp\/v2\/types\/post"}],"author":[{"embeddable":true,"href":"https:\/\/www.crossprensa.com.ar\/news\/wp-json\/wp\/v2\/users\/2"}],"replies":[{"embeddable":true,"href":"https:\/\/www.crossprensa.com.ar\/news\/wp-json\/wp\/v2\/comments?post=80430"}],"version-history":[{"count":1,"href":"https:\/\/www.crossprensa.com.ar\/news\/wp-json\/wp\/v2\/posts\/80430\/revisions"}],"predecessor-version":[{"id":80434,"href":"https:\/\/www.crossprensa.com.ar\/news\/wp-json\/wp\/v2\/posts\/80430\/revisions\/80434"}],"wp:featuredmedia":[{"embeddable":true,"href":"https:\/\/www.crossprensa.com.ar\/news\/wp-json\/wp\/v2\/media\/80432"}],"wp:attachment":[{"href":"https:\/\/www.crossprensa.com.ar\/news\/wp-json\/wp\/v2\/media?parent=80430"}],"wp:term":[{"taxonomy":"category","embeddable":true,"href":"https:\/\/www.crossprensa.com.ar\/news\/wp-json\/wp\/v2\/categories?post=80430"},{"taxonomy":"post_tag","embeddable":true,"href":"https:\/\/www.crossprensa.com.ar\/news\/wp-json\/wp\/v2\/tags?post=80430"}],"curies":[{"name":"wp","href":"https:\/\/api.w.org\/{rel}","templated":true}]}}