{"id":80426,"date":"2026-03-26T07:45:14","date_gmt":"2026-03-26T10:45:14","guid":{"rendered":"https:\/\/www.crossprensa.com.ar\/news\/?p=80426"},"modified":"2026-03-26T07:45:14","modified_gmt":"2026-03-26T10:45:14","slug":"neuquen-no-se-detiene","status":"publish","type":"post","link":"https:\/\/www.crossprensa.com.ar\/news\/neuquen-no-se-detiene\/mx-patagonico\/","title":{"rendered":"NEUQUEN NO SE DETIENE!!!"},"content":{"rendered":"<p>Y as\u00ed como siempre lo decimos en Crossprensa, NO SE DETIENE, as\u00ed son los amigos del Motocross Club Neuqu\u00e9n. Terminaron una exitos\u00edsima temporada de Supercross, para ya pensar en el arranque del campeonato del Sur de la Rep\u00fablica pero como previa al MX Argentino que organizan para Abril!!!<\/p>\n<p>Da placer y son un ejemplo a seguir, verlos trabajar de esa forma y con tanta pasi\u00f3n!<\/p>\n<p><!--more--><\/p>\n<p>El Motocross Club Neuqu\u00e9n se encuentra ultimando detalles para lo que ser\u00e1 la primera fecha del Campeonato Sur de la Rep\u00fablica, que se disputar\u00e1 en el tradicional circuito \u201cColiseo de La Barda\u201d, en la ciudad de Neuqu\u00e9n.<\/p>\n<p>La competencia marcar\u00e1 el inicio de la temporada y ser\u00e1, adem\u00e1s, la antesala del Campeonato Argentino de Motocross, cuya primera fecha se correr\u00e1 el 11 y 12 de abril tambi\u00e9n en suelo neuquino, posicionando a la provincia como uno de los epicentros del motociclismo nacional.<\/p>\n<p>Desde la organizaci\u00f3n destacaron principalmente los trabajos realizados en la ampliaci\u00f3n de boxes, en respuesta a la gran concurrencia de pilotos y equipos prevista para esta fecha. En cuanto al trazado, se\u00f1alaron que mantiene una base similar a la del a\u00f1o pasado, incorporando algunas variantes que lo vuelven m\u00e1s trabado y t\u00e9cnico, elevando el nivel de exigencia para los pilotos.<\/p>\n<p>La actividad comenzar\u00e1 el s\u00e1bado desde las 13:00 horas, con dos tandas de entrenamientos y la clasificaci\u00f3n. En tanto, el domingo la jornada se iniciar\u00e1 a las 9:30 horas, con un entrenamiento y luego el desarrollo de las dos mangas.<\/p>\n<p><img fetchpriority=\"high\" decoding=\"async\" class=\"size-full wp-image-80428 aligncenter\" src=\"https:\/\/www.crossprensa.com.ar\/news\/wp-content\/uploads\/2026\/03\/WhatsApp-Image-2026-03-25-at-12.40.34.jpeg\" alt=\"\" width=\"770\" height=\"433\" srcset=\"https:\/\/www.crossprensa.com.ar\/news\/wp-content\/uploads\/2026\/03\/WhatsApp-Image-2026-03-25-at-12.40.34.jpeg 770w, https:\/\/www.crossprensa.com.ar\/news\/wp-content\/uploads\/2026\/03\/WhatsApp-Image-2026-03-25-at-12.40.34-300x169.jpeg 300w, https:\/\/www.crossprensa.com.ar\/news\/wp-content\/uploads\/2026\/03\/WhatsApp-Image-2026-03-25-at-12.40.34-620x349.jpeg 620w, https:\/\/www.crossprensa.com.ar\/news\/wp-content\/uploads\/2026\/03\/WhatsApp-Image-2026-03-25-at-12.40.34-768x432.jpeg 768w\" sizes=\"(max-width: 770px) 100vw, 770px\" \/><\/p>\n<p>Se espera la presencia de m\u00e1s de 100 motos, con destacados pilotos de la categor\u00eda MX1 como Agust\u00edn Carrasco, Pablo Galletta, Leo D\u00edaz, Santiago Montero y Nahuel Kriger, quienes ser\u00e1n protagonistas de un fin de semana que promete ser apasionante.<\/p>\n<p>Las entradas se vender\u00e1n en puerta, con un valor de $20.000.<\/p>\n<p>El Motocross Club Neuqu\u00e9n invita a disfrutar de dos jornadas a puro deporte motor, en un evento que dar\u00e1 inicio a un calendario cargado de acci\u00f3n y que reafirma el crecimiento del motocross en la regi\u00f3n.<\/p>\n<blockquote class=\"instagram-media\" style=\"background: #FFF; border: 0; border-radius: 3px; box-shadow: 0 0 1px 0 rgba(0,0,0,0.5),0 1px 10px 0 rgba(0,0,0,0.15); margin: 1px; max-width: 540px; min-width: 326px; padding: 0; width: calc(100% - 2px);\" data-instgrm-captioned=\"\" data-instgrm-permalink=\"https:\/\/www.instagram.com\/reel\/DWWBVzhjnDC\/?utm_source=ig_embed&amp;utm_campaign=loading\" data-instgrm-version=\"14\">\n<div style=\"padding: 16px;\">\n<p>&nbsp;<\/p>\n<div style=\"display: flex; flex-direction: row; align-items: center;\">\n<div style=\"background-color: #f4f4f4; border-radius: 50%; flex-grow: 0; height: 40px; margin-right: 14px; width: 40px;\"><\/div>\n<div style=\"display: flex; flex-direction: column; flex-grow: 1; justify-content: center;\">\n<div style=\"background-color: #f4f4f4; border-radius: 4px; flex-grow: 0; height: 14px; margin-bottom: 6px; width: 100px;\"><\/div>\n<div style=\"background-color: #f4f4f4; border-radius: 4px; flex-grow: 0; height: 14px; width: 60px;\"><\/div>\n<\/div>\n<\/div>\n<div style=\"padding: 19% 0;\"><\/div>\n<div style=\"display: block; height: 50px; margin: 0 auto 12px; width: 50px;\"><\/div>\n<div style=\"padding-top: 8px;\">\n<div style=\"color: #3897f0; font-family: Arial,sans-serif; font-size: 14px; font-style: normal; font-weight: 550; line-height: 18px;\">Ver esta publicaci\u00f3n en Instagram<\/div>\n<\/div>\n<div style=\"padding: 12.5% 0;\"><\/div>\n<div style=\"display: flex; flex-direction: row; margin-bottom: 14px; align-items: center;\">\n<div>\n<div style=\"background-color: #f4f4f4; border-radius: 50%; height: 12.5px; width: 12.5px; transform: translateX(0px) translateY(7px);\"><\/div>\n<div style=\"background-color: #f4f4f4; height: 12.5px; transform: rotate(-45deg) translateX(3px) translateY(1px); width: 12.5px; flex-grow: 0; margin-right: 14px; margin-left: 2px;\"><\/div>\n<div style=\"background-color: #f4f4f4; border-radius: 50%; height: 12.5px; width: 12.5px; transform: translateX(9px) translateY(-18px);\"><\/div>\n<\/div>\n<div style=\"margin-left: 8px;\">\n<div style=\"background-color: #f4f4f4; border-radius: 50%; flex-grow: 0; height: 20px; width: 20px;\"><\/div>\n<div style=\"width: 0; height: 0; border-top: 2px solid transparent; border-left: 6px solid #f4f4f4; border-bottom: 2px solid transparent; transform: translateX(16px) translateY(-4px) rotate(30deg);\"><\/div>\n<\/div>\n<div style=\"margin-left: auto;\">\n<div style=\"width: 0px; border-top: 8px solid #F4F4F4; border-right: 8px solid transparent; transform: translateY(16px);\"><\/div>\n<div style=\"background-color: #f4f4f4; flex-grow: 0; height: 12px; width: 16px; transform: translateY(-4px);\"><\/div>\n<div style=\"width: 0; height: 0; border-top: 8px solid #F4F4F4; border-left: 8px solid transparent; transform: translateY(-4px) translateX(8px);\"><\/div>\n<\/div>\n<\/div>\n<div style=\"display: flex; flex-direction: column; flex-grow: 1; justify-content: center; margin-bottom: 24px;\">\n<div style=\"background-color: #f4f4f4; border-radius: 4px; flex-grow: 0; height: 14px; margin-bottom: 6px; width: 224px;\"><\/div>\n<div style=\"background-color: #f4f4f4; border-radius: 4px; flex-grow: 0; height: 14px; width: 144px;\"><\/div>\n<\/div>\n<p>&nbsp;<\/p>\n<p style=\"color: #c9c8cd; font-family: Arial,sans-serif; font-size: 14px; line-height: 17px; margin-bottom: 0; margin-top: 8px; overflow: hidden; padding: 8px 0 7px; text-align: center; text-overflow: ellipsis; white-space: nowrap;\"><a style=\"color: #c9c8cd; font-family: Arial,sans-serif; font-size: 14px; font-style: normal; font-weight: normal; line-height: 17px; text-decoration: none;\" href=\"https:\/\/www.instagram.com\/reel\/DWWBVzhjnDC\/?utm_source=ig_embed&amp;utm_campaign=loading\" target=\"_blank\" rel=\"noopener\">Una publicaci\u00f3n compartida de Crossprensa Argentina (@crossprensa.argentina)<\/a><\/p>\n<\/div>\n<\/blockquote>\n<p><script async src=\"\/\/www.instagram.com\/embed.js\"><\/script><\/p>\n","protected":false},"excerpt":{"rendered":"<p>Y as\u00ed como siempre lo decimos en Crossprensa, NO SE DETIENE, as\u00ed son los amigos&#8230;<\/p>\n","protected":false},"author":2,"featured_media":80427,"comment_status":"closed","ping_status":"closed","sticky":false,"template":"","format":"standard","meta":{"om_disable_all_campaigns":false,"_monsterinsights_skip_tracking":false,"_monsterinsights_sitenote_active":false,"_monsterinsights_sitenote_note":"","_monsterinsights_sitenote_category":0,"_uf_show_specific_survey":0,"_uf_disable_surveys":false,"footnotes":""},"categories":[45],"tags":[],"class_list":["post-80426","post","type-post","status-publish","format-standard","has-post-thumbnail","hentry","category-mx-patagonico"],"aioseo_notices":[],"_links":{"self":[{"href":"https:\/\/www.crossprensa.com.ar\/news\/wp-json\/wp\/v2\/posts\/80426","targetHints":{"allow":["GET"]}}],"collection":[{"href":"https:\/\/www.crossprensa.com.ar\/news\/wp-json\/wp\/v2\/posts"}],"about":[{"href":"https:\/\/www.crossprensa.com.ar\/news\/wp-json\/wp\/v2\/types\/post"}],"author":[{"embeddable":true,"href":"https:\/\/www.crossprensa.com.ar\/news\/wp-json\/wp\/v2\/users\/2"}],"replies":[{"embeddable":true,"href":"https:\/\/www.crossprensa.com.ar\/news\/wp-json\/wp\/v2\/comments?post=80426"}],"version-history":[{"count":1,"href":"https:\/\/www.crossprensa.com.ar\/news\/wp-json\/wp\/v2\/posts\/80426\/revisions"}],"predecessor-version":[{"id":80429,"href":"https:\/\/www.crossprensa.com.ar\/news\/wp-json\/wp\/v2\/posts\/80426\/revisions\/80429"}],"wp:featuredmedia":[{"embeddable":true,"href":"https:\/\/www.crossprensa.com.ar\/news\/wp-json\/wp\/v2\/media\/80427"}],"wp:attachment":[{"href":"https:\/\/www.crossprensa.com.ar\/news\/wp-json\/wp\/v2\/media?parent=80426"}],"wp:term":[{"taxonomy":"category","embeddable":true,"href":"https:\/\/www.crossprensa.com.ar\/news\/wp-json\/wp\/v2\/categories?post=80426"},{"taxonomy":"post_tag","embeddable":true,"href":"https:\/\/www.crossprensa.com.ar\/news\/wp-json\/wp\/v2\/tags?post=80426"}],"curies":[{"name":"wp","href":"https:\/\/api.w.org\/{rel}","templated":true}]}}