{"id":80420,"date":"2026-03-26T07:05:50","date_gmt":"2026-03-26T10:05:50","guid":{"rendered":"https:\/\/www.crossprensa.com.ar\/news\/?p=80420"},"modified":"2026-03-26T07:05:50","modified_gmt":"2026-03-26T10:05:50","slug":"fallecio-jeff-smith-leyenda-britanica-del-motocross","status":"publish","type":"post","link":"https:\/\/www.crossprensa.com.ar\/news\/fallecio-jeff-smith-leyenda-britanica-del-motocross\/historia\/","title":{"rendered":"FALLECI\u00d3 JEFF SMITH, LEYENDA BRIT\u00c1NICA DEL MOTOCROSS"},"content":{"rendered":"<p><strong><span dir=\"auto\">El mundo del motocross y del motociclismo todoterreno perdi\u00f3 esta semana a una de sus mayores estrellas de sus inicios, ya que la leyenda brit\u00e1nica Jeffrey Vincent Smith falleci\u00f3 en su casa de Wisconsin, EE. UU., a la edad de 91 a\u00f1os.<\/span><\/strong><\/p>\n<p><!--more--><\/p>\n<p><img fetchpriority=\"high\" decoding=\"async\" class=\"alignnone size-full wp-image-80422\" src=\"https:\/\/www.crossprensa.com.ar\/news\/wp-content\/uploads\/2026\/03\/MXPERTS-JEFF-SMITH_S-TI-BSA_e-1-750x519-1.jpg\" alt=\"\" width=\"750\" height=\"519\" srcset=\"https:\/\/www.crossprensa.com.ar\/news\/wp-content\/uploads\/2026\/03\/MXPERTS-JEFF-SMITH_S-TI-BSA_e-1-750x519-1.jpg 750w, https:\/\/www.crossprensa.com.ar\/news\/wp-content\/uploads\/2026\/03\/MXPERTS-JEFF-SMITH_S-TI-BSA_e-1-750x519-1-300x208.jpg 300w, https:\/\/www.crossprensa.com.ar\/news\/wp-content\/uploads\/2026\/03\/MXPERTS-JEFF-SMITH_S-TI-BSA_e-1-750x519-1-578x400.jpg 578w\" sizes=\"(max-width: 750px) 100vw, 750px\" \/><\/p>\n<p><span dir=\"auto\">Jeff Smith fue uno de los mejores pilotos todoterreno de su generaci\u00f3n, destacando en Trials y Scrambles desde muy joven, y gan\u00f3 dos Campeonatos Mundiales de Motocross para el fabricante brit\u00e1nico BSA a mediados de la d\u00e9cada de 1960. Casi 60 a\u00f1os despu\u00e9s de su \u00faltima victoria, a\u00fan ostenta m\u00e1s triunfos en Grandes Premios que cualquier otro piloto brit\u00e1nico. Fue el \u00faltimo piloto en ganar un Campeonato Mundial de Motocross con una moto brit\u00e1nica, y el \u00faltimo piloto de cuatro tiempos en lograr esta haza\u00f1a hasta que Jacky Martens lo consigui\u00f3 en 1993. Fue condecorado con la Orden del Imperio Brit\u00e1nico (MBE) en 1970 por sus servicios al motociclismo todoterreno, e ingres\u00f3 en el Sal\u00f3n de la Fama de la AMA en el a\u00f1o 2000 por su contribuci\u00f3n al deporte en Estados Unidos. Este hombre de Lancashire, en el norte de Inglaterra, dej\u00f3 una huella imborrable en nuestro deporte, que se enriquece a\u00fan m\u00e1s gracias a su presencia en su historia.<\/span><\/p>\n<p><span dir=\"auto\">Nacido en 1934 en la localidad de Colne, al norte de Manchester, empez\u00f3 a andar en moto desde los nueve a\u00f1os, aprendiendo a pilotar dando vueltas por el campo detr\u00e1s de su casa hasta que oscurec\u00eda. Se convirti\u00f3 en un piloto destacado a los 16 a\u00f1os, ganando una medalla de oro en el ISDT de 1950, precursor del actual International Six Days Enduro. En aquel entonces, la marca BSA era el mayor fabricante de motos del mundo, y fue contratado como aprendiz de ingeniero adem\u00e1s de piloto.<\/span><\/p>\n<p><img decoding=\"async\" class=\"alignnone size-full wp-image-80423\" src=\"https:\/\/www.crossprensa.com.ar\/news\/wp-content\/uploads\/2026\/03\/1965BSAAD-1-1-scaled-1.jpg\" alt=\"\" width=\"1542\" height=\"2048\" srcset=\"https:\/\/www.crossprensa.com.ar\/news\/wp-content\/uploads\/2026\/03\/1965BSAAD-1-1-scaled-1.jpg 1542w, https:\/\/www.crossprensa.com.ar\/news\/wp-content\/uploads\/2026\/03\/1965BSAAD-1-1-scaled-1-226x300.jpg 226w, https:\/\/www.crossprensa.com.ar\/news\/wp-content\/uploads\/2026\/03\/1965BSAAD-1-1-scaled-1-301x400.jpg 301w, https:\/\/www.crossprensa.com.ar\/news\/wp-content\/uploads\/2026\/03\/1965BSAAD-1-1-scaled-1-768x1020.jpg 768w, https:\/\/www.crossprensa.com.ar\/news\/wp-content\/uploads\/2026\/03\/1965BSAAD-1-1-scaled-1-1157x1536.jpg 1157w, https:\/\/www.crossprensa.com.ar\/news\/wp-content\/uploads\/2026\/03\/1965BSAAD-1-1-scaled-1-1024x1360.jpg 1024w\" sizes=\"(max-width: 1542px) 100vw, 1542px\" \/><\/p>\n<p><span dir=\"auto\">Su destreza mec\u00e1nica le fue muy \u00fatil a lo largo de su vida, pero su habilidad con el manubrio lo convirti\u00f3 en una figura reconocida en el popular ambiente de Trial y Motocross, que gozaba de gran popularidad y era televisado a nivel nacional en Inglaterra. Dos veces campe\u00f3n brit\u00e1nico de Trial, adem\u00e1s de ganador del prestigioso Scottish Six Days Trial, que a\u00fan se corre, gan\u00f3 su primer Gran Premio en su debut a los 20 a\u00f1os en el circuito holand\u00e9s de Markelo en 1954, en una prueba que formaba parte de lo que todav\u00eda se conoc\u00eda como el Campeonato Europeo de Motocross.<\/span><\/p>\n<p><span dir=\"auto\">Piloto de BSA durante toda su carrera, a pesar de que el auge de las motos de dos tiempos dificult\u00f3 la competencia, su meticulosa preparaci\u00f3n fue clave para su \u00e9xito, ya que rara vez sufr\u00eda aver\u00edas y era constante y r\u00e1pido. Gan\u00f3 seis Grandes Premios en carreras previas al Campeonato Mundial, incluyendo cuatro en la categor\u00eda de 250 cc, y otros 24 triunfos con estatus de Campeonato Mundial. Form\u00f3 parte de siete equipos ganadores del Motocross de las Naciones y dos del Trofeo de las Naciones, cuando ambos eventos se corr\u00edan exclusivamente para motos de 500 cc y 250 cc, respectivamente. Tambi\u00e9n fue campe\u00f3n brit\u00e1nico de motocross en nueve ocasiones.<\/span><\/p>\n<p><span dir=\"auto\">Lleg\u00f3 a ganar un total de ocho medallas de oro ISDT y reconoci\u00f3 el potencial de este deporte en Norteam\u00e9rica, participando regularmente en los primeros eventos y ganando una carrera de la serie Trans-AMA a los 36 a\u00f1os en 1970. Finalmente, encontr\u00f3 su lugar all\u00ed, inicialmente contratado por Can-Am en su sede de Quebec, Canad\u00e1, y bajo su direcci\u00f3n los llev\u00f3 a copar el podio del Campeonato Nacional AMA de 250 cc en 1974. \u00a1Incluso sigui\u00f3 compitiendo ocasionalmente en eventos de Enduro hasta bien entrados los cuarenta!<\/span><\/p>\n<p><span dir=\"auto\">Muy involucrado en la organizaci\u00f3n de las carreras de motos cl\u00e1sicas hasta su jubilaci\u00f3n, siempre ser\u00e1 recordado como una de las figuras paternas del motocross brit\u00e1nico y mundial, y el mundo del deporte lamentar\u00e1 su fallecimiento. Que en paz descanse.<\/span><\/p>\n<p><img decoding=\"async\" class=\"alignnone size-full wp-image-80424\" src=\"https:\/\/www.crossprensa.com.ar\/news\/wp-content\/uploads\/2026\/03\/csm_Jeff_Smith-_photo_credit_Erik_Koch_ad99a199e2.jpeg\" alt=\"\" width=\"1040\" height=\"686\" srcset=\"https:\/\/www.crossprensa.com.ar\/news\/wp-content\/uploads\/2026\/03\/csm_Jeff_Smith-_photo_credit_Erik_Koch_ad99a199e2.jpeg 1040w, https:\/\/www.crossprensa.com.ar\/news\/wp-content\/uploads\/2026\/03\/csm_Jeff_Smith-_photo_credit_Erik_Koch_ad99a199e2-300x198.jpeg 300w, https:\/\/www.crossprensa.com.ar\/news\/wp-content\/uploads\/2026\/03\/csm_Jeff_Smith-_photo_credit_Erik_Koch_ad99a199e2-606x400.jpeg 606w, https:\/\/www.crossprensa.com.ar\/news\/wp-content\/uploads\/2026\/03\/csm_Jeff_Smith-_photo_credit_Erik_Koch_ad99a199e2-768x507.jpeg 768w, https:\/\/www.crossprensa.com.ar\/news\/wp-content\/uploads\/2026\/03\/csm_Jeff_Smith-_photo_credit_Erik_Koch_ad99a199e2-1024x675.jpeg 1024w\" sizes=\"(max-width: 1040px) 100vw, 1040px\" \/><\/p>\n<p>&nbsp;<\/p>\n<p>&nbsp;<\/p>\n","protected":false},"excerpt":{"rendered":"<p>El mundo del motocross y del motociclismo todoterreno perdi\u00f3 esta semana a una de sus&#8230;<\/p>\n","protected":false},"author":2,"featured_media":80421,"comment_status":"closed","ping_status":"closed","sticky":false,"template":"","format":"standard","meta":{"om_disable_all_campaigns":false,"_monsterinsights_skip_tracking":false,"_monsterinsights_sitenote_active":false,"_monsterinsights_sitenote_note":"","_monsterinsights_sitenote_category":0,"_uf_show_specific_survey":0,"_uf_disable_surveys":false,"footnotes":""},"categories":[13],"tags":[],"class_list":["post-80420","post","type-post","status-publish","format-standard","has-post-thumbnail","hentry","category-historia"],"aioseo_notices":[],"_links":{"self":[{"href":"https:\/\/www.crossprensa.com.ar\/news\/wp-json\/wp\/v2\/posts\/80420","targetHints":{"allow":["GET"]}}],"collection":[{"href":"https:\/\/www.crossprensa.com.ar\/news\/wp-json\/wp\/v2\/posts"}],"about":[{"href":"https:\/\/www.crossprensa.com.ar\/news\/wp-json\/wp\/v2\/types\/post"}],"author":[{"embeddable":true,"href":"https:\/\/www.crossprensa.com.ar\/news\/wp-json\/wp\/v2\/users\/2"}],"replies":[{"embeddable":true,"href":"https:\/\/www.crossprensa.com.ar\/news\/wp-json\/wp\/v2\/comments?post=80420"}],"version-history":[{"count":1,"href":"https:\/\/www.crossprensa.com.ar\/news\/wp-json\/wp\/v2\/posts\/80420\/revisions"}],"predecessor-version":[{"id":80425,"href":"https:\/\/www.crossprensa.com.ar\/news\/wp-json\/wp\/v2\/posts\/80420\/revisions\/80425"}],"wp:featuredmedia":[{"embeddable":true,"href":"https:\/\/www.crossprensa.com.ar\/news\/wp-json\/wp\/v2\/media\/80421"}],"wp:attachment":[{"href":"https:\/\/www.crossprensa.com.ar\/news\/wp-json\/wp\/v2\/media?parent=80420"}],"wp:term":[{"taxonomy":"category","embeddable":true,"href":"https:\/\/www.crossprensa.com.ar\/news\/wp-json\/wp\/v2\/categories?post=80420"},{"taxonomy":"post_tag","embeddable":true,"href":"https:\/\/www.crossprensa.com.ar\/news\/wp-json\/wp\/v2\/tags?post=80420"}],"curies":[{"name":"wp","href":"https:\/\/api.w.org\/{rel}","templated":true}]}}