{"id":80370,"date":"2026-03-21T14:45:31","date_gmt":"2026-03-21T17:45:31","guid":{"rendered":"https:\/\/www.crossprensa.com.ar\/news\/?p=80370"},"modified":"2026-03-21T14:45:31","modified_gmt":"2026-03-21T17:45:31","slug":"mxgp-andalucia-que-sabado","status":"publish","type":"post","link":"https:\/\/www.crossprensa.com.ar\/news\/mxgp-andalucia-que-sabado\/mxgp\/","title":{"rendered":"MXGP ANDALUC\u00cdA&#8230; Que S\u00e1bado!"},"content":{"rendered":"<p>S. COENEN Y HERLINGS SE ADUE\u00d1ARON DE LA ARENA!<\/p>\n<p>Y si que tiene que ver con sus cunas deportivas, de ambos. Criados en circuitos de arena, es como un juego para ellos este tipo de circuito. Hoy la pista de Almonte en Andaluc\u00eda se mostraba perfecta de grip, con excelente humedad y un trazado que aumenta la dificultad a medida que avanzan las diferentes categor\u00edas por como se rompe la arena.<\/p>\n<p><!--more--><\/p>\n<p><img fetchpriority=\"high\" decoding=\"async\" class=\"alignnone size-full wp-image-80361\" src=\"https:\/\/www.crossprensa.com.ar\/news\/wp-content\/uploads\/2026\/03\/maxxismcg.gif\" alt=\"\" width=\"1200\" height=\"100\" \/><\/p>\n<p>As\u00ed quedaron las carreras clasificatorias que como siempre SOLO muestran el S\u00e1bado porque ma\u00f1ana&#8230; la historia puede cambiar, como pas\u00f3 en Argentina.<\/p>\n<p>MX2<\/p>\n<p>Brutal largada de Janis Reisulis con la Yamaha, perseguido por La\u00ebngenfelder sobre su KTM que ven\u00eda con un ritmo impresionante, pero el piloto de la punta comienza a escaparse desde la primera curva!<\/p>\n<p>Van 3 vtas. y el #1 pierde posiciones en una dificil\u00edsima arena espa\u00f1ola! Destacable el avance de S. Coenen que se acerca al puntero y se pone tercero Farr\u00e9s en un gran trabajo con la Triumph.<\/p>\n<p>La pelea de las dos Triumph con McLellan y Farr\u00e9s durante toda la carrera es para aplaudir de pi\u00e9! Sigui\u00e9ndolos ambos a Coenen, que logra pasar a la punta de la manga faltando un minuto y medio para el final.<\/p>\n<p>Aceler\u00f3 Reisulis mientras pudo, pero el f\u00edsico le dijo basta como pas\u00f3 en Bariloche&#8230;<\/p>\n<p>En las \u00faltimas dos vueltas, Farr\u00e9s pierde una posici\u00f3n con McLellan, se le acerc\u00f3 La\u00ebngenfelder, Coenen gana de manera brillante, y Reisulis que se debe estar preguntando QUE PASO???<\/p>\n<p>Aqu\u00ed, los resultados.<br \/>\n<img decoding=\"async\" class=\"alignnone size-full wp-image-80371\" src=\"https:\/\/www.crossprensa.com.ar\/news\/wp-content\/uploads\/2026\/03\/WhatsApp-Image-2026-03-21-at-13.01.36.jpeg\" alt=\"\" width=\"1366\" height=\"768\" srcset=\"https:\/\/www.crossprensa.com.ar\/news\/wp-content\/uploads\/2026\/03\/WhatsApp-Image-2026-03-21-at-13.01.36.jpeg 1366w, https:\/\/www.crossprensa.com.ar\/news\/wp-content\/uploads\/2026\/03\/WhatsApp-Image-2026-03-21-at-13.01.36-300x169.jpeg 300w, https:\/\/www.crossprensa.com.ar\/news\/wp-content\/uploads\/2026\/03\/WhatsApp-Image-2026-03-21-at-13.01.36-620x349.jpeg 620w, https:\/\/www.crossprensa.com.ar\/news\/wp-content\/uploads\/2026\/03\/WhatsApp-Image-2026-03-21-at-13.01.36-768x432.jpeg 768w, https:\/\/www.crossprensa.com.ar\/news\/wp-content\/uploads\/2026\/03\/WhatsApp-Image-2026-03-21-at-13.01.36-1024x576.jpeg 1024w\" sizes=\"(max-width: 1366px) 100vw, 1366px\" \/><\/p>\n<p>MXGP, la bestia de siempre.<\/p>\n<p>Lucas Coenen se hace de la punta, a pesar de que PAREC\u00cdA que Herlings hac\u00eda el holeshot, pero se desv\u00eda un cent\u00edmetro en la primera curva, engancha el borde de areha y se va al piso&#8230; queda \u00daLTIMO el puntero del campeonato!<\/p>\n<p>La pelea adelante era infernal, porque quiere escaparse Coenen, y las malas largadas de Febvr\u00e9 y Fern\u00e1ndez, ponen pimienta a una carrera que no le faltaron muchos condimentos, pero ver remontar desde atr\u00e1s estas bestias MX es un lujo!<\/p>\n<p>El que se escap\u00f3 de que lo lleven a pasear fue Massimo Contino cuando Guadagnini se va afuera de la pista y lo encuentra al borde de un salto&#8230; Riesgos de trabajo para el fot\u00f3grafo!<\/p>\n<p>5 Vueltas y as\u00ed ven\u00edan!<\/p>\n<p><img decoding=\"async\" class=\"alignnone size-full wp-image-80372\" src=\"https:\/\/www.crossprensa.com.ar\/news\/wp-content\/uploads\/2026\/03\/image-76.jpg\" alt=\"\" width=\"1366\" height=\"768\" srcset=\"https:\/\/www.crossprensa.com.ar\/news\/wp-content\/uploads\/2026\/03\/image-76.jpg 1366w, https:\/\/www.crossprensa.com.ar\/news\/wp-content\/uploads\/2026\/03\/image-76-300x169.jpg 300w, https:\/\/www.crossprensa.com.ar\/news\/wp-content\/uploads\/2026\/03\/image-76-620x349.jpg 620w, https:\/\/www.crossprensa.com.ar\/news\/wp-content\/uploads\/2026\/03\/image-76-768x432.jpg 768w, https:\/\/www.crossprensa.com.ar\/news\/wp-content\/uploads\/2026\/03\/image-76-1024x576.jpg 1024w\" sizes=\"(max-width: 1366px) 100vw, 1366px\" \/><\/p>\n<p>Hasta donde podr\u00e1 llegar Herlings cuando falta solo media manga?<\/p>\n<p>Herlings viene pasando motos como loco! una locomotora roja con el nro. 84 quiere llegar lo m\u00e1s adelante posible, y est\u00e1 corriendo contra \u00e9l mismo, contra su orgullo! Adelante nada cambia, salvo Febvr\u00e9 que logra avanzar al 4to. puesto superando a Vlaanderen con la Ducati. El de la Kawasaki con el nro. #1 quiere llegar lo mejor posible y medirse de verdad ma\u00f1ana! Gajser con la Yamaha es 7mo. y conoci\u00e9ndolo no debe estar nada feliz con \u00e9l mismo, ya que su compa\u00f1ero de equipo Maxime Renaux, viene 3ro.<\/p>\n<p>La pelea se di\u00f3 por el 3er. puesto al final, con Renaux aguantando a Febvr\u00e9 que hizo lo imposible por pasarlo! Y Gajser, que decir&#8230; opaco.<\/p>\n<p>Gran carrera con un GRAN PRESAGIO de lo que ser\u00e1 ma\u00f1ana desde las 7:50 de Argentina, la 2da. fecha del MXGP 2026!!!<\/p>\n<p>Aqu\u00ed los resultados finales.<\/p>\n<p><img loading=\"lazy\" decoding=\"async\" class=\"alignnone size-full wp-image-80373\" src=\"https:\/\/www.crossprensa.com.ar\/news\/wp-content\/uploads\/2026\/03\/WhatsApp-Image-2026-03-21-at-13.50.38.jpeg\" alt=\"\" width=\"1366\" height=\"768\" srcset=\"https:\/\/www.crossprensa.com.ar\/news\/wp-content\/uploads\/2026\/03\/WhatsApp-Image-2026-03-21-at-13.50.38.jpeg 1366w, https:\/\/www.crossprensa.com.ar\/news\/wp-content\/uploads\/2026\/03\/WhatsApp-Image-2026-03-21-at-13.50.38-300x169.jpeg 300w, https:\/\/www.crossprensa.com.ar\/news\/wp-content\/uploads\/2026\/03\/WhatsApp-Image-2026-03-21-at-13.50.38-620x349.jpeg 620w, https:\/\/www.crossprensa.com.ar\/news\/wp-content\/uploads\/2026\/03\/WhatsApp-Image-2026-03-21-at-13.50.38-768x432.jpeg 768w, https:\/\/www.crossprensa.com.ar\/news\/wp-content\/uploads\/2026\/03\/WhatsApp-Image-2026-03-21-at-13.50.38-1024x576.jpeg 1024w\" sizes=\"(max-width: 1366px) 100vw, 1366px\" \/><\/p>\n<p>&nbsp;<\/p>\n","protected":false},"excerpt":{"rendered":"<p>S. COENEN Y HERLINGS SE ADUE\u00d1ARON DE LA ARENA! Y si que tiene que ver&#8230;<\/p>\n","protected":false},"author":2,"featured_media":80374,"comment_status":"closed","ping_status":"closed","sticky":false,"template":"","format":"standard","meta":{"om_disable_all_campaigns":false,"_monsterinsights_skip_tracking":false,"_monsterinsights_sitenote_active":false,"_monsterinsights_sitenote_note":"","_monsterinsights_sitenote_category":0,"_uf_show_specific_survey":0,"_uf_disable_surveys":false,"footnotes":""},"categories":[24,115],"tags":[],"class_list":["post-80370","post","type-post","status-publish","format-standard","has-post-thumbnail","hentry","category-mxgp","category-mxgp-argentina"],"aioseo_notices":[],"_links":{"self":[{"href":"https:\/\/www.crossprensa.com.ar\/news\/wp-json\/wp\/v2\/posts\/80370","targetHints":{"allow":["GET"]}}],"collection":[{"href":"https:\/\/www.crossprensa.com.ar\/news\/wp-json\/wp\/v2\/posts"}],"about":[{"href":"https:\/\/www.crossprensa.com.ar\/news\/wp-json\/wp\/v2\/types\/post"}],"author":[{"embeddable":true,"href":"https:\/\/www.crossprensa.com.ar\/news\/wp-json\/wp\/v2\/users\/2"}],"replies":[{"embeddable":true,"href":"https:\/\/www.crossprensa.com.ar\/news\/wp-json\/wp\/v2\/comments?post=80370"}],"version-history":[{"count":1,"href":"https:\/\/www.crossprensa.com.ar\/news\/wp-json\/wp\/v2\/posts\/80370\/revisions"}],"predecessor-version":[{"id":80375,"href":"https:\/\/www.crossprensa.com.ar\/news\/wp-json\/wp\/v2\/posts\/80370\/revisions\/80375"}],"wp:featuredmedia":[{"embeddable":true,"href":"https:\/\/www.crossprensa.com.ar\/news\/wp-json\/wp\/v2\/media\/80374"}],"wp:attachment":[{"href":"https:\/\/www.crossprensa.com.ar\/news\/wp-json\/wp\/v2\/media?parent=80370"}],"wp:term":[{"taxonomy":"category","embeddable":true,"href":"https:\/\/www.crossprensa.com.ar\/news\/wp-json\/wp\/v2\/categories?post=80370"},{"taxonomy":"post_tag","embeddable":true,"href":"https:\/\/www.crossprensa.com.ar\/news\/wp-json\/wp\/v2\/tags?post=80370"}],"curies":[{"name":"wp","href":"https:\/\/api.w.org\/{rel}","templated":true}]}}