{"id":80365,"date":"2026-03-20T13:48:19","date_gmt":"2026-03-20T16:48:19","guid":{"rendered":"https:\/\/www.crossprensa.com.ar\/news\/?p=80365"},"modified":"2026-03-20T13:52:49","modified_gmt":"2026-03-20T16:52:49","slug":"mxgp-espana-horarios-para-el-fin-de-semana","status":"publish","type":"post","link":"https:\/\/www.crossprensa.com.ar\/news\/mxgp-espana-horarios-para-el-fin-de-semana\/mxgp\/","title":{"rendered":"MXGP ESPA\u00d1A: Horarios para el fin de semana."},"content":{"rendered":"<p>Una segunda fecha del a\u00f1o donde se abren muchas posibilidades en ambas categor\u00edas&#8230;<\/p>\n<p>En 250, Liam Everts se qued\u00f3 con las ganas, al igual que Coenen y los dos ir\u00e1n contra Sim\u00f3n La\u00ebngenfelder.<\/p>\n<p>En MXGP, Herlings arranc\u00f3 con el pi\u00e9 derecho pero tiene a varios que quieren &#8220;ponerle la traba&#8221;, aunque primero tendr\u00e1n que agarrarlo! estuvo muy s\u00f3lido sobre la moto del equipo oficial. Sus propios compa\u00f1eros, Viall\u00e9 y Fern\u00e1ndez son candidatos, adem\u00e1s de Gajser, Febvre, Renaux etc&#8230; y qui\u00e9n aparece luego de la lesi\u00f3n Kay de Wolf!<\/p>\n<p><!--more--><\/p>\n<p><img fetchpriority=\"high\" decoding=\"async\" class=\"alignnone size-full wp-image-79702\" src=\"https:\/\/www.crossprensa.com.ar\/news\/wp-content\/uploads\/2026\/01\/Pizzuti.gif\" alt=\"\" width=\"1200\" height=\"100\" \/><\/p>\n<p>Aqu\u00ed los horarios para el fin de semana:<\/p>\n<p><strong>SABADO<\/strong><\/p>\n<p>Start test session 5 mins<\/p>\n<p>14:30 MX2 Free practice 25 mins<\/p>\n<p>15:00 MXGP Free practice 25 mins<\/p>\n<p>15:30 Onboard Camera (2 laps) 15 mins<\/p>\n<p><img decoding=\"async\" class=\"alignnone size-full wp-image-78226\" src=\"https:\/\/www.crossprensa.com.ar\/news\/wp-content\/uploads\/2025\/10\/Detroit.gif\" alt=\"\" width=\"1812\" height=\"151\" \/><\/p>\n<p>Start test session 5 mins<\/p>\n<p>17:40 MX2 Time practice 25 mins<\/p>\n<p>Start test session 5 mins<\/p>\n<p>18:15 MXGP Time practice 25 mins<\/p>\n<p><img decoding=\"async\" class=\"alignnone size-full wp-image-80158\" src=\"https:\/\/www.crossprensa.com.ar\/news\/wp-content\/uploads\/2026\/02\/neuquen.gif\" alt=\"\" width=\"1200\" height=\"100\" \/><\/p>\n<p>Start test session 5 mins<\/p>\n<p>20:25 MX2<\/p>\n<p>20:35 Qualifying Race 20 mins + 2 laps<\/p>\n<p>21:15 MXGP<\/p>\n<p>21:25 Qualifying Race 20 mins + 2 laps<\/p>\n<p><img loading=\"lazy\" decoding=\"async\" class=\"alignnone size-full wp-image-80204\" src=\"https:\/\/www.crossprensa.com.ar\/news\/wp-content\/uploads\/2026\/03\/neuquen-1.gif\" alt=\"\" width=\"1200\" height=\"100\" \/><\/p>\n<p><strong>DOMINGO<\/strong><\/p>\n<p>13:25 MX2 Warm-up 15 mins<\/p>\n<p>13:45 MXGP Warm-up 15 mins<\/p>\n<p>16:05 MX2<\/p>\n<p>16:15 Race 1 30 mins + 2 laps<\/p>\n<p>17:05 MXGP<\/p>\n<p>17:15 Race 1 30 mins + 2 laps<\/p>\n<p><img loading=\"lazy\" decoding=\"async\" class=\"alignnone size-full wp-image-79426\" src=\"https:\/\/www.crossprensa.com.ar\/news\/wp-content\/uploads\/2026\/01\/gasgassportadventure.jpeg\" alt=\"\" width=\"1283\" height=\"109\" srcset=\"https:\/\/www.crossprensa.com.ar\/news\/wp-content\/uploads\/2026\/01\/gasgassportadventure.jpeg 1283w, https:\/\/www.crossprensa.com.ar\/news\/wp-content\/uploads\/2026\/01\/gasgassportadventure-300x25.jpeg 300w, https:\/\/www.crossprensa.com.ar\/news\/wp-content\/uploads\/2026\/01\/gasgassportadventure-620x53.jpeg 620w, https:\/\/www.crossprensa.com.ar\/news\/wp-content\/uploads\/2026\/01\/gasgassportadventure-768x65.jpeg 768w, https:\/\/www.crossprensa.com.ar\/news\/wp-content\/uploads\/2026\/01\/gasgassportadventure-1024x87.jpeg 1024w\" sizes=\"(max-width: 1283px) 100vw, 1283px\" \/><\/p>\n<p>18:00 MX2<\/p>\n<p>19:10 Race 2 30 mins + 2 laps<\/p>\n<p>20:00 MXGP<\/p>\n<p>20:10 Race 2 30 mins + 2 laps<\/p>\n","protected":false},"excerpt":{"rendered":"<p>Una segunda fecha del a\u00f1o donde se abren muchas posibilidades en ambas categor\u00edas&#8230; En 250,&#8230;<\/p>\n","protected":false},"author":2,"featured_media":80246,"comment_status":"closed","ping_status":"closed","sticky":false,"template":"","format":"standard","meta":{"om_disable_all_campaigns":false,"_monsterinsights_skip_tracking":false,"_monsterinsights_sitenote_active":false,"_monsterinsights_sitenote_note":"","_monsterinsights_sitenote_category":0,"_uf_show_specific_survey":0,"_uf_disable_surveys":false,"footnotes":""},"categories":[24],"tags":[],"class_list":["post-80365","post","type-post","status-publish","format-standard","has-post-thumbnail","hentry","category-mxgp"],"aioseo_notices":[],"_links":{"self":[{"href":"https:\/\/www.crossprensa.com.ar\/news\/wp-json\/wp\/v2\/posts\/80365","targetHints":{"allow":["GET"]}}],"collection":[{"href":"https:\/\/www.crossprensa.com.ar\/news\/wp-json\/wp\/v2\/posts"}],"about":[{"href":"https:\/\/www.crossprensa.com.ar\/news\/wp-json\/wp\/v2\/types\/post"}],"author":[{"embeddable":true,"href":"https:\/\/www.crossprensa.com.ar\/news\/wp-json\/wp\/v2\/users\/2"}],"replies":[{"embeddable":true,"href":"https:\/\/www.crossprensa.com.ar\/news\/wp-json\/wp\/v2\/comments?post=80365"}],"version-history":[{"count":3,"href":"https:\/\/www.crossprensa.com.ar\/news\/wp-json\/wp\/v2\/posts\/80365\/revisions"}],"predecessor-version":[{"id":80368,"href":"https:\/\/www.crossprensa.com.ar\/news\/wp-json\/wp\/v2\/posts\/80365\/revisions\/80368"}],"wp:featuredmedia":[{"embeddable":true,"href":"https:\/\/www.crossprensa.com.ar\/news\/wp-json\/wp\/v2\/media\/80246"}],"wp:attachment":[{"href":"https:\/\/www.crossprensa.com.ar\/news\/wp-json\/wp\/v2\/media?parent=80365"}],"wp:term":[{"taxonomy":"category","embeddable":true,"href":"https:\/\/www.crossprensa.com.ar\/news\/wp-json\/wp\/v2\/categories?post=80365"},{"taxonomy":"post_tag","embeddable":true,"href":"https:\/\/www.crossprensa.com.ar\/news\/wp-json\/wp\/v2\/tags?post=80365"}],"curies":[{"name":"wp","href":"https:\/\/api.w.org\/{rel}","templated":true}]}}