{"id":80359,"date":"2026-03-20T13:01:42","date_gmt":"2026-03-20T16:01:42","guid":{"rendered":"https:\/\/www.crossprensa.com.ar\/news\/?p=80359"},"modified":"2026-03-20T13:11:52","modified_gmt":"2026-03-20T16:11:52","slug":"ama-supercross-horarios-para-este-sabado","status":"publish","type":"post","link":"https:\/\/www.crossprensa.com.ar\/news\/ama-supercross-horarios-para-este-sabado\/ama-motocross\/","title":{"rendered":"AMA SUPERCROSS &#8211; HORARIOS PARA ESTE S\u00c1BADO."},"content":{"rendered":"<p>Este S\u00e1bado, va a ser dur\u00edsimo! El frente a frente de las dos costas de 250, m\u00e1s una 450 que tiene un lote de ganadores muy amplios! aunque Sexton nuevamente no va a largar&#8230; Pero Prado se relame de hambre por la victoria! Podr\u00e1 contra Roczen, Tomac, Webb, etc?<\/p>\n<p><!--more--><\/p>\n<p><a href=\"https:\/\/www.instagram.com\/hondamarengomotos\/\"><img fetchpriority=\"high\" decoding=\"async\" class=\"alignnone wp-image-79710 size-full\" src=\"https:\/\/www.crossprensa.com.ar\/news\/wp-content\/uploads\/2026\/01\/Marengo.gif\" alt=\"\" width=\"1200\" height=\"100\" \/><\/a><\/p>\n<p>13:47am \u2013250 Overflow Qualifying (First 2 Minutes Free)<\/p>\n<p>14:04pm \u2013250 East Qualifying (First 2 Minutes Free)<\/p>\n<p>14:21pm \u2013250 West Qualifying (First 2 Minutes Free)<\/p>\n<p>14:38pm \u2013450 Group A Qualifying (First 2 Minutes Free)<\/p>\n<p>14:55pm \u2013450 Group B Qualifying (First 2 Minutes Free)<\/p>\n<p>15:12pm \u2013450 Group C Qualifying (First 2 Minutes Free)<\/p>\n<p><a href=\"https:\/\/www.instagram.com\/maxxis.com.ar\/\"><img decoding=\"async\" class=\"alignnone wp-image-80361 size-full\" src=\"https:\/\/www.crossprensa.com.ar\/news\/wp-content\/uploads\/2026\/03\/maxxismcg.gif\" alt=\"\" width=\"1200\" height=\"100\" \/><\/a><\/p>\n<p>16:21pm \u2013250 Overflow Qualifying<\/p>\n<p>16:38pm \u2013250 West Qualifying<\/p>\n<p>16:55pm \u2013250 East Qualifying<\/p>\n<p>17:12pm \u2013450 Group A Qualifying<\/p>\n<p>17:29pm \u2013450 Group B Qualifying<\/p>\n<p>17:46pm \u2013450 Group C Qualifying<\/p>\n<p>18:03pm \u2013SMX Next Qualifying<\/p>\n<p><a href=\"https:\/\/www.instagram.com\/cassano.automobili\/\"><img decoding=\"async\" class=\"alignnone wp-image-79715 size-full\" src=\"https:\/\/www.crossprensa.com.ar\/news\/wp-content\/uploads\/2026\/01\/cassano-1.gif\" alt=\"\" width=\"1200\" height=\"100\" \/><\/a><\/p>\n<p>20:06pm \u2013250 West Heat \u2013 6 Minutes\/Plus 1 lap \u2013 20 riders (1 \u2013 9 to Main)<\/p>\n<p>20:20pm \u2013250 East Heat \u2013 6 Minutes\/Plus 1 lap \u2013 20 riders (1 \u2013 9 to Main)<\/p>\n<p>20:34pm \u2013450 Heat #1 \u2013 6 Minutes\/Plus 1 lap \u2013 20 riders (1 \u2013 9 to Main)<\/p>\n<p>20:48pm \u2013450 Heat #2 \u2013 6 Minutes\/Plus 1 lap \u2013 20 riders (1 \u2013 9 to Main)<\/p>\n<p><a href=\"https:\/\/www.instagram.com\/motocrossclubnqn\/\"><img loading=\"lazy\" decoding=\"async\" class=\"alignnone wp-image-80158 size-full\" src=\"https:\/\/www.crossprensa.com.ar\/news\/wp-content\/uploads\/2026\/02\/neuquen.gif\" alt=\"\" width=\"1200\" height=\"100\" \/><\/a><\/p>\n<p>21:08pm \u2013SMX Next Main Event \u2013 8 Minutes\/Plus 1 lap \u2013 22 Riders<\/p>\n<p><a href=\"https:\/\/wa.link\/7rjke0\"><img loading=\"lazy\" decoding=\"async\" class=\"alignnone wp-image-79676 size-full\" src=\"https:\/\/www.crossprensa.com.ar\/news\/wp-content\/uploads\/2026\/01\/suscripcion.gif\" alt=\"\" width=\"1200\" height=\"100\" \/><\/a><\/p>\n<p>21:23pm \u2013250 Last Chance Qualifier \u2013 5 Minutes\/Plus 1 lap \u2013 22 riders (1 \u2013 4 to Main)<\/p>\n<p>21:34pm \u2013450 Last Chance Qualifier \u2013 5 Minutes\/Plus 1 lap \u2013 22 riders (1 \u2013 4 to Main)<\/p>\n<p><a href=\"https:\/\/www.instagram.com\/ktmargentina\/\"><img loading=\"lazy\" decoding=\"async\" class=\"alignnone wp-image-79479 size-full\" src=\"https:\/\/www.crossprensa.com.ar\/news\/wp-content\/uploads\/2026\/01\/ktm1200x100-2.gif\" alt=\"\" width=\"1200\" height=\"100\" \/><\/a><\/p>\n<p>21:55pm \u2013250 East\/West Showdown Main Event \u2013 15 Minutes\/Plus 1 lap \u2013 22 riders<\/p>\n<p><a href=\"https:\/\/www.instagram.com\/lcmcovers\/\"><img loading=\"lazy\" decoding=\"async\" class=\"alignnone wp-image-79406 size-full\" src=\"https:\/\/www.crossprensa.com.ar\/news\/wp-content\/uploads\/2026\/01\/lcm.jpg\" alt=\"\" width=\"1594\" height=\"174\" srcset=\"https:\/\/www.crossprensa.com.ar\/news\/wp-content\/uploads\/2026\/01\/lcm.jpg 1594w, https:\/\/www.crossprensa.com.ar\/news\/wp-content\/uploads\/2026\/01\/lcm-300x33.jpg 300w, https:\/\/www.crossprensa.com.ar\/news\/wp-content\/uploads\/2026\/01\/lcm-620x68.jpg 620w, https:\/\/www.crossprensa.com.ar\/news\/wp-content\/uploads\/2026\/01\/lcm-768x84.jpg 768w, https:\/\/www.crossprensa.com.ar\/news\/wp-content\/uploads\/2026\/01\/lcm-1536x168.jpg 1536w, https:\/\/www.crossprensa.com.ar\/news\/wp-content\/uploads\/2026\/01\/lcm-1024x112.jpg 1024w\" sizes=\"(max-width: 1594px) 100vw, 1594px\" \/><\/a><\/p>\n<p>22:29pm \u2013450 Main Event \u2013 20 Minutes\/Plus 1 lap \u2013 22 riders<\/p>\n","protected":false},"excerpt":{"rendered":"<p>Este S\u00e1bado, va a ser dur\u00edsimo! El frente a frente de las dos costas de&#8230;<\/p>\n","protected":false},"author":2,"featured_media":80360,"comment_status":"closed","ping_status":"closed","sticky":false,"template":"","format":"standard","meta":{"om_disable_all_campaigns":false,"_monsterinsights_skip_tracking":false,"_monsterinsights_sitenote_active":false,"_monsterinsights_sitenote_note":"","_monsterinsights_sitenote_category":0,"_uf_show_specific_survey":0,"_uf_disable_surveys":false,"footnotes":""},"categories":[25,30],"tags":[],"class_list":["post-80359","post","type-post","status-publish","format-standard","has-post-thumbnail","hentry","category-ama-motocross","category-ama-supercross"],"aioseo_notices":[],"_links":{"self":[{"href":"https:\/\/www.crossprensa.com.ar\/news\/wp-json\/wp\/v2\/posts\/80359","targetHints":{"allow":["GET"]}}],"collection":[{"href":"https:\/\/www.crossprensa.com.ar\/news\/wp-json\/wp\/v2\/posts"}],"about":[{"href":"https:\/\/www.crossprensa.com.ar\/news\/wp-json\/wp\/v2\/types\/post"}],"author":[{"embeddable":true,"href":"https:\/\/www.crossprensa.com.ar\/news\/wp-json\/wp\/v2\/users\/2"}],"replies":[{"embeddable":true,"href":"https:\/\/www.crossprensa.com.ar\/news\/wp-json\/wp\/v2\/comments?post=80359"}],"version-history":[{"count":3,"href":"https:\/\/www.crossprensa.com.ar\/news\/wp-json\/wp\/v2\/posts\/80359\/revisions"}],"predecessor-version":[{"id":80364,"href":"https:\/\/www.crossprensa.com.ar\/news\/wp-json\/wp\/v2\/posts\/80359\/revisions\/80364"}],"wp:featuredmedia":[{"embeddable":true,"href":"https:\/\/www.crossprensa.com.ar\/news\/wp-json\/wp\/v2\/media\/80360"}],"wp:attachment":[{"href":"https:\/\/www.crossprensa.com.ar\/news\/wp-json\/wp\/v2\/media?parent=80359"}],"wp:term":[{"taxonomy":"category","embeddable":true,"href":"https:\/\/www.crossprensa.com.ar\/news\/wp-json\/wp\/v2\/categories?post=80359"},{"taxonomy":"post_tag","embeddable":true,"href":"https:\/\/www.crossprensa.com.ar\/news\/wp-json\/wp\/v2\/tags?post=80359"}],"curies":[{"name":"wp","href":"https:\/\/api.w.org\/{rel}","templated":true}]}}