{"id":80333,"date":"2026-03-19T06:39:47","date_gmt":"2026-03-19T09:39:47","guid":{"rendered":"https:\/\/www.crossprensa.com.ar\/news\/?p=80333"},"modified":"2026-03-19T06:39:47","modified_gmt":"2026-03-19T09:39:47","slug":"bonacorsi-no-larga-en-espana","status":"publish","type":"post","link":"https:\/\/www.crossprensa.com.ar\/news\/bonacorsi-no-larga-en-espana\/mxgp\/","title":{"rendered":"BONACORSI NO LARGA EN ESPA\u00d1A"},"content":{"rendered":"<p>Como consecuencia a\u00fan de su golpe en el MXGP de Argentina en Bariloche, el simp\u00e1tico italiano Andrea Bonacorsi que integra el equipo Ducati, no largar\u00e1 este fin de semana en Andaluc\u00eda.<\/p>\n<p><!--more--><\/p>\n<p><span dir=\"auto\">Tras sufrir una ca\u00edda durante la primera carrera del Gran Premio de Argentina mientras luchaba por un puesto entre los cinco primeros, Andrea Bonacorsi se vio obligado a abandonar la segunda carrera debido a un fuerte dolor en el costado. Tras regresar a Italia y someterse a pruebas m\u00e9dicas, el joven de 22 a\u00f1os a\u00fan se encuentra en recuperaci\u00f3n y, por lo tanto, no competir\u00e1 con su Desmo450 MX en la pr\u00f3xima ronda del MXGP, programada para este fin de semana en el nuevo circuito de Almonte, en Andaluc\u00eda.<\/span><\/p>\n<p><span dir=\"auto\">Cr\u00e9ditos de la foto: Daniele Barreca<\/span><\/p>\n<p><img fetchpriority=\"high\" decoding=\"async\" class=\"alignnone size-full wp-image-79746\" src=\"https:\/\/www.crossprensa.com.ar\/news\/wp-content\/uploads\/2026\/01\/ducati.gif\" alt=\"\" width=\"1200\" height=\"100\" \/><\/p>\n","protected":false},"excerpt":{"rendered":"<p>Como consecuencia a\u00fan de su golpe en el MXGP de Argentina en Bariloche, el simp\u00e1tico&#8230;<\/p>\n","protected":false},"author":2,"featured_media":80334,"comment_status":"closed","ping_status":"closed","sticky":false,"template":"","format":"standard","meta":{"om_disable_all_campaigns":false,"_monsterinsights_skip_tracking":false,"_monsterinsights_sitenote_active":false,"_monsterinsights_sitenote_note":"","_monsterinsights_sitenote_category":0,"_uf_show_specific_survey":0,"_uf_disable_surveys":false,"footnotes":""},"categories":[24,115],"tags":[],"class_list":["post-80333","post","type-post","status-publish","format-standard","has-post-thumbnail","hentry","category-mxgp","category-mxgp-argentina"],"aioseo_notices":[],"_links":{"self":[{"href":"https:\/\/www.crossprensa.com.ar\/news\/wp-json\/wp\/v2\/posts\/80333","targetHints":{"allow":["GET"]}}],"collection":[{"href":"https:\/\/www.crossprensa.com.ar\/news\/wp-json\/wp\/v2\/posts"}],"about":[{"href":"https:\/\/www.crossprensa.com.ar\/news\/wp-json\/wp\/v2\/types\/post"}],"author":[{"embeddable":true,"href":"https:\/\/www.crossprensa.com.ar\/news\/wp-json\/wp\/v2\/users\/2"}],"replies":[{"embeddable":true,"href":"https:\/\/www.crossprensa.com.ar\/news\/wp-json\/wp\/v2\/comments?post=80333"}],"version-history":[{"count":1,"href":"https:\/\/www.crossprensa.com.ar\/news\/wp-json\/wp\/v2\/posts\/80333\/revisions"}],"predecessor-version":[{"id":80335,"href":"https:\/\/www.crossprensa.com.ar\/news\/wp-json\/wp\/v2\/posts\/80333\/revisions\/80335"}],"wp:featuredmedia":[{"embeddable":true,"href":"https:\/\/www.crossprensa.com.ar\/news\/wp-json\/wp\/v2\/media\/80334"}],"wp:attachment":[{"href":"https:\/\/www.crossprensa.com.ar\/news\/wp-json\/wp\/v2\/media?parent=80333"}],"wp:term":[{"taxonomy":"category","embeddable":true,"href":"https:\/\/www.crossprensa.com.ar\/news\/wp-json\/wp\/v2\/categories?post=80333"},{"taxonomy":"post_tag","embeddable":true,"href":"https:\/\/www.crossprensa.com.ar\/news\/wp-json\/wp\/v2\/tags?post=80333"}],"curies":[{"name":"wp","href":"https:\/\/api.w.org\/{rel}","templated":true}]}}