{"id":80253,"date":"2026-03-11T18:31:36","date_gmt":"2026-03-11T21:31:36","guid":{"rendered":"https:\/\/www.crossprensa.com.ar\/news\/?p=80253"},"modified":"2026-03-11T18:31:36","modified_gmt":"2026-03-11T21:31:36","slug":"mxgp-argentina-herlings-y-laengenfelder-duenos-de-la-nueva-pista","status":"publish","type":"post","link":"https:\/\/www.crossprensa.com.ar\/news\/mxgp-argentina-herlings-y-laengenfelder-duenos-de-la-nueva-pista\/mxgp\/","title":{"rendered":"MXGP ARGENTINA: HERLINGS y LAENGENFELDER due\u00f1os de la nueva pista!"},"content":{"rendered":"<p>Como siempre hay mucho para analizar y poder criticar positivamente con miras a que todo mejore hacia 2027. Deportivamente fue una carrera excelente porque la condici\u00f3n de la pista dio la posibilidad a los pilotos latinos de exigirse un poco m\u00e1s ya que al no ser tan t\u00e9cnica m\u00e1s all\u00e1 de lo roto del piso, pudieron exprimir toda la potencia de los motores y el potencial propio de manejo de cada uno.<\/p>\n<p><!--more--><\/p>\n<p><img fetchpriority=\"high\" decoding=\"async\" class=\"alignnone size-full wp-image-79432\" src=\"https:\/\/www.crossprensa.com.ar\/news\/wp-content\/uploads\/2026\/01\/ktm.jpg\" alt=\"\" width=\"1598\" height=\"174\" srcset=\"https:\/\/www.crossprensa.com.ar\/news\/wp-content\/uploads\/2026\/01\/ktm.jpg 1598w, https:\/\/www.crossprensa.com.ar\/news\/wp-content\/uploads\/2026\/01\/ktm-300x33.jpg 300w, https:\/\/www.crossprensa.com.ar\/news\/wp-content\/uploads\/2026\/01\/ktm-620x68.jpg 620w, https:\/\/www.crossprensa.com.ar\/news\/wp-content\/uploads\/2026\/01\/ktm-768x84.jpg 768w, https:\/\/www.crossprensa.com.ar\/news\/wp-content\/uploads\/2026\/01\/ktm-1536x167.jpg 1536w, https:\/\/www.crossprensa.com.ar\/news\/wp-content\/uploads\/2026\/01\/ktm-1024x111.jpg 1024w\" sizes=\"(max-width: 1598px) 100vw, 1598px\" \/><\/p>\n<p>Sim\u00f3n L\u00e4engenfelder, ganador de MX2 y puntero del campeonato mundial de Motocross.<\/p>\n<p><img decoding=\"async\" class=\"alignnone size-full wp-image-80255\" src=\"https:\/\/www.crossprensa.com.ar\/news\/wp-content\/uploads\/2026\/03\/WhatsApp-Image-2026-03-10-at-21.59.06.jpeg\" alt=\"\" width=\"2560\" height=\"1706\" srcset=\"https:\/\/www.crossprensa.com.ar\/news\/wp-content\/uploads\/2026\/03\/WhatsApp-Image-2026-03-10-at-21.59.06.jpeg 2560w, https:\/\/www.crossprensa.com.ar\/news\/wp-content\/uploads\/2026\/03\/WhatsApp-Image-2026-03-10-at-21.59.06-300x200.jpeg 300w, https:\/\/www.crossprensa.com.ar\/news\/wp-content\/uploads\/2026\/03\/WhatsApp-Image-2026-03-10-at-21.59.06-600x400.jpeg 600w, https:\/\/www.crossprensa.com.ar\/news\/wp-content\/uploads\/2026\/03\/WhatsApp-Image-2026-03-10-at-21.59.06-768x512.jpeg 768w, https:\/\/www.crossprensa.com.ar\/news\/wp-content\/uploads\/2026\/03\/WhatsApp-Image-2026-03-10-at-21.59.06-1536x1024.jpeg 1536w, https:\/\/www.crossprensa.com.ar\/news\/wp-content\/uploads\/2026\/03\/WhatsApp-Image-2026-03-10-at-21.59.06-2048x1365.jpeg 2048w, https:\/\/www.crossprensa.com.ar\/news\/wp-content\/uploads\/2026\/03\/WhatsApp-Image-2026-03-10-at-21.59.06-1024x682.jpeg 1024w\" sizes=\"(max-width: 2560px) 100vw, 2560px\" \/><\/p>\n<p>En la categor\u00eda MX2, fue impecable la tarea de Simon L\u00e4engenfelder sobre la KTM oficial, que logra una victoria excelente para revalidar su #1 y comenzar el a\u00f1o con el pi\u00e9 derecho. En la segunda carrera, la lucha con Liam Everts fue excelente porque ambos pelearon metro a metro en una pista que no daba respiro porque era s\u00ed o s\u00ed a jugarse con un circuito que todas las curvas eran a 90\u00ba y esto siempre termina en que se forme una sola l\u00ednea, casi sin lugares abiertos para pasar a otro piloto. Everts aguant\u00f3 con la Husqvarna mientras pudo! Otro piloto que est\u00e1 para cosas grandes es Sacha Coenen y no es un descubrimiento lo que decimos, aunque de no tener un problema en un ojo con inflamaci\u00f3n, la historia hubiese sido otra. Y Valerio Lata con la Honda oficial apunta al podio en breve este a\u00f1o. Gran trabajo de Guillerm Farr\u00e9s y Candem McLellan que subieron al podio 2do. y 3ro. respectivamente con la Triumph!!! Everts se qued\u00f3 con ganas de m\u00e1s&#8230; Los hermanos Resuilis (Karlis y Janis), les falt\u00f3 aguante con las Yamaha pero cuando logren un estado f\u00edsico acorde, ser\u00e1n de temer!<\/p>\n<p>&nbsp;<\/p>\n<p><img decoding=\"async\" class=\"alignnone size-full wp-image-79709\" src=\"https:\/\/www.crossprensa.com.ar\/news\/wp-content\/uploads\/2026\/01\/sportadvktm.gif\" alt=\"\" width=\"1200\" height=\"100\" \/><\/p>\n<p><img loading=\"lazy\" decoding=\"async\" class=\"alignnone size-full wp-image-78226\" src=\"https:\/\/www.crossprensa.com.ar\/news\/wp-content\/uploads\/2025\/10\/Detroit.gif\" alt=\"\" width=\"1812\" height=\"151\" \/><\/p>\n<p><img loading=\"lazy\" decoding=\"async\" class=\"alignnone size-full wp-image-80210\" src=\"https:\/\/www.crossprensa.com.ar\/news\/wp-content\/uploads\/2026\/03\/PILAR.gif\" alt=\"\" width=\"1200\" height=\"100\" \/><\/p>\n<p><em><strong>Benjam\u00edn Garib, campe\u00f3n latinoamericano MX2 2026.<\/strong><\/em><\/p>\n<p><img loading=\"lazy\" decoding=\"async\" class=\"alignnone size-full wp-image-80256\" src=\"https:\/\/www.crossprensa.com.ar\/news\/wp-content\/uploads\/2026\/03\/WhatsApp-Image-2026-03-11-at-17.22.59.jpeg\" alt=\"\" width=\"2560\" height=\"1706\" srcset=\"https:\/\/www.crossprensa.com.ar\/news\/wp-content\/uploads\/2026\/03\/WhatsApp-Image-2026-03-11-at-17.22.59.jpeg 2560w, https:\/\/www.crossprensa.com.ar\/news\/wp-content\/uploads\/2026\/03\/WhatsApp-Image-2026-03-11-at-17.22.59-300x200.jpeg 300w, https:\/\/www.crossprensa.com.ar\/news\/wp-content\/uploads\/2026\/03\/WhatsApp-Image-2026-03-11-at-17.22.59-600x400.jpeg 600w, https:\/\/www.crossprensa.com.ar\/news\/wp-content\/uploads\/2026\/03\/WhatsApp-Image-2026-03-11-at-17.22.59-768x512.jpeg 768w, https:\/\/www.crossprensa.com.ar\/news\/wp-content\/uploads\/2026\/03\/WhatsApp-Image-2026-03-11-at-17.22.59-1536x1024.jpeg 1536w, https:\/\/www.crossprensa.com.ar\/news\/wp-content\/uploads\/2026\/03\/WhatsApp-Image-2026-03-11-at-17.22.59-2048x1365.jpeg 2048w, https:\/\/www.crossprensa.com.ar\/news\/wp-content\/uploads\/2026\/03\/WhatsApp-Image-2026-03-11-at-17.22.59-1024x682.jpeg 1024w\" sizes=\"(max-width: 2560px) 100vw, 2560px\" \/><\/p>\n<p>Para destacar, el gran trabajo de Benjam\u00edn Garib de Chile con la moto del equipo de Rogerio Nogueira, logrando quedarse con el t\u00edtulo latinoamericano en Bariloche, seguido de Carlos A. Padilla de Bolivia,y tercero despidi\u00e9ndose de la marca y del pa\u00eds Felipe Quirno Costa con la Honda del equipo Marengo Motos de Suardi (Sta Fe.).<\/p>\n<p><img loading=\"lazy\" decoding=\"async\" class=\"alignnone size-full wp-image-79710\" src=\"https:\/\/www.crossprensa.com.ar\/news\/wp-content\/uploads\/2026\/01\/Marengo.gif\" alt=\"\" width=\"1200\" height=\"100\" \/><\/p>\n<p><em><strong><img loading=\"lazy\" decoding=\"async\" class=\"alignnone size-full wp-image-80158\" src=\"https:\/\/www.crossprensa.com.ar\/news\/wp-content\/uploads\/2026\/02\/neuquen.gif\" alt=\"\" width=\"1200\" height=\"100\" \/><\/strong><\/em><\/p>\n<p><em><strong>MXGP fue una caja de sorpresas en todo.<\/strong><\/em><\/p>\n<p>Ver a Tom Viall\u00e9 ganando la clasificatoria, ya dejaba bien en claro que el equipo comandado por Gi\u00e1como Gariboldi, no se form\u00f3 solo para sumar grandes nombres sino tambi\u00e9n grandes carreras y victorias. Fue impresionante verlo manejar, y una l\u00e1stima la ca\u00edda de Herlings que lo alej\u00f3 de la lucha por la punta, pero era un le\u00f3n agazapado buscando venganza&#8230;<\/p>\n<p><img loading=\"lazy\" decoding=\"async\" class=\"alignnone size-full wp-image-79423\" src=\"https:\/\/www.crossprensa.com.ar\/news\/wp-content\/uploads\/2026\/01\/fox-scaled.jpg\" alt=\"\" width=\"2560\" height=\"234\" srcset=\"https:\/\/www.crossprensa.com.ar\/news\/wp-content\/uploads\/2026\/01\/fox-scaled.jpg 2560w, https:\/\/www.crossprensa.com.ar\/news\/wp-content\/uploads\/2026\/01\/fox-300x27.jpg 300w, https:\/\/www.crossprensa.com.ar\/news\/wp-content\/uploads\/2026\/01\/fox-620x57.jpg 620w, https:\/\/www.crossprensa.com.ar\/news\/wp-content\/uploads\/2026\/01\/fox-768x70.jpg 768w, https:\/\/www.crossprensa.com.ar\/news\/wp-content\/uploads\/2026\/01\/fox-1536x140.jpg 1536w, https:\/\/www.crossprensa.com.ar\/news\/wp-content\/uploads\/2026\/01\/fox-2048x187.jpg 2048w, https:\/\/www.crossprensa.com.ar\/news\/wp-content\/uploads\/2026\/01\/fox-1024x94.jpg 1024w\" sizes=\"(max-width: 2560px) 100vw, 2560px\" \/><\/p>\n<p>El Domingo, si bien la KX oficial de Febvr\u00e9 se mostr\u00f3 muy bien en las largadas, era aplastante el ritmo del holand\u00e9s con la CRF #84, con la que logr\u00f3 una adaptaci\u00f3n espectacular siendo siempre uno solo con la moto y jugando a batir a sus rivales hacia el final de las carreras siendo nuevamente el piloto que se pone en la gran vidriera del MX Mundial! No hubo forma de que pudiesen seguirlo y logr\u00f3 su segunda victoria en Argentina (la primera fue en 2018) y la nro. 113 en su historial. Febvr\u00e9 se qued\u00f3 con el 2do. escal\u00f3n del podio por tercer a\u00f1o consecutivo en Argentina, y Viall\u00e9 debut\u00f3 en el tercer lugar de la general!!!<\/p>\n<p><img loading=\"lazy\" decoding=\"async\" class=\"alignnone size-full wp-image-79429\" src=\"https:\/\/www.crossprensa.com.ar\/news\/wp-content\/uploads\/2026\/01\/kawa1200x100_animado.gif\" alt=\"\" width=\"1200\" height=\"100\" \/><\/p>\n<p><img loading=\"lazy\" decoding=\"async\" class=\"alignnone size-full wp-image-79702\" src=\"https:\/\/www.crossprensa.com.ar\/news\/wp-content\/uploads\/2026\/01\/Pizzuti.gif\" alt=\"\" width=\"1200\" height=\"100\" \/><\/p>\n<p data-olk-copy-source=\"MessageBody\">La largada de la segunda carrera se vio interrumpida por Forato que se tir\u00f3 sobre el partidor antes de que cayera, interrumpiendo los partidores de otros corredores y obligando a que la carrera fuera suspendida con bandera roja. Febvre hab\u00eda salido delante pero tuvo que ser llamado de vuelta a la l\u00ednea antes de completar dos vueltas, lo que oblig\u00f3 a una reanudaci\u00f3n total.<\/p>\n<blockquote class=\"instagram-media\" style=\"background: #FFF; border: 0; border-radius: 3px; box-shadow: 0 0 1px 0 rgba(0,0,0,0.5),0 1px 10px 0 rgba(0,0,0,0.15); margin: 1px; max-width: 540px; min-width: 326px; padding: 0; width: calc(100% - 2px);\" data-instgrm-captioned=\"\" data-instgrm-permalink=\"https:\/\/www.instagram.com\/reel\/DVwNYRJjl8K\/?utm_source=ig_embed&amp;utm_campaign=loading\" data-instgrm-version=\"14\">\n<div style=\"padding: 16px;\">\n<p>&nbsp;<\/p>\n<div style=\"display: flex; flex-direction: row; align-items: center;\">\n<div style=\"background-color: #f4f4f4; border-radius: 50%; flex-grow: 0; height: 40px; margin-right: 14px; width: 40px;\"><\/div>\n<div style=\"display: flex; flex-direction: column; flex-grow: 1; justify-content: center;\">\n<div style=\"background-color: #f4f4f4; border-radius: 4px; flex-grow: 0; height: 14px; margin-bottom: 6px; width: 100px;\"><\/div>\n<div style=\"background-color: #f4f4f4; border-radius: 4px; flex-grow: 0; height: 14px; width: 60px;\"><\/div>\n<\/div>\n<\/div>\n<div style=\"padding: 19% 0;\"><\/div>\n<div style=\"display: block; height: 50px; margin: 0 auto 12px; width: 50px;\"><\/div>\n<div style=\"padding-top: 8px;\">\n<div style=\"color: #3897f0; font-family: Arial,sans-serif; font-size: 14px; font-style: normal; font-weight: 550; line-height: 18px;\">Ver esta publicaci\u00f3n en Instagram<\/div>\n<\/div>\n<div style=\"padding: 12.5% 0;\"><\/div>\n<div style=\"display: flex; flex-direction: row; margin-bottom: 14px; align-items: center;\">\n<div>\n<div style=\"background-color: #f4f4f4; border-radius: 50%; height: 12.5px; width: 12.5px; transform: translateX(0px) translateY(7px);\"><\/div>\n<div style=\"background-color: #f4f4f4; height: 12.5px; transform: rotate(-45deg) translateX(3px) translateY(1px); width: 12.5px; flex-grow: 0; margin-right: 14px; margin-left: 2px;\"><\/div>\n<div style=\"background-color: #f4f4f4; border-radius: 50%; height: 12.5px; width: 12.5px; transform: translateX(9px) translateY(-18px);\"><\/div>\n<\/div>\n<div style=\"margin-left: 8px;\">\n<div style=\"background-color: #f4f4f4; border-radius: 50%; flex-grow: 0; height: 20px; width: 20px;\"><\/div>\n<div style=\"width: 0; height: 0; border-top: 2px solid transparent; border-left: 6px solid #f4f4f4; border-bottom: 2px solid transparent; transform: translateX(16px) translateY(-4px) rotate(30deg);\"><\/div>\n<\/div>\n<div style=\"margin-left: auto;\">\n<div style=\"width: 0px; border-top: 8px solid #F4F4F4; border-right: 8px solid transparent; transform: translateY(16px);\"><\/div>\n<div style=\"background-color: #f4f4f4; flex-grow: 0; height: 12px; width: 16px; transform: translateY(-4px);\"><\/div>\n<div style=\"width: 0; height: 0; border-top: 8px solid #F4F4F4; border-left: 8px solid transparent; transform: translateY(-4px) translateX(8px);\"><\/div>\n<\/div>\n<\/div>\n<div style=\"display: flex; flex-direction: column; flex-grow: 1; justify-content: center; margin-bottom: 24px;\">\n<div style=\"background-color: #f4f4f4; border-radius: 4px; flex-grow: 0; height: 14px; margin-bottom: 6px; width: 224px;\"><\/div>\n<div style=\"background-color: #f4f4f4; border-radius: 4px; flex-grow: 0; height: 14px; width: 144px;\"><\/div>\n<\/div>\n<p>&nbsp;<\/p>\n<p style=\"color: #c9c8cd; font-family: Arial,sans-serif; font-size: 14px; line-height: 17px; margin-bottom: 0; margin-top: 8px; overflow: hidden; padding: 8px 0 7px; text-align: center; text-overflow: ellipsis; white-space: nowrap;\"><a style=\"color: #c9c8cd; font-family: Arial,sans-serif; font-size: 14px; font-style: normal; font-weight: normal; line-height: 17px; text-decoration: none;\" href=\"https:\/\/www.instagram.com\/reel\/DVwNYRJjl8K\/?utm_source=ig_embed&amp;utm_campaign=loading\" target=\"_blank\" rel=\"noopener\">Una publicaci\u00f3n compartida de Crossprensa Argentina (@crossprensa.argentina)<\/a><\/p>\n<\/div>\n<\/blockquote>\n<p><script async src=\"\/\/www.instagram.com\/embed.js\"><\/script><br \/>\nEl\u00a0<strong>premio Fox Holeshot\u00a0<\/strong>fue para Renaux esta vez, con Febvre justo detr\u00e1s y Vialle, tras la salida de Herlings, que dej\u00f3 el 1-2-3 franc\u00e9s en cabeza. Vialle lleg\u00f3 a la segunda posici\u00f3n cuando Jonass choc\u00f3 con su compa\u00f1ero y se golpe\u00f3 en la curva dos, derribando al desafortunado Forato, as\u00ed como a la <strong>moto TEM JP253 KTM Racing\u00a0<\/strong>de\u00a0<strong>Jan Pancar\u00a0<\/strong>y la tercera Red Bull Ducati de\u00a0<strong>Jeremy Seewer.<\/strong><\/p>\n<p>Vialle realiz\u00f3 un pase fant\u00e1stico a Renaux para tomar la punta, y Febvre lo sigui\u00f3 unas rectas despu\u00e9s, mientras Gajser avanzaba para adelantar a su excompa\u00f1ero Fern\u00e1ndez y colocarse cuarto.\u00a0 Herlings estaba fuera del top diez al principio y tuvo que remontar el pelot\u00f3n, y tambi\u00e9n adelant\u00f3 al espa\u00f1ol, tras un peque\u00f1o tira y afloja previo, en la recta de salida, usando una l\u00ednea ancha que se desviaba hacia el interior de un peque\u00f1o salto para ganar velocidad, una l\u00ednea que le permiti\u00f3 ganar tiempo sobre sus rivales durante la mayor parte de la carrera.<\/p>\n<p>De repente, Vialle perdi\u00f3 el liderato al parar brevemente su moto, y reinici\u00f3 cerca de una batalla por la cuarta posici\u00f3n entre Gajser y Herlings, los viejos rivales enfrent\u00e1ndose hasta que la recta de salida de Herlings volvi\u00f3 a dar frutos para que subiera a la cuarta posici\u00f3n.\u00a0 El holand\u00e9s realiz\u00f3 entonces un impresionante adelantamiento exterior a Vialle en los baches de frenado de la mayor bajada.<\/p>\n<p>Un franc\u00e9s menos, dos para Herlings, pero no tuvo que adelantar a Renaux cuando el piloto de Yamaha, que sufr\u00eda calambres estomacales, se golpe\u00f3 al pie de la gran subida.\u00a0 En ese momento, Herlings hab\u00eda una diferencia de seis a siete segundos sobre Febvre, y parec\u00eda que el campe\u00f3n vigente podr\u00eda controlar la carrera.<\/p>\n<p>Lucas Coenen estaba teniendo una carrera tranquila hasta la sexta posici\u00f3n, lo que finalmente le situar\u00eda quinto en la general por delante de Fern\u00e1ndez, que mantuvo la quinta posici\u00f3n en la segunda carrera. Adamo mejor\u00f3 hasta la s\u00e9ptima posici\u00f3n para terminar octavo en la general detr\u00e1s de Renaux, que se remont\u00f3 para terminar octavo en la segunda carrera.\u00a0 Benistant volvi\u00f3 a quedar noveno en esa posici\u00f3n general, y su compa\u00f1ero\u00a0<strong>Kevin Horgmo\u00a0<\/strong>complet\u00f3 el top ten tras estar enfermo varios d\u00edas. Jonass se recuper\u00f3 hasta la 13\u00aa posici\u00f3n en la segunda carrera para completar el top diez general.<\/p>\n<p>Mientras tanto, Gajser avanz\u00f3 para aprovechar la posici\u00f3n de pase de Herlings y arrebatarle el tercer puesto a Vialle, aunque solo fue suficiente para el esloveno cuarto en la general. Herlings, preparado para la victoria en el GP pero a\u00fan por detr\u00e1s de Vialle en el Campeonato, apret\u00f3 los dientes y recort\u00f3 la distancia con Febvre, enviando a la multitud a rugir euf\u00f3ricos con una inteligente jugada atr\u00e1s que dej\u00f3 el resultado sin dudas.\u00a0 \u00a1Fue una jugada impresionante que igual\u00f3 los puntos del Campeonato con su compa\u00f1ero! &#8220;La Bala&#8221; llevar\u00e1 la placa roja en Espa\u00f1a, \u00a1por primera vez desde el 31 de octubre de 2021!<\/p>\n<p><em><strong>La generaci\u00f3n m\u00e1s joven puede haber ganado el s\u00e1bado, pero las estrellas consolidadas respondieron el d\u00eda del GP.\u00a0 \u00bfContinuar\u00e1 este patr\u00f3n durante la pr\u00f3xima temporada? \u00a1\u00danete a nosotros en la segunda carrera para descubrirlo!<\/strong><\/em><\/p>\n<p><img loading=\"lazy\" decoding=\"async\" class=\"alignnone size-full wp-image-80257\" src=\"https:\/\/www.crossprensa.com.ar\/news\/wp-content\/uploads\/2026\/03\/WhatsApp-Image-2026-03-10-at-21.59.07.jpeg\" alt=\"\" width=\"2560\" height=\"1706\" srcset=\"https:\/\/www.crossprensa.com.ar\/news\/wp-content\/uploads\/2026\/03\/WhatsApp-Image-2026-03-10-at-21.59.07.jpeg 2560w, https:\/\/www.crossprensa.com.ar\/news\/wp-content\/uploads\/2026\/03\/WhatsApp-Image-2026-03-10-at-21.59.07-300x200.jpeg 300w, https:\/\/www.crossprensa.com.ar\/news\/wp-content\/uploads\/2026\/03\/WhatsApp-Image-2026-03-10-at-21.59.07-600x400.jpeg 600w, https:\/\/www.crossprensa.com.ar\/news\/wp-content\/uploads\/2026\/03\/WhatsApp-Image-2026-03-10-at-21.59.07-768x512.jpeg 768w, https:\/\/www.crossprensa.com.ar\/news\/wp-content\/uploads\/2026\/03\/WhatsApp-Image-2026-03-10-at-21.59.07-1536x1024.jpeg 1536w, https:\/\/www.crossprensa.com.ar\/news\/wp-content\/uploads\/2026\/03\/WhatsApp-Image-2026-03-10-at-21.59.07-2048x1365.jpeg 2048w, https:\/\/www.crossprensa.com.ar\/news\/wp-content\/uploads\/2026\/03\/WhatsApp-Image-2026-03-10-at-21.59.07-1024x682.jpeg 1024w\" sizes=\"(max-width: 2560px) 100vw, 2560px\" \/><\/p>\n<p class=\"x_rtejustify\"><strong>Jeffrey Herlings #84: <\/strong><em>&#8220;Ayer no sali\u00f3 como estaba previsto porque me ca\u00ed en la clasificaci\u00f3n y tuve un peque\u00f1o problema con la moto despu\u00e9s, as\u00ed que tuve suerte de terminar la carrera. Hoy ha sido mucho mejor. En la primera carrera hice el holeshot e intent\u00e9 seguir las l\u00edneas de Tom [Vialle] antes de adelantar cerca del final. La segunda carrera fue un poco ca\u00f3tica con la reanudaci\u00f3n y tuve que salir desde alrededor de la d\u00e9cima posici\u00f3n, pero consegu\u00ed recortar distancias y adelantar a Romain a unas vueltas del final. Ir 1-1 en mi primera salida con Honda HRC Petronas es incre\u00edble. No podr\u00eda haber deseado un mejor debut, as\u00ed que un gran agradecimiento a todo el equipo y por el esfuerzo que todos pusieron.&#8221;<\/em><\/p>\n<p><img loading=\"lazy\" decoding=\"async\" class=\"alignnone size-full wp-image-80259\" src=\"https:\/\/www.crossprensa.com.ar\/news\/wp-content\/uploads\/2026\/03\/WhatsApp-Image-2026-03-05-at-18.12.01-1.jpeg\" alt=\"\" width=\"2560\" height=\"1706\" srcset=\"https:\/\/www.crossprensa.com.ar\/news\/wp-content\/uploads\/2026\/03\/WhatsApp-Image-2026-03-05-at-18.12.01-1.jpeg 2560w, https:\/\/www.crossprensa.com.ar\/news\/wp-content\/uploads\/2026\/03\/WhatsApp-Image-2026-03-05-at-18.12.01-1-300x200.jpeg 300w, https:\/\/www.crossprensa.com.ar\/news\/wp-content\/uploads\/2026\/03\/WhatsApp-Image-2026-03-05-at-18.12.01-1-600x400.jpeg 600w, https:\/\/www.crossprensa.com.ar\/news\/wp-content\/uploads\/2026\/03\/WhatsApp-Image-2026-03-05-at-18.12.01-1-768x512.jpeg 768w, https:\/\/www.crossprensa.com.ar\/news\/wp-content\/uploads\/2026\/03\/WhatsApp-Image-2026-03-05-at-18.12.01-1-1536x1024.jpeg 1536w, https:\/\/www.crossprensa.com.ar\/news\/wp-content\/uploads\/2026\/03\/WhatsApp-Image-2026-03-05-at-18.12.01-1-2048x1365.jpeg 2048w, https:\/\/www.crossprensa.com.ar\/news\/wp-content\/uploads\/2026\/03\/WhatsApp-Image-2026-03-05-at-18.12.01-1-1024x682.jpeg 1024w\" sizes=\"(max-width: 2560px) 100vw, 2560px\" \/><\/p>\n<p class=\"x_rtejustify\"><strong>Romain Febvre #1: <\/strong><em>&#8220;Ayer no pude arrancar y me apretaron en la recta, as\u00ed que tuve que volver a la quinta posici\u00f3n y eso fue lo mejor que pude hacer. Hoy las salidas fueron mucho mejores y hicimos algunos cambios en la moto, lo que ayud\u00f3. En la segunda carrera tuve buen ritmo en cabeza, pero a\u00fan no me sent\u00eda completamente yo mismo, as\u00ed que tenemos que seguir trabajando. Cuando Jeffrey [Herlings] estuvo cerca al final, fue dif\u00edcil defender. Hoy fue el mejor, pero es una temporada larga y empezar con un podio era mi objetivo este fin de semana.&#8221;<\/em><\/p>\n<p><img loading=\"lazy\" decoding=\"async\" class=\"alignnone size-full wp-image-80258\" src=\"https:\/\/www.crossprensa.com.ar\/news\/wp-content\/uploads\/2026\/03\/WhatsApp-Image-2026-03-10-at-21.59.06-1.jpeg\" alt=\"\" width=\"2560\" height=\"1706\" srcset=\"https:\/\/www.crossprensa.com.ar\/news\/wp-content\/uploads\/2026\/03\/WhatsApp-Image-2026-03-10-at-21.59.06-1.jpeg 2560w, https:\/\/www.crossprensa.com.ar\/news\/wp-content\/uploads\/2026\/03\/WhatsApp-Image-2026-03-10-at-21.59.06-1-300x200.jpeg 300w, https:\/\/www.crossprensa.com.ar\/news\/wp-content\/uploads\/2026\/03\/WhatsApp-Image-2026-03-10-at-21.59.06-1-600x400.jpeg 600w, https:\/\/www.crossprensa.com.ar\/news\/wp-content\/uploads\/2026\/03\/WhatsApp-Image-2026-03-10-at-21.59.06-1-768x512.jpeg 768w, https:\/\/www.crossprensa.com.ar\/news\/wp-content\/uploads\/2026\/03\/WhatsApp-Image-2026-03-10-at-21.59.06-1-1536x1024.jpeg 1536w, https:\/\/www.crossprensa.com.ar\/news\/wp-content\/uploads\/2026\/03\/WhatsApp-Image-2026-03-10-at-21.59.06-1-2048x1365.jpeg 2048w, https:\/\/www.crossprensa.com.ar\/news\/wp-content\/uploads\/2026\/03\/WhatsApp-Image-2026-03-10-at-21.59.06-1-1024x682.jpeg 1024w\" sizes=\"(max-width: 2560px) 100vw, 2560px\" \/><\/p>\n<p class=\"x_rtejustify\"><strong>Tom Vialle #16: <\/strong><em>&#8220;Se siente muy bien volver a competir en un GP. No sab\u00eda muy bien qu\u00e9 esperar al entrar en la primera ronda porque hac\u00eda tiempo que no compet\u00eda aqu\u00ed y el nivel en la categor\u00eda 450 es muy alto. Tuve buena sensaci\u00f3n con la bici todo el fin de semana y mis salidas fueron buenas, lo cual es muy importante en esta categor\u00eda. La primera carrera fue fuerte y me mantuve cerca de Jeffrey [Herlings], pero en la segunda perd\u00ed algo de energ\u00eda antes de la resalida y comet\u00ed un par de errores. En general, es un buen comienzo y seguiremos construyendo desde aqu\u00ed.&#8221;<\/em><\/p>\n<p><strong>CAMPEONATO LATINOAMERICANO: Joaqu\u00edn Poli sigue siendo el mas veloz del continente en MX1!<\/strong><\/p>\n<p><img loading=\"lazy\" decoding=\"async\" class=\"alignnone size-full wp-image-80260\" src=\"https:\/\/www.crossprensa.com.ar\/news\/wp-content\/uploads\/2026\/03\/WhatsApp-Image-2026-03-08-at-21.49.32-2.jpeg\" alt=\"\" width=\"1600\" height=\"1066\" srcset=\"https:\/\/www.crossprensa.com.ar\/news\/wp-content\/uploads\/2026\/03\/WhatsApp-Image-2026-03-08-at-21.49.32-2.jpeg 1600w, https:\/\/www.crossprensa.com.ar\/news\/wp-content\/uploads\/2026\/03\/WhatsApp-Image-2026-03-08-at-21.49.32-2-300x200.jpeg 300w, https:\/\/www.crossprensa.com.ar\/news\/wp-content\/uploads\/2026\/03\/WhatsApp-Image-2026-03-08-at-21.49.32-2-600x400.jpeg 600w, https:\/\/www.crossprensa.com.ar\/news\/wp-content\/uploads\/2026\/03\/WhatsApp-Image-2026-03-08-at-21.49.32-2-768x512.jpeg 768w, https:\/\/www.crossprensa.com.ar\/news\/wp-content\/uploads\/2026\/03\/WhatsApp-Image-2026-03-08-at-21.49.32-2-1536x1023.jpeg 1536w, https:\/\/www.crossprensa.com.ar\/news\/wp-content\/uploads\/2026\/03\/WhatsApp-Image-2026-03-08-at-21.49.32-2-1024x682.jpeg 1024w\" sizes=\"(max-width: 1600px) 100vw, 1600px\" \/><\/p>\n<p>La vigencia de Joaqu\u00edn Poli, sigue sorprendiendo! Gan\u00f3 con mucha soltura, con experiencia sobre todo y aguantando un ritmo al que ning\u00fan latino est\u00e1 acostumbrado. Pele\u00f3 la victoria con el veloc\u00edsimo boliviano Marco Antezana que ahora tiene una moto acorde a su estilo y velocidad, y sobre esa Yamaha si aparece en el MX Argentino va a ser uno de los que le va a pelear el podio y las victorias a Joaqu\u00edn! (Dije UNO DE LOS QUE, porque no va a ser el \u00fanico&#8230; pero eso se los cuento despu\u00e9s.).<\/p>\n<p>El tercero, estaba discutido al final pero el tandilense Ferm\u00edn Ciccimarra logra conseguir el trofeo que lo colocaba como 3ro. en la clasificaci\u00f3n de este campeonato que consta de una sola carrera junto al mundial MXGP.<\/p>\n<p>Bien por FIM LAT en mantener este trofeo latinoamericano que les d\u00e1 un incentivo m\u00e1s a los corredores adem\u00e1s del premio a fin de a\u00f1o para estar en las dos \u00faltimas fechas de MXGP en China y Turqu\u00eda, pero eso lo contaremos m\u00e1s adelante. (NdR: Dije TROFEO a prop\u00f3sito, porque un campeonato consta de varias carreras, no de una sola).<\/p>\n<p><img loading=\"lazy\" decoding=\"async\" class=\"alignnone size-full wp-image-80147\" src=\"https:\/\/www.crossprensa.com.ar\/news\/wp-content\/uploads\/2026\/02\/cordobamotos1.gif\" alt=\"\" width=\"1200\" height=\"100\" \/><\/p>\n<p><img loading=\"lazy\" decoding=\"async\" class=\"alignnone size-full wp-image-79876\" src=\"https:\/\/www.crossprensa.com.ar\/news\/wp-content\/uploads\/2026\/02\/Ukko26.gif\" alt=\"\" width=\"1200\" height=\"100\" \/><\/p>\n<p><img loading=\"lazy\" decoding=\"async\" class=\"alignnone size-full wp-image-79754\" src=\"https:\/\/www.crossprensa.com.ar\/news\/wp-content\/uploads\/2026\/01\/fgcarpas.gif\" alt=\"\" width=\"1200\" height=\"100\" \/><\/p>\n<p>&nbsp;<\/p>\n","protected":false},"excerpt":{"rendered":"<p>Como siempre hay mucho para analizar y poder criticar positivamente con miras a que todo&#8230;<\/p>\n","protected":false},"author":2,"featured_media":80254,"comment_status":"closed","ping_status":"closed","sticky":false,"template":"","format":"standard","meta":{"om_disable_all_campaigns":false,"_monsterinsights_skip_tracking":false,"_monsterinsights_sitenote_active":false,"_monsterinsights_sitenote_note":"","_monsterinsights_sitenote_category":0,"_uf_show_specific_survey":0,"_uf_disable_surveys":false,"footnotes":""},"categories":[24,115],"tags":[],"class_list":["post-80253","post","type-post","status-publish","format-standard","has-post-thumbnail","hentry","category-mxgp","category-mxgp-argentina"],"aioseo_notices":[],"_links":{"self":[{"href":"https:\/\/www.crossprensa.com.ar\/news\/wp-json\/wp\/v2\/posts\/80253","targetHints":{"allow":["GET"]}}],"collection":[{"href":"https:\/\/www.crossprensa.com.ar\/news\/wp-json\/wp\/v2\/posts"}],"about":[{"href":"https:\/\/www.crossprensa.com.ar\/news\/wp-json\/wp\/v2\/types\/post"}],"author":[{"embeddable":true,"href":"https:\/\/www.crossprensa.com.ar\/news\/wp-json\/wp\/v2\/users\/2"}],"replies":[{"embeddable":true,"href":"https:\/\/www.crossprensa.com.ar\/news\/wp-json\/wp\/v2\/comments?post=80253"}],"version-history":[{"count":1,"href":"https:\/\/www.crossprensa.com.ar\/news\/wp-json\/wp\/v2\/posts\/80253\/revisions"}],"predecessor-version":[{"id":80261,"href":"https:\/\/www.crossprensa.com.ar\/news\/wp-json\/wp\/v2\/posts\/80253\/revisions\/80261"}],"wp:featuredmedia":[{"embeddable":true,"href":"https:\/\/www.crossprensa.com.ar\/news\/wp-json\/wp\/v2\/media\/80254"}],"wp:attachment":[{"href":"https:\/\/www.crossprensa.com.ar\/news\/wp-json\/wp\/v2\/media?parent=80253"}],"wp:term":[{"taxonomy":"category","embeddable":true,"href":"https:\/\/www.crossprensa.com.ar\/news\/wp-json\/wp\/v2\/categories?post=80253"},{"taxonomy":"post_tag","embeddable":true,"href":"https:\/\/www.crossprensa.com.ar\/news\/wp-json\/wp\/v2\/tags?post=80253"}],"curies":[{"name":"wp","href":"https:\/\/api.w.org\/{rel}","templated":true}]}}