{"id":80226,"date":"2026-03-05T08:43:48","date_gmt":"2026-03-05T11:43:48","guid":{"rendered":"https:\/\/www.crossprensa.com.ar\/news\/?p=80226"},"modified":"2026-03-05T09:51:28","modified_gmt":"2026-03-05T12:51:28","slug":"mxgp-argentina-comienza-la-batalla-de-los-anos","status":"publish","type":"post","link":"https:\/\/www.crossprensa.com.ar\/news\/mxgp-argentina-comienza-la-batalla-de-los-anos\/mxgp\/","title":{"rendered":"MXGP ARGENTINA: Comienza la batalla de los a\u00f1os!!!"},"content":{"rendered":"<p><span data-olk-copy-source=\"MessageBody\">Por fin ha llegado!\u00a0 La tan esperada primera fecha del Campeonato Mundial de Motocross FIM 2026 se celebra este fin de semana, cuando el YPF Infinia MXGP de Argentina llega al nuevo circuito del Bariloche MX.\u00a0 Con m\u00e1s ganadores de GP que nunca en el partidor para la categor\u00eda principal de MXGP, la emoci\u00f3n y el inter\u00e9s por ver qui\u00e9n saldr\u00e1 victorioso en cada carrera est\u00e1n destinados a convertir esta en una temporada explosiva en su m\u00e1xima expresi\u00f3n. Y la batalla de los a\u00f1os, son los de edad entre los m\u00e1s experimentados y los nuevos&#8230;<\/span><\/p>\n<p><!--more--><\/p>\n<p class=\"x_rtejustify\" data-olk-copy-source=\"MessageBody\">Por primera vez desde que se concibieron ambas categor\u00edas, tanto los campeones del mundo MXGP como MX2 ser\u00e1n f\u00e1cilmente identificables con las matr\u00edculas #1 que buscar\u00e1n defender, pero \u00bfcu\u00e1nto tiempo tiempo permanecer\u00e1n con esos relucientes nuevos fondos rojos?\u00a0 \u00a1Hay muchos que quieren sacarles el color!<\/p>\n<p class=\"x_rtejustify\">El nuevo recinto se encuentra a solo 85 km al sur del antiguo circuito de Villa La Angostura, en la regi\u00f3n de la Patagonia, cerca de la frontera con Chile. La cercana ciudad de\u00a0<strong>San Carlos de Bariloche<\/strong>\u00a0se encuentra en la orilla sur del lago glaciar Nahuel Huapi, que desemboca los pies de los Andes. Sin duda, es una de las zonas de belleza natural m\u00e1s destacadas del planeta.<\/p>\n<p class=\"x_rtejustify\">La ciudad en s\u00ed es la tercera m\u00e1s visitada de toda Argentina, apoy\u00e1ndose en el turismo gracias a sus legendarias rutas de senderismo, estaciones de esqu\u00ed e instalaciones de deportes acu\u00e1ticos.\u00a0 Tambi\u00e9n es famosa por su chocolate, as\u00ed que muchas familias de los miembros del equipo ya habr\u00e1n hecho sus pedidos de regalos. Se convierte en el sexto circuito que acoge el Grand Prix Motocross en la naci\u00f3n sudamericana, que acoge su<sup>18\u00ba<\/sup>\u00a0evento MXGP y la carrera inaugural de la temporada por sexta vez.<\/p>\n<p class=\"x_rtejustify\">Despu\u00e9s de que el evento del a\u00f1o pasado se celebrara en condiciones sofocantes, esta regi\u00f3n m\u00e1s meridional est\u00e1 mucho m\u00e1s alejada del ecuador, prometiendo un clima m\u00e1s suave y una superficie m\u00e1s blanda que en C\u00f3rdoba.\u00a0 El plano del circuito y las im\u00e1genes sugieren un trazado r\u00e1pido similar con cambios de elevaci\u00f3n, y esperamos que sean tan populares como los anteriores circuitos argentinos que hemos disfrutado.<\/p>\n<p class=\"x_rtejustify\">Como apertura de la temporada en una zona horaria apenas cuatro horas por delante de Europa continental, deber\u00eda haber una enorme demanda de cobertura en MXGP-TV con un horario perfecto para dar inicio al Campeonato Mundial 2026.<\/p>\n<p align=\"center\"><img decoding=\"async\" src=\"https:\/\/www.mxgp.com\/sites\/default\/files\/images\/Images%20for%20PR\/MXGP_RGB.jpg\" alt=\"\" data-imagetype=\"External\" \/><br \/>\n<img decoding=\"async\" src=\"https:\/\/www.mxgp.com\/sites\/default\/files\/images\/Images%20for%20PR\/Red%20line.jpg\" alt=\"\" data-imagetype=\"External\" \/><\/p>\n<p class=\"x_rtejustify\">La selecci\u00f3n para MXGP es simplemente impresionante en 2026.\u00a0 En resumen, hay ocho campeones del mundo con 18 t\u00edtulos entre ambos.\u00a0 15 de los pilotos tienen trofeos de ganadores de Grand Prix en sus vitrinas, con un total de 317 victorias a su nombre, \u00a1suficiente para casi 16 temporadas completas de victorias en GPs!<\/p>\n<p class=\"x_rtejustify\">Hay historias incre\u00edbles dondequiera que mires en 2026.\u00a0 \u00a1As\u00ed que empecemos por el principio!\u00a0 El vigente campe\u00f3n\u00a0<strong>del mundo Romain Febvre<\/strong>\u00a0lucir\u00e1 la merecida placa #1 en su moto\u00a0<strong>Kawasaki Racing Team MXGP<\/strong>\u00a0, tras conseguir su segundo t\u00edtulo mundial un r\u00e9cord diez a\u00f1os despu\u00e9s del primero en una temporada consistente que le vio frenar a sus rivales perseguidores desde la s\u00e9ptima ronda en adelante.\u00a0 Aunque le han gustado ambos circuitos argentinos en los que ha competido, solo ha ganado una carrera de clasificaci\u00f3n y una de GP en sus ocho viajes al pa\u00eds, terminando segundo en la general en cada una de las dos \u00faltimas visitas. No te sorprendas de que el astuto franc\u00e9s haga un paso m\u00e1s all\u00e1 y mantenga su #1 en un brillante plato rojo.<\/p>\n<p class=\"x_rtejustify\">En segundo lugar en 2026 qued\u00f3 el piloto que ha ganado m\u00e1s GPs que nadie en las dos \u00faltimas temporadas, en su camino hacia la medalla de plata primero en la clase MX2 y luego en MXGP.\u00a0\u00a0<strong>Lucas Coenen<\/strong> no ha cambiado m\u00e1s que su n\u00famero para 2026, ya que ahora corre con el #5 de su <strong>Red Bull KTM Factory Racing<\/strong>\u00a0, y el belga buscar\u00e1 nada menos que el \u00e9xito en el t\u00edtulo en su \u00faltima campa\u00f1a como adolescente. Sin embargo, sus tres visitas a Argentina no le han sido muy favorables, con una victoria en una carrera clasificatoria MX2 en 2024 que le dio su \u00fanica placa roja hasta ahora, pero un accidente el d\u00eda de la carrera se la arrebat\u00f3 al instante. \u00bfTendr\u00e1 otro esta vez?<\/p>\n<p class=\"x_rtejustify\"><img decoding=\"async\" src=\"https:\/\/www.mxgp.com\/sites\/default\/files\/images\/FEBVRE_MXGP_1_ARG_2025_MXGP_13.jpg\" alt=\"\" data-imagetype=\"External\" \/>\u00a0 \u00a0\u00a0<img decoding=\"async\" src=\"https:\/\/www.mxgp.com\/sites\/default\/files\/images\/733230_02_Red%20Bull%20KTM_Lucas%20Coenen_De%20Carli_MXGP_Team%20Shoot_2026%20_14_Photo_Red%20Bull%20KTM%20Factory%20Racing%20De%20Carli%20IT.jpg\" alt=\"\" data-imagetype=\"External\" \/><br \/>\n<em>1. Romain Febvre; 2. Lucas Coenen (Cr\u00e9dito: KTM)<\/em><\/p>\n<p class=\"x_rtejustify\">Los dos primeros del a\u00f1o pasado se mantuvieron en sus equipos anteriores, pero sus rivales con mayor reputaci\u00f3n han experimentado un cambio masivo de programa por primera vez en m\u00e1s de una d\u00e9cada.\u00a0 Ambos cinco veces campeones del mundo en la competici\u00f3n, el holand\u00e9s\u00a0<strong>Jeffrey Herlings<\/strong>\u00a0y el esloveno\u00a0<strong>Tim Gajser<\/strong>, han cambiado de equipo por primera vez en sus largas carreras en el MXGP, y una gran parte del inter\u00e9s esta temporada es c\u00f3mo se adaptar\u00e1n a los diferentes escenarios en los que se han metido.<\/p>\n<p class=\"x_rtejustify\">Herlings, poseedor del r\u00e9cord de victorias en GP con 112 triunfos y contando, est\u00e1 ahora con el renovado\u00a0<strong>equipo Honda HRC Petronas\u00a0<\/strong>, tras diecis\u00e9is a\u00f1os en la maquinaria austriaca, y har\u00e1 falta acostumbrarse cuando la #84 llegue por primera vez a un circuito de GP con una moto japonesa. Solo dos de las victorias del piloto de 31 a\u00f1os han llegado en Argentina, siendo 2018 su \u00fanico \u00e9xito en la clase MXGP tras disfrutar de un fin de semana perfecto en MX2 en 2016.<\/p>\n<p class=\"x_rtejustify\">Gajser ha dejado HRC tras 12 a\u00f1os para unirse al equipo\u00a0<strong>Monster Energy Yamaha Factory MXGP\u00a0<\/strong>, y consigue el mejor r\u00e9cord de todos en Argentina con tres victorias en GP, siete podios, cinco victorias en carreras y tres victorias en carreras de clasificaci\u00f3n. Tras una lesi\u00f3n que descarril\u00f3 su lucha por el t\u00edtulo de 2025, est\u00e1 tan hambriento como Herlings por su sexto t\u00edtulo mundial, y ha estado fant\u00e1stico en las carreras de pretemporada. El \u00fanico ganador de GP que ha venido de Eslovenia, Tim ser\u00e1 dif\u00edcil de batir a pesar del cambio a azul mientras se prepara para cumplir 30 a\u00f1os en septiembre.<\/p>\n<p class=\"x_rtejustify\"><img decoding=\"async\" src=\"https:\/\/www.mxgp.com\/sites\/default\/files\/images\/HERLINGS%202026.jpg\" alt=\"\" data-imagetype=\"External\" \/>\u00a0 \u00a0\u00a0<img fetchpriority=\"high\" decoding=\"async\" class=\"\" src=\"https:\/\/www.mxgp.com\/sites\/default\/files\/images\/GAJSER%202026.jpg\" alt=\"\" width=\"812\" height=\"541\" data-imagetype=\"External\" \/><br \/>\n<em>Fotos: 1. Jeffrey Herlings; 2. Tim Gajser<\/em><\/p>\n<p class=\"x_rtejustify\">\u00a1Hay a\u00fan m\u00e1s misterio en el horizonte, ya que nada menos que TRES ex campeones del mundo MX2 se unen a la clase MXGP para su primer a\u00f1o con motos 450!\u00a0 El campe\u00f3n 2024\u00a0<strong>Kay de Wolf<\/strong>, el campe\u00f3n 2023\u00a0<strong>Andrea Adamo<\/strong>\u00a0y el doble campe\u00f3n\u00a0<strong>Tom Vialle<\/strong>\u00a0de 2020 y 2022 entran en la pelea, convirti\u00e9ndose en la mayor afluencia de talento deslumbrante que ha llegado al MXGP desde que la clase se cre\u00f3 a principios de los 2000.<\/p>\n<p class=\"x_rtejustify\">De Wolf ha pasado toda su carrera profesional con el equipo\u00a0<strong>Nestaan Husqvarna Factory Racing\u00a0<\/strong>, y ha estado jugando con su 450 al menos los \u00faltimos dos a\u00f1os, as\u00ed que el alto holand\u00e9s estar\u00e1 muy acostumbrado a la moto m\u00e1s grande desde la primera salida de puerta. Una lesi\u00f3n en la mano en la pretemporada podr\u00eda ser el mayor obst\u00e1culo en su camino, pero estar\u00e1 deseando no estar tan en desventaja al salir como lo estuvo en MX2. Se ha llevado el trofeo de ganador y la placa roja MX2 tras los dos \u00faltimos viajes a Sudam\u00e9rica.<\/p>\n<p class=\"x_rtejustify\">Adamo sustituye a Herlings en\u00a0<strong>Red Bull KTM Factory Racing,\u00a0<\/strong>y ha sido r\u00e1pido al instante en la SX-F 450.\u00a0 Tras una victoria en una carrera clasificatoria el a\u00f1o pasado, su GP de Argentina 2025 fue saboteado por un problema mec\u00e1nico en la primera carrera antes de que se colocara segundo en la segunda, pregunt\u00e1ndose qu\u00e9 podr\u00eda haber sido.\u00a0 Es algo menos favorito en este nivel de competici\u00f3n, pero es una posici\u00f3n en la que el valiente italiano suele prosperar.<\/p>\n<p class=\"x_rtejustify\">Vialle ha estado ausente del mundo de los GP desde que se llev\u00f3 el t\u00edtulo de MX2 2022 en el \u00faltimo suspiro, pero tambi\u00e9n ha estado muy bien en la pretemporada al unirse al equipo\u00a0<strong>Honda HRC Petronas\u00a0<\/strong>junto a Herlings.\u00a0 Con su nueva matr\u00edcula #16, el franc\u00e9s de 25 a\u00f1os tambi\u00e9n podr\u00eda ser un desvalido, aunque gan\u00f3 en Neuquen en su \u00faltima visita a Argentina.\u00a0 Su actuaci\u00f3n en 2026 es posiblemente una de las m\u00e1s dif\u00edciles de predecir.<\/p>\n<p class=\"x_rtejustify\">\u00a0<img decoding=\"async\" src=\"https:\/\/www.mxgp.com\/sites\/default\/files\/images\/VIALLE%202026.jpg\" alt=\"\" data-imagetype=\"External\" \/>\u00a0 \u00a0\u00a0<img decoding=\"async\" src=\"https:\/\/www.mxgp.com\/sites\/default\/files\/images\/200653_02_Kay%20de%20Wolf_Nestaan%20Husqvarna_FC450_MXGP_2026%20_22_.jpg\" alt=\"\" data-imagetype=\"External\" \/><br \/>\n<em>1. Tom Vialle;\u00a0 2.\u00a0<\/em><em>Kay de Wolf (Cr\u00e9dito: Husqvarna);<\/em><\/p>\n<p class=\"x_rtejustify\">El piloto que se llev\u00f3 la corona de MX2 entre los dos t\u00edtulos de Vialle es quien se llev\u00f3 la placa roja a casa tras el viaje del a\u00f1o pasado a este pa\u00eds: su\u00a0<strong>compatriota Maxime Renaux.\u00a0\u00a0<\/strong>Quedarse con\u00a0<strong>Monster Energy Yamaha Factory MXGP,\u00a0<\/strong>con quien gan\u00f3 ese t\u00edtulo en 2021 y la general general en C\u00f3rdoba el a\u00f1o pasado, estar\u00e1 interesado en mostrarse igual que su nuevo compa\u00f1ero Gajser y comenzar exactamente como en 2025.\u00a0 \u00a1Una primera ronda fuerte ser\u00e1 el combustible perfecto para que el franc\u00e9s de 25 a\u00f1os recupere la confianza de colocarse entre los mejores corredores!<\/p>\n<p class=\"x_rtejustify\">Otro con nuevos compa\u00f1eros que enfrentarse es\u00a0<strong>Rub\u00e9n Fern\u00e1ndez,\u00a0<\/strong>que vuelve a alinear para\u00a0<strong>Honda HRC Petronas\u00a0<\/strong>tras haber conseguido el cuarto puesto mundial del equipo el a\u00f1o pasado.\u00a0 Su \u00fanica victoria en el Gran Premio lleg\u00f3 en la ronda argentina de 2023, y le encantar\u00eda eclipsar a sus compa\u00f1eros m\u00e1s reconocidos as\u00ed como a todos los dem\u00e1s aspirantes mientras se dirige a su Gran Premio de casa para la segunda ronda.<\/p>\n<p class=\"x_rtejustify\">Tambi\u00e9n permanece en su anterior equipo el campe\u00f3n mundial MX2\u00a0<strong>2017 Pauls Jonass,\u00a0<\/strong>que regresa a\u00a0<strong>Kawasaki Racing Team MXGP\u00a0<\/strong>para su octava temporada en la categor\u00eda. Tras ganar dos Grandes Premios MX2 en Argentina en 2017 y 2018, tambi\u00e9n logr\u00f3 su \u00fanica victoria en una carrera de clasificaci\u00f3n en la clase MXGP en 2022, por lo que el aire sudamericano normalmente le ha hecho mucho bien.\u00a0 Decidido a mantenerse sano durante toda una temporada, podr\u00eda ser un aspirante sorpresa al podio en Bariloche.<\/p>\n<p class=\"x_rtejustify\">Con dos pilotos nuevos junto a su piloto m\u00e1s exitoso hasta la fecha,\u00a0<strong>Ducati Factory Racing MXGP\u00a0<\/strong>buscar\u00e1 avanzar a\u00fan m\u00e1s tras sorprender al grupo con m\u00faltiples holeshots en Argentina el a\u00f1o pasado.\u00a0 Con\u00a0<strong>Calvin Vlaanderen\u00a0<\/strong>y\u00a0<strong>Andrea Bonacorsi\u00a0<\/strong>uni\u00e9ndose al veterano\u00a0<strong>suizo Jeremy Seewer,\u00a0<\/strong>cuentan con pilotos que fueron sextos, octavos y d\u00e9cimos en la clasificaci\u00f3n final del MXGP 2025, con una gran mezcla de juventud y experiencia para impulsar al fabricante italiano en su segunda temporada completa de motos de cross.<\/p>\n<p class=\"x_rtejustify\">Otros dos fabricantes italianos se dirigen a Bariloche con nuevas gamas en su esperanza de seguir teniendo \u00e9xito.\u00a0\u00a0<strong>Fantic Factory Racing MXGP,\u00a0<\/strong>tras conseguir la medalla de bronce en el MXGP 2025 con\u00a0<strong>Glenn Coldenhoff,\u00a0<\/strong>est\u00e1 ahora bajo la direcci\u00f3n del ex campe\u00f3n del\u00a0<strong>mundo Jacky Martens y\u00a0<\/strong>trae\u00a0<strong>a Alberto Forato\u00a0<\/strong>y\u00a0<strong>Brent van Doninck\u00a0<\/strong>con moto oficial por primera vez en sus carreras. Ambos han sufrido recientes decepciones en Argentina y esperan un fin de semana seguro.<\/p>\n<p class=\"x_rtejustify\"><img decoding=\"async\" src=\"https:\/\/www.mxgp.com\/sites\/default\/files\/images\/732987_02_Red%20Bull%20KTM_MXGP_Adamo_Team%20Shoot_2026%20_15_Photo_Red%20Bull%20KTM%20Factory%20Racing%20AT.jpg\" alt=\"\" data-imagetype=\"External\" \/>\u00a0 \u00a0\u00a0<img decoding=\"async\" src=\"https:\/\/www.mxgp.com\/sites\/default\/files\/images\/Ducati%20Factory%20MXGP-Calvin-Vlaanderen-3001.jpg\" alt=\"\" data-imagetype=\"External\" \/><br \/>\n<em>1. Andrea Adamo (Cr\u00e9dito: KTM);\u00a02. Calvin Vlaanderen (Cr\u00e9dito: Ducati)<\/em><\/p>\n<p class=\"x_rtejustify\"><strong>MRT Racing Team Beta\u00a0<\/strong>ha incorporado al cuatro veces medallista de plata en\u00a0<strong>MX2 Jago Geerts,\u00a0<\/strong>que busca un resurgimiento en su carrera tras dos a\u00f1os dif\u00edciles en la categor\u00eda reina. Jago ha ganado dos GPs, tres carreras y dos carreras de clasificaci\u00f3n en Argentina, y espera recuperar su velocidad de MX2 en 2026.\u00a0 Le acompa\u00f1a el holand\u00e9s\u00a0<strong>Rick Elzinga,\u00a0<\/strong>el ex campe\u00f3n de EMX250 que debutar\u00e1 en MXGP en 2026.\u00a0 El equipo tiene una esperanza discreta de que sus nuevos reclutas tengan una temporada s\u00f3lida.<\/p>\n<p>15 Ganadores de Mundial largan en Bariloche!<\/p>\n<p>Jeffrey Herlings \u2013 112 GP ganadas<br \/>\nTim Gajser \u2013 52 GP ganadas<br \/>\nRomain Febvre \u2013 26<br \/>\nJago Geerts \u2013 24<br \/>\nTom Vialle \u2013 24<br \/>\nLucas Coenen \u2013 16<br \/>\nKay de Wolf &#8211; 15<br \/>\nJeremy Seewer \u2013 13<br \/>\nPauls Jonass \u2013 12<br \/>\nMaxime Renaux \u2013 9<br \/>\nAndrea Adamo \u2013 6<br \/>\nThibault Benistant \u2013 3<br \/>\nCalvin Vlaanderen \u2013 2<br \/>\nMattia Guadagnini \u2013 2<br \/>\nRuben Fernandez \u2013 1<\/p>\n","protected":false},"excerpt":{"rendered":"<p>Por fin ha llegado!\u00a0 La tan esperada primera fecha del Campeonato Mundial de Motocross FIM&#8230;<\/p>\n","protected":false},"author":2,"featured_media":80227,"comment_status":"closed","ping_status":"closed","sticky":false,"template":"","format":"standard","meta":{"om_disable_all_campaigns":false,"_monsterinsights_skip_tracking":false,"_monsterinsights_sitenote_active":false,"_monsterinsights_sitenote_note":"","_monsterinsights_sitenote_category":0,"_uf_show_specific_survey":0,"_uf_disable_surveys":false,"footnotes":""},"categories":[24,115],"tags":[],"class_list":["post-80226","post","type-post","status-publish","format-standard","has-post-thumbnail","hentry","category-mxgp","category-mxgp-argentina"],"aioseo_notices":[],"_links":{"self":[{"href":"https:\/\/www.crossprensa.com.ar\/news\/wp-json\/wp\/v2\/posts\/80226","targetHints":{"allow":["GET"]}}],"collection":[{"href":"https:\/\/www.crossprensa.com.ar\/news\/wp-json\/wp\/v2\/posts"}],"about":[{"href":"https:\/\/www.crossprensa.com.ar\/news\/wp-json\/wp\/v2\/types\/post"}],"author":[{"embeddable":true,"href":"https:\/\/www.crossprensa.com.ar\/news\/wp-json\/wp\/v2\/users\/2"}],"replies":[{"embeddable":true,"href":"https:\/\/www.crossprensa.com.ar\/news\/wp-json\/wp\/v2\/comments?post=80226"}],"version-history":[{"count":2,"href":"https:\/\/www.crossprensa.com.ar\/news\/wp-json\/wp\/v2\/posts\/80226\/revisions"}],"predecessor-version":[{"id":80229,"href":"https:\/\/www.crossprensa.com.ar\/news\/wp-json\/wp\/v2\/posts\/80226\/revisions\/80229"}],"wp:featuredmedia":[{"embeddable":true,"href":"https:\/\/www.crossprensa.com.ar\/news\/wp-json\/wp\/v2\/media\/80227"}],"wp:attachment":[{"href":"https:\/\/www.crossprensa.com.ar\/news\/wp-json\/wp\/v2\/media?parent=80226"}],"wp:term":[{"taxonomy":"category","embeddable":true,"href":"https:\/\/www.crossprensa.com.ar\/news\/wp-json\/wp\/v2\/categories?post=80226"},{"taxonomy":"post_tag","embeddable":true,"href":"https:\/\/www.crossprensa.com.ar\/news\/wp-json\/wp\/v2\/tags?post=80226"}],"curies":[{"name":"wp","href":"https:\/\/api.w.org\/{rel}","templated":true}]}}