{"id":79616,"date":"2026-01-19T08:11:34","date_gmt":"2026-01-19T11:11:34","guid":{"rendered":"https:\/\/www.crossprensa.com.ar\/news\/?p=79616"},"modified":"2026-01-19T08:11:34","modified_gmt":"2026-01-19T11:11:34","slug":"galo-zamarbide-crece-en-usa","status":"publish","type":"post","link":"https:\/\/www.crossprensa.com.ar\/news\/galo-zamarbide-crece-en-usa\/ama-motocross\/","title":{"rendered":"GALO ZAMARBIDE CRECE EN USA!"},"content":{"rendered":"<p>El piloto de Pilar acompa\u00f1ado de su padre Marcelo, est\u00e1 en USA y corri\u00f3 en un d\u00eda muy concurrido de pilotos porque esta era la \u00faltima posibilidad de girar en la pista Gatorback antes de la clasificaci\u00f3n del \u201cArea\u201d para Loretta Lynn que es dentro de poco, por lo que no estuvo nada f\u00e1cil.<\/p>\n<p><!--more--><\/p>\n<p>Fue la tercera fecha de Winter AM, en el famoso y dur\u00edsimo trazado de Gatorback, y el argentino no se achic\u00f3 a pesar de la lluvia, Galo anduvo muy bien!<br \/>\nFu\u00e9 muy duro con el clima y lo intenso de la lluvia, por lo que tuvieron que neutralizar la carrera, se corrieron las primeras mangas de todas las categor\u00edas y luego neutralizaron porque el barro hac\u00eda imposible el tr\u00e1nsito y hubo muchos abandonos.<br \/>\nGalito logra hacer podio en 2 categor\u00edas, quedando 2do y 5to!<\/p>\n<p>Y como siempre, lo estaremos siguiendo con Crossprensa. Gracias Chelo por las fotos y videos! (Chelo Zamarbide, el pap\u00e1 de Galo).<\/p>\n<p><img fetchpriority=\"high\" decoding=\"async\" class=\"alignnone size-full wp-image-79618\" src=\"https:\/\/www.crossprensa.com.ar\/news\/wp-content\/uploads\/2026\/01\/WhatsApp-Image-2026-01-18-at-17.59.08.jpeg\" alt=\"\" width=\"960\" height=\"1280\" srcset=\"https:\/\/www.crossprensa.com.ar\/news\/wp-content\/uploads\/2026\/01\/WhatsApp-Image-2026-01-18-at-17.59.08.jpeg 960w, https:\/\/www.crossprensa.com.ar\/news\/wp-content\/uploads\/2026\/01\/WhatsApp-Image-2026-01-18-at-17.59.08-225x300.jpeg 225w, https:\/\/www.crossprensa.com.ar\/news\/wp-content\/uploads\/2026\/01\/WhatsApp-Image-2026-01-18-at-17.59.08-300x400.jpeg 300w, https:\/\/www.crossprensa.com.ar\/news\/wp-content\/uploads\/2026\/01\/WhatsApp-Image-2026-01-18-at-17.59.08-768x1024.jpeg 768w\" sizes=\"(max-width: 960px) 100vw, 960px\" \/><\/p>\n","protected":false},"excerpt":{"rendered":"<p>El piloto de Pilar acompa\u00f1ado de su padre Marcelo, est\u00e1 en USA y corri\u00f3 en&#8230;<\/p>\n","protected":false},"author":2,"featured_media":79617,"comment_status":"closed","ping_status":"closed","sticky":false,"template":"","format":"standard","meta":{"om_disable_all_campaigns":false,"_monsterinsights_skip_tracking":false,"_monsterinsights_sitenote_active":false,"_monsterinsights_sitenote_note":"","_monsterinsights_sitenote_category":0,"_uf_show_specific_survey":0,"_uf_disable_surveys":false,"footnotes":""},"categories":[25,30],"tags":[],"class_list":["post-79616","post","type-post","status-publish","format-standard","has-post-thumbnail","hentry","category-ama-motocross","category-ama-supercross"],"aioseo_notices":[],"_links":{"self":[{"href":"https:\/\/www.crossprensa.com.ar\/news\/wp-json\/wp\/v2\/posts\/79616","targetHints":{"allow":["GET"]}}],"collection":[{"href":"https:\/\/www.crossprensa.com.ar\/news\/wp-json\/wp\/v2\/posts"}],"about":[{"href":"https:\/\/www.crossprensa.com.ar\/news\/wp-json\/wp\/v2\/types\/post"}],"author":[{"embeddable":true,"href":"https:\/\/www.crossprensa.com.ar\/news\/wp-json\/wp\/v2\/users\/2"}],"replies":[{"embeddable":true,"href":"https:\/\/www.crossprensa.com.ar\/news\/wp-json\/wp\/v2\/comments?post=79616"}],"version-history":[{"count":1,"href":"https:\/\/www.crossprensa.com.ar\/news\/wp-json\/wp\/v2\/posts\/79616\/revisions"}],"predecessor-version":[{"id":79619,"href":"https:\/\/www.crossprensa.com.ar\/news\/wp-json\/wp\/v2\/posts\/79616\/revisions\/79619"}],"wp:featuredmedia":[{"embeddable":true,"href":"https:\/\/www.crossprensa.com.ar\/news\/wp-json\/wp\/v2\/media\/79617"}],"wp:attachment":[{"href":"https:\/\/www.crossprensa.com.ar\/news\/wp-json\/wp\/v2\/media?parent=79616"}],"wp:term":[{"taxonomy":"category","embeddable":true,"href":"https:\/\/www.crossprensa.com.ar\/news\/wp-json\/wp\/v2\/categories?post=79616"},{"taxonomy":"post_tag","embeddable":true,"href":"https:\/\/www.crossprensa.com.ar\/news\/wp-json\/wp\/v2\/tags?post=79616"}],"curies":[{"name":"wp","href":"https:\/\/api.w.org\/{rel}","templated":true}]}}