{"id":79550,"date":"2026-01-14T14:55:07","date_gmt":"2026-01-14T17:55:07","guid":{"rendered":"https:\/\/www.crossprensa.com.ar\/news\/?p=79550"},"modified":"2026-01-14T14:55:33","modified_gmt":"2026-01-14T17:55:33","slug":"ama-sx-sexton-sobre-anaheim-1-y-kawasaki","status":"publish","type":"post","link":"https:\/\/www.crossprensa.com.ar\/news\/ama-sx-sexton-sobre-anaheim-1-y-kawasaki\/ama-motocross\/","title":{"rendered":"AMA SX: SEXTON SOBRE ANAHEIM 1 Y KAWASAKI"},"content":{"rendered":"<p>Las declaraciones de Chase Sexton despu\u00e9s de una noche donde nada le sali\u00f3 bien, todos pensaron que ir\u00edan en otro sentido pero si hay alguien calmo a la hora de hablar y m\u00e1s sobre su nuevo equipo ese es el #4.<\/p>\n<p>Gran piloto, que necesita tiempo. Y sin dudas dar\u00e1 que hablar!<\/p>\n<p><!--more--><\/p>\n<p><img fetchpriority=\"high\" decoding=\"async\" class=\"alignnone size-full wp-image-79556\" src=\"https:\/\/www.crossprensa.com.ar\/news\/wp-content\/uploads\/2026\/01\/image-25.jpg\" alt=\"\" width=\"622\" height=\"900\" \/><\/p>\n<p><img decoding=\"async\" class=\"alignnone size-full wp-image-79429\" src=\"https:\/\/www.crossprensa.com.ar\/news\/wp-content\/uploads\/2026\/01\/kawa1200x100_animado.gif\" alt=\"\" width=\"1200\" height=\"100\" \/><\/p>\n<p><em><strong>Para tener TODO en vivo en tu dispositivo, click abajo!<\/strong><\/em><\/p>\n<p><a href=\"https:\/\/wa.link\/5q8p3a\"><img decoding=\"async\" class=\"alignnone wp-image-79416 size-full\" src=\"https:\/\/www.crossprensa.com.ar\/news\/wp-content\/uploads\/2026\/01\/suscribite.jpg\" alt=\"\" width=\"1595\" height=\"175\" srcset=\"https:\/\/www.crossprensa.com.ar\/news\/wp-content\/uploads\/2026\/01\/suscribite.jpg 1595w, https:\/\/www.crossprensa.com.ar\/news\/wp-content\/uploads\/2026\/01\/suscribite-300x33.jpg 300w, https:\/\/www.crossprensa.com.ar\/news\/wp-content\/uploads\/2026\/01\/suscribite-620x68.jpg 620w, https:\/\/www.crossprensa.com.ar\/news\/wp-content\/uploads\/2026\/01\/suscribite-768x84.jpg 768w, https:\/\/www.crossprensa.com.ar\/news\/wp-content\/uploads\/2026\/01\/suscribite-1536x169.jpg 1536w, https:\/\/www.crossprensa.com.ar\/news\/wp-content\/uploads\/2026\/01\/suscribite-1024x112.jpg 1024w\" sizes=\"(max-width: 1595px) 100vw, 1595px\" \/><\/a><\/p>\n<p><em><strong>Chase Sexton sobre la A1:<\/strong><\/em> \u201cLa carrera de A1 ya pas\u00f3 y fue una carrera llena de &#8220;acontecimientos&#8221;, como m\u00ednimo, jaja. No voy a mentir, me sent\u00ed un poco oxidado compitiendo, pero por eso la primera es tan emocionante. Tengo un gran equipo y un gran grupo de personas detr\u00e1s de m\u00ed este a\u00f1o y estoy emocionado por seguir creciendo semana tras semana. \u00a1Nos vemos en San Diego! Tambi\u00e9n me gustar\u00eda enviar algunas oraciones a Malcom y Justin. Fue una experiencia muy aterradora y me alegro de que est\u00e9n sanos y enteros\u201d.<\/p>\n<p><em><strong>Para tener TODO en vivo en tu dispositivo, click abajo!<\/strong><\/em><\/p>\n<p><a href=\"https:\/\/wa.link\/5q8p3a\"><img decoding=\"async\" class=\"alignnone wp-image-79416 size-full\" src=\"https:\/\/www.crossprensa.com.ar\/news\/wp-content\/uploads\/2026\/01\/suscribite.jpg\" alt=\"\" width=\"1595\" height=\"175\" srcset=\"https:\/\/www.crossprensa.com.ar\/news\/wp-content\/uploads\/2026\/01\/suscribite.jpg 1595w, https:\/\/www.crossprensa.com.ar\/news\/wp-content\/uploads\/2026\/01\/suscribite-300x33.jpg 300w, https:\/\/www.crossprensa.com.ar\/news\/wp-content\/uploads\/2026\/01\/suscribite-620x68.jpg 620w, https:\/\/www.crossprensa.com.ar\/news\/wp-content\/uploads\/2026\/01\/suscribite-768x84.jpg 768w, https:\/\/www.crossprensa.com.ar\/news\/wp-content\/uploads\/2026\/01\/suscribite-1536x169.jpg 1536w, https:\/\/www.crossprensa.com.ar\/news\/wp-content\/uploads\/2026\/01\/suscribite-1024x112.jpg 1024w\" sizes=\"(max-width: 1595px) 100vw, 1595px\" \/><\/a><\/p>\n<p>&nbsp;<\/p>\n","protected":false},"excerpt":{"rendered":"<p>Las declaraciones de Chase Sexton despu\u00e9s de una noche donde nada le sali\u00f3 bien, todos&#8230;<\/p>\n","protected":false},"author":2,"featured_media":79444,"comment_status":"closed","ping_status":"closed","sticky":false,"template":"","format":"standard","meta":{"om_disable_all_campaigns":false,"_monsterinsights_skip_tracking":false,"_monsterinsights_sitenote_active":false,"_monsterinsights_sitenote_note":"","_monsterinsights_sitenote_category":0,"_uf_show_specific_survey":0,"_uf_disable_surveys":false,"footnotes":""},"categories":[25,30],"tags":[],"class_list":["post-79550","post","type-post","status-publish","format-standard","has-post-thumbnail","hentry","category-ama-motocross","category-ama-supercross"],"aioseo_notices":[],"_links":{"self":[{"href":"https:\/\/www.crossprensa.com.ar\/news\/wp-json\/wp\/v2\/posts\/79550","targetHints":{"allow":["GET"]}}],"collection":[{"href":"https:\/\/www.crossprensa.com.ar\/news\/wp-json\/wp\/v2\/posts"}],"about":[{"href":"https:\/\/www.crossprensa.com.ar\/news\/wp-json\/wp\/v2\/types\/post"}],"author":[{"embeddable":true,"href":"https:\/\/www.crossprensa.com.ar\/news\/wp-json\/wp\/v2\/users\/2"}],"replies":[{"embeddable":true,"href":"https:\/\/www.crossprensa.com.ar\/news\/wp-json\/wp\/v2\/comments?post=79550"}],"version-history":[{"count":1,"href":"https:\/\/www.crossprensa.com.ar\/news\/wp-json\/wp\/v2\/posts\/79550\/revisions"}],"predecessor-version":[{"id":79557,"href":"https:\/\/www.crossprensa.com.ar\/news\/wp-json\/wp\/v2\/posts\/79550\/revisions\/79557"}],"wp:featuredmedia":[{"embeddable":true,"href":"https:\/\/www.crossprensa.com.ar\/news\/wp-json\/wp\/v2\/media\/79444"}],"wp:attachment":[{"href":"https:\/\/www.crossprensa.com.ar\/news\/wp-json\/wp\/v2\/media?parent=79550"}],"wp:term":[{"taxonomy":"category","embeddable":true,"href":"https:\/\/www.crossprensa.com.ar\/news\/wp-json\/wp\/v2\/categories?post=79550"},{"taxonomy":"post_tag","embeddable":true,"href":"https:\/\/www.crossprensa.com.ar\/news\/wp-json\/wp\/v2\/tags?post=79550"}],"curies":[{"name":"wp","href":"https:\/\/api.w.org\/{rel}","templated":true}]}}