{"id":7950,"date":"2015-01-12T22:33:30","date_gmt":"2015-01-13T01:33:30","guid":{"rendered":"http:\/\/www.crossprensa.com.ar\/news\/?p=7950"},"modified":"2015-01-12T22:33:30","modified_gmt":"2015-01-13T01:33:30","slug":"se-viene-el-supercross-en-las-grutas-2","status":"publish","type":"post","link":"https:\/\/www.crossprensa.com.ar\/news\/se-viene-el-supercross-en-las-grutas-2\/sx\/","title":{"rendered":"Se viene el SUPERCROSS en Las Grutas."},"content":{"rendered":"<p style=\"text-align: justify;\">Este fin de semana pr\u00f3ximo, Las Grutas (R\u00edo Negro) presenta la primera fecha doble de Supercross en el Coliseo Las Grutas, con un circuito excelente, buenas comodidades, iluminaci\u00f3n impecable y toda la cordialidad de la organizaci\u00f3n de MX-ATV DEL GOLFO. Estar\u00e1n presentes algunos de los mejores del pa\u00eds y ser\u00e1 cobertura EN VIVO de Crossprensa. Te lo vas a perder?<\/p>\n<p><!--more--><\/p>\n","protected":false},"excerpt":{"rendered":"<p>Este fin de semana pr\u00f3ximo, Las Grutas (R\u00edo Negro) presenta la primera fecha doble de&#8230;<\/p>\n","protected":false},"author":2,"featured_media":0,"comment_status":"open","ping_status":"open","sticky":false,"template":"","format":"standard","meta":{"om_disable_all_campaigns":false,"_monsterinsights_skip_tracking":false,"_monsterinsights_sitenote_active":false,"_monsterinsights_sitenote_note":"","_monsterinsights_sitenote_category":0,"_uf_show_specific_survey":0,"_uf_disable_surveys":false,"footnotes":""},"categories":[8],"tags":[5],"class_list":["post-7950","post","type-post","status-publish","format-standard","hentry","category-sx","tag-slice"],"aioseo_notices":[],"_links":{"self":[{"href":"https:\/\/www.crossprensa.com.ar\/news\/wp-json\/wp\/v2\/posts\/7950","targetHints":{"allow":["GET"]}}],"collection":[{"href":"https:\/\/www.crossprensa.com.ar\/news\/wp-json\/wp\/v2\/posts"}],"about":[{"href":"https:\/\/www.crossprensa.com.ar\/news\/wp-json\/wp\/v2\/types\/post"}],"author":[{"embeddable":true,"href":"https:\/\/www.crossprensa.com.ar\/news\/wp-json\/wp\/v2\/users\/2"}],"replies":[{"embeddable":true,"href":"https:\/\/www.crossprensa.com.ar\/news\/wp-json\/wp\/v2\/comments?post=7950"}],"version-history":[{"count":1,"href":"https:\/\/www.crossprensa.com.ar\/news\/wp-json\/wp\/v2\/posts\/7950\/revisions"}],"predecessor-version":[{"id":7952,"href":"https:\/\/www.crossprensa.com.ar\/news\/wp-json\/wp\/v2\/posts\/7950\/revisions\/7952"}],"wp:attachment":[{"href":"https:\/\/www.crossprensa.com.ar\/news\/wp-json\/wp\/v2\/media?parent=7950"}],"wp:term":[{"taxonomy":"category","embeddable":true,"href":"https:\/\/www.crossprensa.com.ar\/news\/wp-json\/wp\/v2\/categories?post=7950"},{"taxonomy":"post_tag","embeddable":true,"href":"https:\/\/www.crossprensa.com.ar\/news\/wp-json\/wp\/v2\/tags?post=7950"}],"curies":[{"name":"wp","href":"https:\/\/api.w.org\/{rel}","templated":true}]}}