{"id":79499,"date":"2026-01-12T12:24:31","date_gmt":"2026-01-12T15:24:31","guid":{"rendered":"https:\/\/www.crossprensa.com.ar\/news\/?p=79499"},"modified":"2026-01-12T12:27:21","modified_gmt":"2026-01-12T15:27:21","slug":"brasil-se-agiganta-campeonato-sudamericano-de-motocross","status":"publish","type":"post","link":"https:\/\/www.crossprensa.com.ar\/news\/brasil-se-agiganta-campeonato-sudamericano-de-motocross\/mx-brasileno\/","title":{"rendered":"Brasil se agiganta! Campeonato Sudamericano de Motocross!!!"},"content":{"rendered":"<p>El motocross brasile\u00f1o contin\u00faa haciendo historia! Esta vez, el Campeonato Sudamericano de Motocross 2026 se disputar\u00e1 en Brasil, junto al MX1 GP Brasil Sportbay, el campeonato m\u00e1s grande de Am\u00e9rica Latina y el 2do m\u00e1s grande del mundo, en cinco etapas v\u00e1lidas exclusivamente para las categor\u00edas MX1 y MX2.<\/p>\n<p><em>A competi\u00e7\u00e3o, que j\u00e1 re\u00fane pilotos de mais de 22 pa\u00edses, recebe oficialmente atletas de toda a Am\u00e9rica do Sul, incluindo o territ\u00f3rio ultramarino da Guiana Francesa, elevando ainda mais o n\u00edvel t\u00e9cnico, a visibilidade e o prest\u00edgio do evento.<\/em><\/p>\n<p><!--more--><\/p>\n<p><img fetchpriority=\"high\" decoding=\"async\" class=\"alignnone size-full wp-image-61902\" src=\"https:\/\/www.crossprensa.com.ar\/news\/wp-content\/uploads\/2022\/12\/kawa1200x100_animado.gif\" alt=\"\" width=\"1200\" height=\"100\" \/><\/p>\n<p>La competencia, que ya re\u00fane a pilotos de m\u00e1s de 22 pa\u00edses, da la bienvenida oficialmente a atletas de toda Am\u00e9rica del Sur, incluido el territorio de ultramar de la Guayana Francesa, aumentando a\u00fan m\u00e1s el nivel t\u00e9cnico, visibilidad y prestigio del evento.<\/p>\n<p>La uni\u00f3n entre PROMOX, CBM y FIM Latinoam\u00e9rica marca un momento hist\u00f3rico para el deporte, fortalece el motocross continental y consolida a Brasil como referente mundial en modalidad.<br \/>\n<img decoding=\"async\" class=\"alignnone size-full wp-image-79423\" src=\"https:\/\/www.crossprensa.com.ar\/news\/wp-content\/uploads\/2026\/01\/fox-scaled.jpg\" alt=\"\" width=\"2560\" height=\"234\" srcset=\"https:\/\/www.crossprensa.com.ar\/news\/wp-content\/uploads\/2026\/01\/fox-scaled.jpg 2560w, https:\/\/www.crossprensa.com.ar\/news\/wp-content\/uploads\/2026\/01\/fox-300x27.jpg 300w, https:\/\/www.crossprensa.com.ar\/news\/wp-content\/uploads\/2026\/01\/fox-620x57.jpg 620w, https:\/\/www.crossprensa.com.ar\/news\/wp-content\/uploads\/2026\/01\/fox-768x70.jpg 768w, https:\/\/www.crossprensa.com.ar\/news\/wp-content\/uploads\/2026\/01\/fox-1536x140.jpg 1536w, https:\/\/www.crossprensa.com.ar\/news\/wp-content\/uploads\/2026\/01\/fox-2048x187.jpg 2048w, https:\/\/www.crossprensa.com.ar\/news\/wp-content\/uploads\/2026\/01\/fox-1024x94.jpg 1024w\" sizes=\"(max-width: 2560px) 100vw, 2560px\" \/><br \/>\nPronto saldr\u00e1 el calendario oficial, con la sede lista para carreras emocionantes, gotas intensas y adrenalina pura.<br \/>\nEl 2026 MX1 GP Brasil Sportbay ser\u00e1 el a\u00f1o de la estrella brasile\u00f1a en el motocross mundial. Y ya saben qui\u00e9n estar\u00e1 ah\u00ed, al lado de la pista!<\/p>\n<p><img decoding=\"async\" class=\"alignnone size-full wp-image-79480\" src=\"https:\/\/www.crossprensa.com.ar\/news\/wp-content\/uploads\/2026\/01\/honda1200x100px.gif\" alt=\"\" width=\"1200\" height=\"100\" \/><\/p>\n<p><em>A uni\u00e3o entre PROMOX, CBM e FIM Am\u00e9rica Latina marca um momento hist\u00f3rico para o esporte, fortalece o motocross continental e consolida a posi\u00e7\u00e3o do Brasil como l\u00edder mundial na modalidade.<\/em><\/p>\n<p><em>A programa\u00e7\u00e3o oficial ser\u00e1 divulgada em breve, com o local pronto para corridas emocionantes, descidas radicais e pura adrenalina.<\/em><\/p>\n<p><em>O MX1 GP Brasil Sportbay 2026 ser\u00e1 o ano da estrela brasileira no motocross mundial.<\/em><\/p>\n","protected":false},"excerpt":{"rendered":"<p>El motocross brasile\u00f1o contin\u00faa haciendo historia! Esta vez, el Campeonato Sudamericano de Motocross 2026 se&#8230;<\/p>\n","protected":false},"author":2,"featured_media":79501,"comment_status":"closed","ping_status":"closed","sticky":false,"template":"","format":"standard","meta":{"om_disable_all_campaigns":false,"_monsterinsights_skip_tracking":false,"_monsterinsights_sitenote_active":false,"_monsterinsights_sitenote_note":"","_monsterinsights_sitenote_category":0,"_uf_show_specific_survey":0,"_uf_disable_surveys":false,"footnotes":""},"categories":[193],"tags":[],"class_list":["post-79499","post","type-post","status-publish","format-standard","has-post-thumbnail","hentry","category-mx-brasileno"],"aioseo_notices":[],"_links":{"self":[{"href":"https:\/\/www.crossprensa.com.ar\/news\/wp-json\/wp\/v2\/posts\/79499","targetHints":{"allow":["GET"]}}],"collection":[{"href":"https:\/\/www.crossprensa.com.ar\/news\/wp-json\/wp\/v2\/posts"}],"about":[{"href":"https:\/\/www.crossprensa.com.ar\/news\/wp-json\/wp\/v2\/types\/post"}],"author":[{"embeddable":true,"href":"https:\/\/www.crossprensa.com.ar\/news\/wp-json\/wp\/v2\/users\/2"}],"replies":[{"embeddable":true,"href":"https:\/\/www.crossprensa.com.ar\/news\/wp-json\/wp\/v2\/comments?post=79499"}],"version-history":[{"count":3,"href":"https:\/\/www.crossprensa.com.ar\/news\/wp-json\/wp\/v2\/posts\/79499\/revisions"}],"predecessor-version":[{"id":79503,"href":"https:\/\/www.crossprensa.com.ar\/news\/wp-json\/wp\/v2\/posts\/79499\/revisions\/79503"}],"wp:featuredmedia":[{"embeddable":true,"href":"https:\/\/www.crossprensa.com.ar\/news\/wp-json\/wp\/v2\/media\/79501"}],"wp:attachment":[{"href":"https:\/\/www.crossprensa.com.ar\/news\/wp-json\/wp\/v2\/media?parent=79499"}],"wp:term":[{"taxonomy":"category","embeddable":true,"href":"https:\/\/www.crossprensa.com.ar\/news\/wp-json\/wp\/v2\/categories?post=79499"},{"taxonomy":"post_tag","embeddable":true,"href":"https:\/\/www.crossprensa.com.ar\/news\/wp-json\/wp\/v2\/tags?post=79499"}],"curies":[{"name":"wp","href":"https:\/\/api.w.org\/{rel}","templated":true}]}}