{"id":7921,"date":"2015-01-12T06:25:50","date_gmt":"2015-01-12T09:25:50","guid":{"rendered":"http:\/\/www.crossprensa.com.ar\/news\/?p=7921"},"modified":"2015-01-12T06:25:50","modified_gmt":"2015-01-12T09:25:50","slug":"dakar-a-pesar-del-frio-se-calento-casale","status":"publish","type":"post","link":"https:\/\/www.crossprensa.com.ar\/news\/dakar-a-pesar-del-frio-se-calento-casale\/dakar\/","title":{"rendered":"Dakar: A pesar del fr\u00edo, se calent\u00f3 Casale."},"content":{"rendered":"<h2 class=\"title\">Casale se quem\u00f3 con combustible, amenaza abandonar el Dakar y dispar\u00f3 contra la organizaci\u00f3n.<\/h2>\n<p><!--more--><\/p>\n<p class=\"bajada\" style=\"text-align: justify;\">El actual campe\u00f3n de los cuadriciclos no lo pas\u00f3 bien en la primera parte de la etapa marat\u00f3n. Pese a venir puntero durante gran parte de la especial, una fuerte tormenta en Uyuni lo dej\u00f3 a mal traer y asegur\u00f3 que <strong>\u201c<em>vi que corr\u00eda peligro mi vida<\/em>\u201d<\/strong>.<span id=\"more-544\"><\/span><\/p>\n<p style=\"text-align: justify;\">Ignacio Casale aseguraba antes del Dakar que su principal objetivo era pasarlo bien y disfrutar por primera vez de la carrera. Sin embargo, eso ha estado lejos de pasar. Primero fue una deshidrataci\u00f3n, luego un choque contra un auto y ahora todos los incovenientes que sufri\u00f3 en la primera parte de la etapa marat\u00f3n, que comprendi\u00f3 un recorrido entre Iquique y Uyuni.<\/p>\n<p style=\"text-align: justify;\">Pese a que vino puntero durante gran parte de la especial, en la recta final todo el panorama cambi\u00f3. Una fuerte tormenta azot\u00f3 el sector cercano a Uyuni y el Perro la vivi\u00f3 en carne propia. Granizos y rayos comenzaron a caer en el terreno donde iban corriendo y el piloto de cuadriciclos estuvo muy cerca de ser impactado por un destello el\u00e9ctrico, seg\u00fan confirm\u00f3 tras llegar la campamento.<\/p>\n<p style=\"text-align: justify;\">\u201c<em>Lo pas\u00e9 muy mal hoy y tengo ganas de irme para la casa. Esto ha sido un martirio y me ha funcionado todo mal. Se me viene cayendo el tanque de bencina con la rueda de repuesto y casi me cae un rayo encima. Estoy disgustado, me quiero ir para la casa y el Dakar perdi\u00f3 la gracia<\/em>\u201c, comenz\u00f3 diciendo un molesto Ignacio Casale.<\/p>\n<p style=\"text-align: justify;\">Pero el lamento del piloto nacional, que lleg\u00f3 llorando por el dolor que sufri\u00f3 tras quemarse la pierna izquierda con la bencina que perd\u00eda su tanque, no termin\u00f3 ah\u00ed y se lanz\u00f3 contra la organizaci\u00f3n por no tomar las medidas necesarias.<\/p>\n<p style=\"text-align: justify;\">\u201c<em>Me da lo mismo el resultado y me da lo mismo todo. Si ma\u00f1ana llueve, yo simplemente no parto. Es una inseguridad total y hoy vi que corr\u00eda peligro mi vida. Me tuve que refugiar en la casa de unos bolivianos. Tienen que tener conciencia (la organizaci\u00f3n) y si est\u00e1 quedando la embarrada, deber\u00edan cortar la etapa. Lo encontr\u00e9 una inconsciencia total. Fui primero por veinte minutos, pero despu\u00e9s fue un martirio, no ve\u00edas nada y no pod\u00eda apretar los frenos porque los dedos estaban congelados. Estoy muy choreado, como nunca en mi vida. Voy a ver si arreglo la moto, sino no parto ma\u00f1ana<\/em>\u201c, agreg\u00f3.<\/p>\n<p style=\"text-align: justify;\">\u201c<em>Se me est\u00e1 cayendo el tanque de bencina y ac\u00e1 quieren que arregles la moto con dos destornilladores, un alicate y un par de metros de alambre. Voy a ver qu\u00e9 voy a hacer, porque este Dakar ha sido muy malo, para no decir algo m\u00e1s feo. Voy a al cami\u00f3n y si no tienen m\u00e1quina de soldadura, me doy media vuelta y me voy a mi casa<\/em>\u201c, concluy\u00f3 un enojad\u00edsimo Ignacio Casale.<\/p>\n<p>Fuente: Elgraficochile.cl\/Maray.cl<\/p>\n","protected":false},"excerpt":{"rendered":"<p>Casale se quem\u00f3 con combustible, amenaza abandonar el Dakar y dispar\u00f3 contra la organizaci\u00f3n.<\/p>\n","protected":false},"author":2,"featured_media":0,"comment_status":"open","ping_status":"open","sticky":false,"template":"","format":"standard","meta":{"om_disable_all_campaigns":false,"_monsterinsights_skip_tracking":false,"_monsterinsights_sitenote_active":false,"_monsterinsights_sitenote_note":"","_monsterinsights_sitenote_category":0,"_uf_show_specific_survey":0,"_uf_disable_surveys":false,"footnotes":""},"categories":[11],"tags":[6],"class_list":["post-7921","post","type-post","status-publish","format-standard","hentry","category-dakar","tag-text"],"aioseo_notices":[],"_links":{"self":[{"href":"https:\/\/www.crossprensa.com.ar\/news\/wp-json\/wp\/v2\/posts\/7921","targetHints":{"allow":["GET"]}}],"collection":[{"href":"https:\/\/www.crossprensa.com.ar\/news\/wp-json\/wp\/v2\/posts"}],"about":[{"href":"https:\/\/www.crossprensa.com.ar\/news\/wp-json\/wp\/v2\/types\/post"}],"author":[{"embeddable":true,"href":"https:\/\/www.crossprensa.com.ar\/news\/wp-json\/wp\/v2\/users\/2"}],"replies":[{"embeddable":true,"href":"https:\/\/www.crossprensa.com.ar\/news\/wp-json\/wp\/v2\/comments?post=7921"}],"version-history":[{"count":1,"href":"https:\/\/www.crossprensa.com.ar\/news\/wp-json\/wp\/v2\/posts\/7921\/revisions"}],"predecessor-version":[{"id":7923,"href":"https:\/\/www.crossprensa.com.ar\/news\/wp-json\/wp\/v2\/posts\/7921\/revisions\/7923"}],"wp:attachment":[{"href":"https:\/\/www.crossprensa.com.ar\/news\/wp-json\/wp\/v2\/media?parent=7921"}],"wp:term":[{"taxonomy":"category","embeddable":true,"href":"https:\/\/www.crossprensa.com.ar\/news\/wp-json\/wp\/v2\/categories?post=7921"},{"taxonomy":"post_tag","embeddable":true,"href":"https:\/\/www.crossprensa.com.ar\/news\/wp-json\/wp\/v2\/tags?post=7921"}],"curies":[{"name":"wp","href":"https:\/\/api.w.org\/{rel}","templated":true}]}}