{"id":79075,"date":"2025-12-19T08:50:34","date_gmt":"2025-12-19T11:50:34","guid":{"rendered":"https:\/\/www.crossprensa.com.ar\/news\/?p=79075"},"modified":"2025-12-19T08:50:34","modified_gmt":"2025-12-19T11:50:34","slug":"ama-sx-honda-va-por-todo","status":"publish","type":"post","link":"https:\/\/www.crossprensa.com.ar\/news\/ama-sx-honda-va-por-todo\/ama-motocross\/","title":{"rendered":"AMA SX: HONDA VA POR TODO!"},"content":{"rendered":"<p>No vamos a descubrir nada nuevo si hablamos del \u00e9xito de Honda en el AMA SX y donde sea que presenten una moto oficial. El a\u00f1o que termina los vi\u00f3 brillar a los hnos. Lawrence y a Jo Shimoda frente a los mejores de USA.<\/p>\n<p>Aqu\u00ed les mostramos el equipo completo para 2026!<\/p>\n<p><!--more--><\/p>\n<p><strong>Para tener TODO EN VIVO en tu dispositivo, click abajo y suscribite a Crossprensa!<\/strong><\/p>\n<p><a href=\"https:\/\/wa.link\/fypars\"><img fetchpriority=\"high\" decoding=\"async\" class=\"alignnone wp-image-79057 size-full\" src=\"https:\/\/www.crossprensa.com.ar\/news\/wp-content\/uploads\/2025\/12\/suscribite.jpg\" alt=\"\" width=\"1595\" height=\"175\" \/><\/a><\/p>\n<p data-olk-copy-source=\"MessageBody\">\u00a0Aprovechando una ola de \u00e9xitos que les ha llevado a ganar 16 campeonatos profesionales AMA en los \u00faltimos siete a\u00f1os, Honda HRC Progressive se prepara para comenzar la temporada de carreras 2026. La serie AMA Supercross, de 17 fechas, comenzar\u00e1 el 10 de enero en Anaheim, California, seguida por la serie AMA Pro Motocross de 11 carreras y los Playoffs de SuperMotocross de tres carreras.<\/p>\n<p data-olk-copy-source=\"MessageBody\"><a href=\"https:\/\/www.instagram.com\/hondamotosargentina\/\"><img decoding=\"async\" class=\"alignnone wp-image-76574 size-full\" src=\"https:\/\/www.crossprensa.com.ar\/news\/wp-content\/uploads\/2025\/05\/1200x100px.gif\" alt=\"\" width=\"1200\" height=\"100\" \/><\/a><\/p>\n<p>El equipo oficial de American Honda regresa con la misma plantilla formidable que ha presentado durante los \u00faltimos dos a\u00f1os, encabezada por el fenomenal Jett Lawrence. Con tan solo 22 a\u00f1os, el australiano ya ha acumulado 10 t\u00edtulos profesionales de la AMA, incluyendo los t\u00edtulos AMA Pro Motocross y SuperMotocross 2025. Con una lesi\u00f3n que le impidi\u00f3 defender con \u00e9xito su campeonato AMA Supercross 2024, Jett est\u00e1 deseoso de recuperar lo que se considera ampliamente el honor m\u00e1s prestigioso del mundo en las carreras de motos de cross.<\/p>\n<p>Compitiendo junto a Jett en otra CRF450RWE oficial est\u00e1 su hermano Hunter Lawrence, que ha ido ascendiendo de forma constante en la categor\u00eda reina hasta convertirse en uno de los mejores pilotos del deporte, con cuatro segundos puestos en la serie desde que ascendi\u00f3 a la categor\u00eda 450 en 2024. Los hermanos Lawrence tambi\u00e9n han liderado al Team Australia a victorias en Motocross de las Naciones en los \u00faltimos dos a\u00f1os, y ambos est\u00e1n entre los favoritos para ganar t\u00edtulos AMA en 2026.<\/p>\n<p><img decoding=\"async\" class=\"alignnone size-full wp-image-79077\" src=\"https:\/\/www.crossprensa.com.ar\/news\/wp-content\/uploads\/2025\/12\/69406e516358a9.53270233.jpg\" alt=\"\" width=\"800\" height=\"533\" \/><\/p>\n<p><a href=\"https:\/\/www.instagram.com\/hondamarengomotos\/\"><img loading=\"lazy\" decoding=\"async\" class=\"alignnone wp-image-75467 size-full\" src=\"https:\/\/www.crossprensa.com.ar\/news\/wp-content\/uploads\/2025\/03\/marengo-1.gif\" alt=\"\" width=\"1200\" height=\"100\" \/><\/a><\/p>\n<p>El programa 250 de Honda HRC Progressive vuelve a estar formado por Chance Hymas y Jo Shimoda, ambos competir\u00e1n en la CRF250RWE oficial. Cuando est\u00e1 sano, Hymas ha mostrado una velocidad impresionante durante el \u00faltimo a\u00f1o, logrando victorias tanto en interiores como en exteriores. Tras recuperarse completamente de la cirug\u00eda de LCA realizada el verano pasado, el natural de Idaho competir\u00e1 en la AMA Supercross 250 Regi\u00f3n Oeste.<\/p>\n<p>Shimoda viene de la mejor temporada de su carrera, habiendo conseguido victorias en las tres series AMA y ganado el campeonato SuperMotocross 250. Desafortunadamente, el japon\u00e9s sufri\u00f3 una lesi\u00f3n de espalda durante la temporada baja y su fecha de regreso a\u00fan se desconoce.<\/p>\n<p>Al igual que en la gama de pilotos del Honda HRC Progressive, la lista de miembros clave del personal se caracteriza por la constancia. Brandon Wilson sigue dirigiendo el Departamento de Carreras de American Honda, y Lars Lindstrom afronta su quinto a\u00f1o como Director de Equipo, apoyado por los jefes de equipo 450 y 250 Grant Hutcheson y Shane Drew, respectivamente. Christien Ducharme y Cameron Camera contin\u00faan en sus papeles de llaves giratorias para los riders de 450 Jett Lawrence y Hunter Lawrence, mientras que Thomas Harris y Ben Griffith contin\u00faan en sus roles como mec\u00e1nicos de 250 para Hymas y Shimoda.<\/p>\n<p><a href=\"https:\/\/www.instagram.com\/hondapighettimotos\/\"><img loading=\"lazy\" decoding=\"async\" class=\"alignnone wp-image-78206 size-full\" src=\"https:\/\/www.crossprensa.com.ar\/news\/wp-content\/uploads\/2025\/10\/pighetti.gif\" alt=\"\" width=\"1812\" height=\"151\" \/><\/a><\/p>\n<p>&#8220;Puede sonar una locura decirlo despu\u00e9s de ganar tres campeonatos la temporada pasada, pero sentimos que en 2026 buscamos redenci\u00f3n&#8221;, dijo Brandon Wilson, Director de Carreras y Publicidad en American Honda. &#8220;La temporada 2025 nos vio perder el t\u00edtulo de AMA Supercross de primera categor\u00eda tras ganarlo en 2023 y 2024, as\u00ed que tenemos hambre de \u00e9xito en pista cubierta. Tenemos un gran equipo y una alineaci\u00f3n de pilotos incre\u00edblemente talentosa, adem\u00e1s de motos de competici\u00f3n que han demostrado ser extremadamente competitivas. Con todo eso y el apoyo de nuestros patrocinadores, nos sentimos seguros de que podemos lograr el \u00e9xito durante todo el a\u00f1o.&#8221;<\/p>\n<p>&#8220;Siempre somos optimistas de cara a las nuevas temporadas de carreras, pero esta vez siento que tenemos a\u00fan m\u00e1s motivos de lo habitual para estar confiados&#8221;, a\u00f1adi\u00f3 Lars Lindstrom, director del equipo Honda HRC Progressive. &#8220;Somos uno de los pocos equipos con una plataforma probada que llega a la temporada, y la misma alineaci\u00f3n de pilotos, que est\u00e1n a\u00fan m\u00e1s c\u00f3modos que el a\u00f1o pasado. Sinceramente, estoy deseando empezar.&#8221;<\/p>\n<p><img loading=\"lazy\" decoding=\"async\" class=\"alignnone size-full wp-image-79078\" src=\"https:\/\/www.crossprensa.com.ar\/news\/wp-content\/uploads\/2025\/12\/69406e08215de7.25009287.jpg\" alt=\"\" width=\"800\" height=\"534\" \/> <img loading=\"lazy\" decoding=\"async\" class=\"alignnone size-full wp-image-79080\" src=\"https:\/\/www.crossprensa.com.ar\/news\/wp-content\/uploads\/2025\/12\/69406effcca5a9.61217142.jpg\" alt=\"\" width=\"800\" height=\"534\" srcset=\"https:\/\/www.crossprensa.com.ar\/news\/wp-content\/uploads\/2025\/12\/69406effcca5a9.61217142.jpg 800w, https:\/\/www.crossprensa.com.ar\/news\/wp-content\/uploads\/2025\/12\/69406effcca5a9.61217142-300x200.jpg 300w, https:\/\/www.crossprensa.com.ar\/news\/wp-content\/uploads\/2025\/12\/69406effcca5a9.61217142-599x400.jpg 599w, https:\/\/www.crossprensa.com.ar\/news\/wp-content\/uploads\/2025\/12\/69406effcca5a9.61217142-768x513.jpg 768w\" sizes=\"(max-width: 800px) 100vw, 800px\" \/> <img loading=\"lazy\" decoding=\"async\" class=\"alignnone size-full wp-image-79081\" src=\"https:\/\/www.crossprensa.com.ar\/news\/wp-content\/uploads\/2025\/12\/694071c3793852.33939395.jpg\" alt=\"\" width=\"800\" height=\"534\" srcset=\"https:\/\/www.crossprensa.com.ar\/news\/wp-content\/uploads\/2025\/12\/694071c3793852.33939395.jpg 800w, https:\/\/www.crossprensa.com.ar\/news\/wp-content\/uploads\/2025\/12\/694071c3793852.33939395-300x200.jpg 300w, https:\/\/www.crossprensa.com.ar\/news\/wp-content\/uploads\/2025\/12\/694071c3793852.33939395-599x400.jpg 599w, https:\/\/www.crossprensa.com.ar\/news\/wp-content\/uploads\/2025\/12\/694071c3793852.33939395-768x513.jpg 768w\" sizes=\"(max-width: 800px) 100vw, 800px\" \/> <img loading=\"lazy\" decoding=\"async\" class=\"alignnone size-full wp-image-79082\" src=\"https:\/\/www.crossprensa.com.ar\/news\/wp-content\/uploads\/2025\/12\/6940712a77e248.61963134.jpg\" alt=\"\" width=\"800\" height=\"534\" srcset=\"https:\/\/www.crossprensa.com.ar\/news\/wp-content\/uploads\/2025\/12\/6940712a77e248.61963134.jpg 800w, https:\/\/www.crossprensa.com.ar\/news\/wp-content\/uploads\/2025\/12\/6940712a77e248.61963134-300x200.jpg 300w, https:\/\/www.crossprensa.com.ar\/news\/wp-content\/uploads\/2025\/12\/6940712a77e248.61963134-599x400.jpg 599w, https:\/\/www.crossprensa.com.ar\/news\/wp-content\/uploads\/2025\/12\/6940712a77e248.61963134-768x513.jpg 768w\" sizes=\"(max-width: 800px) 100vw, 800px\" \/> <img loading=\"lazy\" decoding=\"async\" class=\"alignnone size-full wp-image-79083\" src=\"https:\/\/www.crossprensa.com.ar\/news\/wp-content\/uploads\/2025\/12\/69407175b37e60.27030736.jpg\" alt=\"\" width=\"800\" height=\"533\" srcset=\"https:\/\/www.crossprensa.com.ar\/news\/wp-content\/uploads\/2025\/12\/69407175b37e60.27030736.jpg 800w, https:\/\/www.crossprensa.com.ar\/news\/wp-content\/uploads\/2025\/12\/69407175b37e60.27030736-300x200.jpg 300w, https:\/\/www.crossprensa.com.ar\/news\/wp-content\/uploads\/2025\/12\/69407175b37e60.27030736-600x400.jpg 600w, https:\/\/www.crossprensa.com.ar\/news\/wp-content\/uploads\/2025\/12\/69407175b37e60.27030736-768x512.jpg 768w\" sizes=\"(max-width: 800px) 100vw, 800px\" \/><\/p>\n","protected":false},"excerpt":{"rendered":"<p>No vamos a descubrir nada nuevo si hablamos del \u00e9xito de Honda en el AMA&#8230;<\/p>\n","protected":false},"author":2,"featured_media":79076,"comment_status":"closed","ping_status":"closed","sticky":false,"template":"","format":"standard","meta":{"om_disable_all_campaigns":false,"_monsterinsights_skip_tracking":false,"_monsterinsights_sitenote_active":false,"_monsterinsights_sitenote_note":"","_monsterinsights_sitenote_category":0,"_uf_show_specific_survey":0,"_uf_disable_surveys":false,"footnotes":""},"categories":[25,30],"tags":[],"class_list":["post-79075","post","type-post","status-publish","format-standard","has-post-thumbnail","hentry","category-ama-motocross","category-ama-supercross"],"aioseo_notices":[],"_links":{"self":[{"href":"https:\/\/www.crossprensa.com.ar\/news\/wp-json\/wp\/v2\/posts\/79075","targetHints":{"allow":["GET"]}}],"collection":[{"href":"https:\/\/www.crossprensa.com.ar\/news\/wp-json\/wp\/v2\/posts"}],"about":[{"href":"https:\/\/www.crossprensa.com.ar\/news\/wp-json\/wp\/v2\/types\/post"}],"author":[{"embeddable":true,"href":"https:\/\/www.crossprensa.com.ar\/news\/wp-json\/wp\/v2\/users\/2"}],"replies":[{"embeddable":true,"href":"https:\/\/www.crossprensa.com.ar\/news\/wp-json\/wp\/v2\/comments?post=79075"}],"version-history":[{"count":1,"href":"https:\/\/www.crossprensa.com.ar\/news\/wp-json\/wp\/v2\/posts\/79075\/revisions"}],"predecessor-version":[{"id":79084,"href":"https:\/\/www.crossprensa.com.ar\/news\/wp-json\/wp\/v2\/posts\/79075\/revisions\/79084"}],"wp:featuredmedia":[{"embeddable":true,"href":"https:\/\/www.crossprensa.com.ar\/news\/wp-json\/wp\/v2\/media\/79076"}],"wp:attachment":[{"href":"https:\/\/www.crossprensa.com.ar\/news\/wp-json\/wp\/v2\/media?parent=79075"}],"wp:term":[{"taxonomy":"category","embeddable":true,"href":"https:\/\/www.crossprensa.com.ar\/news\/wp-json\/wp\/v2\/categories?post=79075"},{"taxonomy":"post_tag","embeddable":true,"href":"https:\/\/www.crossprensa.com.ar\/news\/wp-json\/wp\/v2\/tags?post=79075"}],"curies":[{"name":"wp","href":"https:\/\/api.w.org\/{rel}","templated":true}]}}