{"id":7904,"date":"2015-01-11T17:37:59","date_gmt":"2015-01-11T20:37:59","guid":{"rendered":"http:\/\/www.crossprensa.com.ar\/news\/?p=7904"},"modified":"2015-01-11T17:37:59","modified_gmt":"2015-01-11T20:37:59","slug":"dakar-etapa-7-motos-y-quads","status":"publish","type":"post","link":"https:\/\/www.crossprensa.com.ar\/news\/dakar-etapa-7-motos-y-quads\/dakar\/","title":{"rendered":"DAKAR &#8211; Etapa 7 &#8211; Motos y quads."},"content":{"rendered":"<p style=\"text-align: justify;\">Hoy Bolivia vivi\u00f3 una verdadera fiesta despidiendo el paso del Dakar por su tierra. La gente de ese pa\u00eds muestra su idiosincrasia al paso de esta carrera alentando a sus pilotos como no se ve en otro lado, con trajes t\u00edpicos, sus bailes, el nacionalismo propio y la posibilidad de ver en acci\u00f3n a los locales. Aqui los resultados de hoy con los pilotos que arribaron a la meta hasta la hora 17:30, iremos actualizando a medida que lleguen<\/p>\n<h2><!--more-->\u00a0MOTOS<\/h2>\n<p><a href=\"http:\/\/www.crossprensa.com.ar\/news\/wp-content\/uploads\/2015\/01\/Gr\u00e1fico15.jpg\"><img fetchpriority=\"high\" decoding=\"async\" class=\"aligncenter size-large wp-image-7905\" src=\"http:\/\/www.crossprensa.com.ar\/news\/wp-content\/uploads\/2015\/01\/Gr\u00e1fico15-620x400.jpg\" alt=\"Gr\u00e1fico1\" width=\"620\" height=\"400\" \/><\/a><\/p>\n<h2>QUADS<\/h2>\n<p><a href=\"http:\/\/www.crossprensa.com.ar\/news\/wp-content\/uploads\/2015\/01\/Gr\u00e1fico24.jpg\"><img decoding=\"async\" class=\"aligncenter size-large wp-image-7906\" src=\"http:\/\/www.crossprensa.com.ar\/news\/wp-content\/uploads\/2015\/01\/Gr\u00e1fico24-620x97.jpg\" alt=\"Gr\u00e1fico2\" width=\"620\" height=\"97\" \/><\/a><\/p>\n","protected":false},"excerpt":{"rendered":"<p>Hoy Bolivia vivi\u00f3 una verdadera fiesta despidiendo el paso del Dakar por su tierra. La&#8230;<\/p>\n","protected":false},"author":2,"featured_media":0,"comment_status":"open","ping_status":"open","sticky":false,"template":"","format":"standard","meta":{"om_disable_all_campaigns":false,"_monsterinsights_skip_tracking":false,"_monsterinsights_sitenote_active":false,"_monsterinsights_sitenote_note":"","_monsterinsights_sitenote_category":0,"_uf_show_specific_survey":0,"_uf_disable_surveys":false,"footnotes":""},"categories":[11],"tags":[6],"class_list":["post-7904","post","type-post","status-publish","format-standard","hentry","category-dakar","tag-text"],"aioseo_notices":[],"_links":{"self":[{"href":"https:\/\/www.crossprensa.com.ar\/news\/wp-json\/wp\/v2\/posts\/7904","targetHints":{"allow":["GET"]}}],"collection":[{"href":"https:\/\/www.crossprensa.com.ar\/news\/wp-json\/wp\/v2\/posts"}],"about":[{"href":"https:\/\/www.crossprensa.com.ar\/news\/wp-json\/wp\/v2\/types\/post"}],"author":[{"embeddable":true,"href":"https:\/\/www.crossprensa.com.ar\/news\/wp-json\/wp\/v2\/users\/2"}],"replies":[{"embeddable":true,"href":"https:\/\/www.crossprensa.com.ar\/news\/wp-json\/wp\/v2\/comments?post=7904"}],"version-history":[{"count":1,"href":"https:\/\/www.crossprensa.com.ar\/news\/wp-json\/wp\/v2\/posts\/7904\/revisions"}],"predecessor-version":[{"id":7908,"href":"https:\/\/www.crossprensa.com.ar\/news\/wp-json\/wp\/v2\/posts\/7904\/revisions\/7908"}],"wp:attachment":[{"href":"https:\/\/www.crossprensa.com.ar\/news\/wp-json\/wp\/v2\/media?parent=7904"}],"wp:term":[{"taxonomy":"category","embeddable":true,"href":"https:\/\/www.crossprensa.com.ar\/news\/wp-json\/wp\/v2\/categories?post=7904"},{"taxonomy":"post_tag","embeddable":true,"href":"https:\/\/www.crossprensa.com.ar\/news\/wp-json\/wp\/v2\/tags?post=7904"}],"curies":[{"name":"wp","href":"https:\/\/api.w.org\/{rel}","templated":true}]}}