{"id":78494,"date":"2025-11-13T08:56:42","date_gmt":"2025-11-13T11:56:42","guid":{"rendered":"https:\/\/www.crossprensa.com.ar\/news\/?p=78494"},"modified":"2025-11-13T08:56:42","modified_gmt":"2025-11-13T11:56:42","slug":"sx-paris-este-fin-de-semana-vuelve-un-clasico","status":"publish","type":"post","link":"https:\/\/www.crossprensa.com.ar\/news\/sx-paris-este-fin-de-semana-vuelve-un-clasico\/sx-paris\/","title":{"rendered":"SX PARIS: Este fin de semana, vuelve un cl\u00e1sico."},"content":{"rendered":"<p>La Defense arena vuelve a ser el escenario de una carrera que volver\u00e1 a marcar historia como hace m\u00e1s de 40 a\u00f1os. Algunos de los mejores de USA, con los mejores de Europa y particularmente Francia, estar\u00e1n frente a frente S\u00e1bado y Domingo!<\/p>\n<p><!--more--><\/p>\n<p>La lista de pilotos es impresionante, y sin dudas el espect\u00e1culo va a ser grandioso, y tendr\u00e1n todo en vivo como siempre por Crossprensa.<\/p>\n<p><a href=\"https:\/\/www.instagram.com\/kayoargentina\/\"><img fetchpriority=\"high\" decoding=\"async\" class=\"alignnone wp-image-76534 size-full\" src=\"https:\/\/www.crossprensa.com.ar\/news\/wp-content\/uploads\/2025\/05\/kayo-2.jpeg\" alt=\"\" width=\"930\" height=\"100\" \/><\/a><\/p>\n<p><strong>CATEGORIA SX1<\/strong><br \/>\n#1<br \/>\nCooper WEBB<br \/>\nUSA \u2013 Monster Energy Yamaha Star Racing<\/p>\n<p>#15<br \/>\nJess PETTIS<br \/>\nCDN \u2013 Yamaha VHR<\/p>\n<p>#16<br \/>\nTom VIALLE<br \/>\nF \u2013 A venir<\/p>\n<p>#18<br \/>\nJett LAWRENCE<br \/>\nAUS \u2013 American Honda<\/p>\n<p>#27<br \/>\nMalcom STEWART<br \/>\nUSA \u2013 Husqvarna Factory Rockstar Energy<\/p>\n<p>#31<br \/>\nAdrien MALAVAL<br \/>\nF \u2013 Yamaha TMX<\/p>\n<p>#53<br \/>\nRomain PAPE<br \/>\nF \u2013 Yamaha VHR<\/p>\n<p>#72<br \/>\nLucas IMBERT<br \/>\nF \u2013 HONDA Suttel<\/p>\n<p>#85<br \/>\nC\u00e9dric SOUBEYRAS<br \/>\nF \u2013 Honda MB<\/p>\n<p>#86<br \/>\nMitchell HARRISON<br \/>\nUSA \u2013 Bud Racing Kawasaki Venum<\/p>\n<p>#91<br \/>\nPaul HABERLAND<br \/>\nD \u2013 Honda Waldman<\/p>\n<p>#96<br \/>\nHunter LAWRENCE<br \/>\nAUS \u2013 American Honda<\/p>\n<p>#103<br \/>\nScotty VERHAEGHE<br \/>\nF \u2013 Yamaha VHR<\/p>\n<p>#137<br \/>\nAdrien ESCOFFIER<br \/>\nF \u2013 Yamaha<\/p>\n<p>#384<br \/>\nLorenzo CAMPORESE<br \/>\nI \u2013 Kawasaki<\/p>\n<p>#692<br \/>\nAnder VALENTIN \u2013 LASHERAS<br \/>\nSP \u2013 Yamaha<\/p>\n<p><img decoding=\"async\" class=\"alignnone size-full wp-image-78495\" src=\"https:\/\/www.crossprensa.com.ar\/news\/wp-content\/uploads\/2025\/11\/573998724_18532147759026985_7791442921512660279_n.jpg\" alt=\"\" width=\"1440\" height=\"1440\" \/><\/p>\n<p><a href=\"https:\/\/www.instagram.com\/kawasaki.argentina\/\"><img decoding=\"async\" class=\"alignnone wp-image-76526 size-full\" src=\"https:\/\/www.crossprensa.com.ar\/news\/wp-content\/uploads\/2025\/05\/Banner-Kawasaki-Klx450-1200x100px-1.gif\" alt=\"\" width=\"1200\" height=\"100\" \/><\/a><\/p>\n<p><strong>CATEGORIA SX TOUR \u2013 SX2<\/strong><br \/>\n#3<br \/>\nJake CANNON<br \/>\nAUS \u2013 Bud Racing Kawasaki Venum<\/p>\n<p>#4<br \/>\nLuke CLOUT<br \/>\nAUS \u2013 Bud Racing Kawasaki Venum<\/p>\n<p>#11<br \/>\nCalvin FONVIEILLE<br \/>\nF \u2013 KTM TMX<\/p>\n<p>#22<br \/>\nMicka\u00ebl LAMARQUE<br \/>\nF \u2013 KTM<\/p>\n<p>#27<br \/>\nHugo MANZATO<br \/>\nF \u2013 Husqvarna<\/p>\n<p>#62<br \/>\nKelena HUMPHREY<br \/>\nUSA \u2013 Stark Future<\/p>\n<p>#96<br \/>\nCarl OSTERMANN<br \/>\nD \u2013 Husqvarna<\/p>\n<p>Wildcard<\/p>\n<p>#172<br \/>\nMathys BOISRAM\u00c9<br \/>\nF \u2013 737 Performance KTM<\/p>\n<p>#259<br \/>\nJulien LEBEAU<br \/>\nF \u2013 Triumph<\/p>\n<p>#300<br \/>\nLudwig NOAH<br \/>\nD \u2013 KTM Sarholtz<\/p>\n<p>Wildcard<\/p>\n<p>#335<br \/>\nEnzo POLIAS<br \/>\nF \u2013 Husqvarna<\/p>\n<p>Wildcard<\/p>\n<p>#388<br \/>\nAndrea BONIFACIO<br \/>\nI \u2013 Husqvarna<\/p>\n<p>#389<br \/>\nJules PIETRE<br \/>\nF-Yamaha TMX<\/p>\n<p>#505<br \/>\nDorian KOCH<br \/>\nF \u2013 Husqvarna<\/p>\n<p>#606<br \/>\nKillian VINCENT<br \/>\nF \u2013 Kawasaki<\/p>\n<p>#744<br \/>\nSaad SOULIMANI<br \/>\nMAR \u2013 TM<\/p>\n<p>#945<br \/>\nAnthony BOURDON<br \/>\nF \u2013 Honda SR Motoblouz<\/p>\n<p>#963<br \/>\nCyril ELSENER<br \/>\nCH \u2013 KTM<\/p>\n<p>#900<br \/>\nPau BLOY<br \/>\nD \u2013 Triumph<\/p>\n","protected":false},"excerpt":{"rendered":"<p>La Defense arena vuelve a ser el escenario de una carrera que volver\u00e1 a marcar&#8230;<\/p>\n","protected":false},"author":2,"featured_media":0,"comment_status":"closed","ping_status":"closed","sticky":false,"template":"","format":"standard","meta":{"om_disable_all_campaigns":false,"_monsterinsights_skip_tracking":false,"_monsterinsights_sitenote_active":false,"_monsterinsights_sitenote_note":"","_monsterinsights_sitenote_category":0,"_uf_show_specific_survey":0,"_uf_disable_surveys":false,"footnotes":""},"categories":[114],"tags":[],"class_list":["post-78494","post","type-post","status-publish","format-standard","hentry","category-sx-paris"],"aioseo_notices":[],"_links":{"self":[{"href":"https:\/\/www.crossprensa.com.ar\/news\/wp-json\/wp\/v2\/posts\/78494","targetHints":{"allow":["GET"]}}],"collection":[{"href":"https:\/\/www.crossprensa.com.ar\/news\/wp-json\/wp\/v2\/posts"}],"about":[{"href":"https:\/\/www.crossprensa.com.ar\/news\/wp-json\/wp\/v2\/types\/post"}],"author":[{"embeddable":true,"href":"https:\/\/www.crossprensa.com.ar\/news\/wp-json\/wp\/v2\/users\/2"}],"replies":[{"embeddable":true,"href":"https:\/\/www.crossprensa.com.ar\/news\/wp-json\/wp\/v2\/comments?post=78494"}],"version-history":[{"count":1,"href":"https:\/\/www.crossprensa.com.ar\/news\/wp-json\/wp\/v2\/posts\/78494\/revisions"}],"predecessor-version":[{"id":78497,"href":"https:\/\/www.crossprensa.com.ar\/news\/wp-json\/wp\/v2\/posts\/78494\/revisions\/78497"}],"wp:attachment":[{"href":"https:\/\/www.crossprensa.com.ar\/news\/wp-json\/wp\/v2\/media?parent=78494"}],"wp:term":[{"taxonomy":"category","embeddable":true,"href":"https:\/\/www.crossprensa.com.ar\/news\/wp-json\/wp\/v2\/categories?post=78494"},{"taxonomy":"post_tag","embeddable":true,"href":"https:\/\/www.crossprensa.com.ar\/news\/wp-json\/wp\/v2\/tags?post=78494"}],"curies":[{"name":"wp","href":"https:\/\/api.w.org\/{rel}","templated":true}]}}