{"id":78288,"date":"2025-10-23T10:03:27","date_gmt":"2025-10-23T13:03:27","guid":{"rendered":"https:\/\/www.crossprensa.com.ar\/news\/?p=78288"},"modified":"2025-10-23T10:06:00","modified_gmt":"2025-10-23T13:06:00","slug":"coldenhoff-se-despide-de-fantic","status":"publish","type":"post","link":"https:\/\/www.crossprensa.com.ar\/news\/coldenhoff-se-despide-de-fantic\/mxgp\/","title":{"rendered":"COLDENHOFF SE DESPIDE DE FANTIC"},"content":{"rendered":"<p>Luego de que se confirmara que Louis Vosters terminara su relaci\u00f3n con la marca italiana, lamentablemente el holand\u00e9s Glenn Coldenhoff se qued\u00f3 sin moto para MXGP. Si bien la marca va a continuar en el mundial, ser\u00e1 con otra estructura.<\/p>\n<p><!--more--><\/p>\n<p>La temporada 2025 termin\u00f3 y el tiempo se acorta para empezar el nuevo campeonato. Desde 2024, eran el equipo Fantic Factory Racing MXGP y fue sin dudas un gran desaf\u00edo con una marca nueva. En 2025 se consolidaron porque tuvieron el primer podio, luego un doble podio y la primera victoria de la marca en MXGP con Glenn Coldenhoff que termin\u00f3 3ro. en el campeonato mundial. Por el lado de Brian Bogers, ya anunci\u00f3 su retiro de las carreras. Y Andrea Bonacorsi probablemente contin\u00fae con la marca que dirigir\u00e1 Vosters ahora.<\/p>\n<p><img fetchpriority=\"high\" decoding=\"async\" class=\"alignnone size-full wp-image-78289\" src=\"https:\/\/www.crossprensa.com.ar\/news\/wp-content\/uploads\/2025\/10\/G38jnU1XkAA5IS0.jpeg\" alt=\"\" width=\"617\" height=\"680\" srcset=\"https:\/\/www.crossprensa.com.ar\/news\/wp-content\/uploads\/2025\/10\/G38jnU1XkAA5IS0.jpeg 617w, https:\/\/www.crossprensa.com.ar\/news\/wp-content\/uploads\/2025\/10\/G38jnU1XkAA5IS0-272x300.jpeg 272w, https:\/\/www.crossprensa.com.ar\/news\/wp-content\/uploads\/2025\/10\/G38jnU1XkAA5IS0-363x400.jpeg 363w\" sizes=\"(max-width: 617px) 100vw, 617px\" \/><\/p>\n<p>Fue un a\u00f1o impresionante para este equipo con la direcci\u00f3n de Louis Vosters que ahora se prepara para cambiar de color, Ducati lo espera y no va a ser una simple visita: Saldr\u00e1n a ganar!<\/p>\n<p>PERO Coldenhoff tiene dos oportunidades: La primera es ir a USA a correr el AMA, y la otra, BRASIL!!! Ya les informaremos m\u00e1s al respecto.<\/p>\n<p>Por el lado de Fantic, Jacky Martens tendr\u00e1 a su cargo el nuevo equipo.<\/p>\n","protected":false},"excerpt":{"rendered":"<p>Luego de que se confirmara que Louis Vosters terminara su relaci\u00f3n con la marca italiana,&#8230;<\/p>\n","protected":false},"author":2,"featured_media":78291,"comment_status":"closed","ping_status":"closed","sticky":false,"template":"","format":"standard","meta":{"om_disable_all_campaigns":false,"_monsterinsights_skip_tracking":false,"_monsterinsights_sitenote_active":false,"_monsterinsights_sitenote_note":"","_monsterinsights_sitenote_category":0,"_uf_show_specific_survey":0,"_uf_disable_surveys":false,"footnotes":""},"categories":[24],"tags":[],"class_list":["post-78288","post","type-post","status-publish","format-standard","has-post-thumbnail","hentry","category-mxgp"],"aioseo_notices":[],"_links":{"self":[{"href":"https:\/\/www.crossprensa.com.ar\/news\/wp-json\/wp\/v2\/posts\/78288","targetHints":{"allow":["GET"]}}],"collection":[{"href":"https:\/\/www.crossprensa.com.ar\/news\/wp-json\/wp\/v2\/posts"}],"about":[{"href":"https:\/\/www.crossprensa.com.ar\/news\/wp-json\/wp\/v2\/types\/post"}],"author":[{"embeddable":true,"href":"https:\/\/www.crossprensa.com.ar\/news\/wp-json\/wp\/v2\/users\/2"}],"replies":[{"embeddable":true,"href":"https:\/\/www.crossprensa.com.ar\/news\/wp-json\/wp\/v2\/comments?post=78288"}],"version-history":[{"count":4,"href":"https:\/\/www.crossprensa.com.ar\/news\/wp-json\/wp\/v2\/posts\/78288\/revisions"}],"predecessor-version":[{"id":78294,"href":"https:\/\/www.crossprensa.com.ar\/news\/wp-json\/wp\/v2\/posts\/78288\/revisions\/78294"}],"wp:featuredmedia":[{"embeddable":true,"href":"https:\/\/www.crossprensa.com.ar\/news\/wp-json\/wp\/v2\/media\/78291"}],"wp:attachment":[{"href":"https:\/\/www.crossprensa.com.ar\/news\/wp-json\/wp\/v2\/media?parent=78288"}],"wp:term":[{"taxonomy":"category","embeddable":true,"href":"https:\/\/www.crossprensa.com.ar\/news\/wp-json\/wp\/v2\/categories?post=78288"},{"taxonomy":"post_tag","embeddable":true,"href":"https:\/\/www.crossprensa.com.ar\/news\/wp-json\/wp\/v2\/tags?post=78288"}],"curies":[{"name":"wp","href":"https:\/\/api.w.org\/{rel}","templated":true}]}}