{"id":78035,"date":"2025-09-26T11:05:43","date_gmt":"2025-09-26T14:05:43","guid":{"rendered":"https:\/\/www.crossprensa.com.ar\/news\/?p=78035"},"modified":"2025-09-26T12:25:22","modified_gmt":"2025-09-26T15:25:22","slug":"wsx-confirmado-hayden-deegan-en-buenos-aires","status":"publish","type":"post","link":"https:\/\/www.crossprensa.com.ar\/news\/wsx-confirmado-hayden-deegan-en-buenos-aires\/wsx\/","title":{"rendered":"WSX &#8211; CONFIRMADO: HAIDEN DEEGAN EN BUENOS AIRES!!!"},"content":{"rendered":"<p>El veloz, brutal, controversial y joven famoso piloto norteamericano, estar\u00e1 corriendo el 8 de Noviembre el Campeonato Mundial de Supercross en el aut\u00f3dromo de Buenos Aires! Y ah\u00ed vamos a estar con Crossprensa EN VIVO!<\/p>\n<p><!--more--><\/p>\n<p><a href=\"https:\/\/www.instagram.com\/foxracingargentina\/\"><img fetchpriority=\"high\" decoding=\"async\" class=\"alignnone wp-image-76513 size-full\" src=\"https:\/\/www.crossprensa.com.ar\/news\/wp-content\/uploads\/2025\/05\/fox-scaled.jpg\" alt=\"\" width=\"2560\" height=\"234\" \/><\/a><\/p>\n<p>Esta\u00a0 fue la mayor sensaci\u00f3n de estar sentado sobre una bomba todos estos d\u00edas desde que nos enteramos, pero deb\u00edamos guardar silencio como nos pidieron aunque alguna pista les hemos dado en nuestras redes.<\/p>\n<p><a href=\"https:\/\/www.instagram.com\/cassano.automobili\/\"><img decoding=\"async\" class=\"alignnone wp-image-76510 size-full\" src=\"https:\/\/www.crossprensa.com.ar\/news\/wp-content\/uploads\/2025\/05\/cassano.jpg\" alt=\"\" width=\"2104\" height=\"227\" \/><\/a><\/p>\n<p>&nbsp;<\/p>\n<p>No vamos a presentar a Dangerboy Deegan porque no hace falta, ya que por s\u00ed solo y con su manejo ha logrado escalar en la consideraci\u00f3n del p\u00fablico luego de lo visto en este a\u00f1o en USA.<\/p>\n<p><a href=\"https:\/\/www.instagram.com\/ktmargentina\/\"><img decoding=\"async\" class=\"alignnone wp-image-77514 size-full\" src=\"https:\/\/www.crossprensa.com.ar\/news\/wp-content\/uploads\/2025\/08\/ktm1200x100.gif\" alt=\"\" width=\"1200\" height=\"100\" \/><\/a><\/p>\n<p>Ahora solo falta que las entradas se pongan a la venta, porque esto EXPLOTA! Y vos pod\u00e9s ser parte de la historia argentina en el Supercross, porque esto es la primera vez que pasa&#8230;<\/p>\n<p>Y donde lo viste primero? Adem\u00e1s queremos agradecer la confianza brindada por EDV Entertaiment y RX por elegirnos junto a Gato Barbery para ser los<strong> relatores oficiales de la carrera.<\/strong><\/p>\n<p>Mantenete atento porque esto RECI\u00c9N COMIENZA y hay mucho m\u00e1s para contar!!!<\/p>\n<p>CROSSPRENSA.<\/p>\n<p><img loading=\"lazy\" decoding=\"async\" class=\"alignnone size-full wp-image-77697\" src=\"https:\/\/www.crossprensa.com.ar\/news\/wp-content\/uploads\/2025\/08\/achiras-1.gif\" alt=\"\" width=\"1200\" height=\"100\" \/><\/p>\n<p><img loading=\"lazy\" decoding=\"async\" class=\"alignnone size-full wp-image-78037\" src=\"https:\/\/www.crossprensa.com.ar\/news\/wp-content\/uploads\/2025\/09\/salto.gif\" alt=\"\" width=\"1200\" height=\"100\" \/><\/p>\n<p><img loading=\"lazy\" decoding=\"async\" class=\"wp-image-78038 aligncenter\" src=\"https:\/\/www.crossprensa.com.ar\/news\/wp-content\/uploads\/2025\/09\/Esperanza2.gif\" alt=\"\" width=\"1270\" height=\"106\" \/><\/p>\n<p><img loading=\"lazy\" decoding=\"async\" class=\"alignnone size-full wp-image-78042\" src=\"https:\/\/www.crossprensa.com.ar\/news\/wp-content\/uploads\/2025\/09\/WhatsApp-Image-2025-09-26-at-10.03.36.jpeg\" alt=\"\" width=\"900\" height=\"1600\" \/><\/p>\n","protected":false},"excerpt":{"rendered":"<p>El veloz, brutal, controversial y joven famoso piloto norteamericano, estar\u00e1 corriendo el 8 de Noviembre&#8230;<\/p>\n","protected":false},"author":2,"featured_media":0,"comment_status":"closed","ping_status":"closed","sticky":false,"template":"","format":"standard","meta":{"om_disable_all_campaigns":false,"_monsterinsights_skip_tracking":false,"_monsterinsights_sitenote_active":false,"_monsterinsights_sitenote_note":"","_monsterinsights_sitenote_category":0,"_uf_show_specific_survey":0,"_uf_disable_surveys":false,"footnotes":""},"categories":[118],"tags":[],"class_list":["post-78035","post","type-post","status-publish","format-standard","hentry","category-wsx"],"aioseo_notices":[],"_links":{"self":[{"href":"https:\/\/www.crossprensa.com.ar\/news\/wp-json\/wp\/v2\/posts\/78035","targetHints":{"allow":["GET"]}}],"collection":[{"href":"https:\/\/www.crossprensa.com.ar\/news\/wp-json\/wp\/v2\/posts"}],"about":[{"href":"https:\/\/www.crossprensa.com.ar\/news\/wp-json\/wp\/v2\/types\/post"}],"author":[{"embeddable":true,"href":"https:\/\/www.crossprensa.com.ar\/news\/wp-json\/wp\/v2\/users\/2"}],"replies":[{"embeddable":true,"href":"https:\/\/www.crossprensa.com.ar\/news\/wp-json\/wp\/v2\/comments?post=78035"}],"version-history":[{"count":5,"href":"https:\/\/www.crossprensa.com.ar\/news\/wp-json\/wp\/v2\/posts\/78035\/revisions"}],"predecessor-version":[{"id":78044,"href":"https:\/\/www.crossprensa.com.ar\/news\/wp-json\/wp\/v2\/posts\/78035\/revisions\/78044"}],"wp:attachment":[{"href":"https:\/\/www.crossprensa.com.ar\/news\/wp-json\/wp\/v2\/media?parent=78035"}],"wp:term":[{"taxonomy":"category","embeddable":true,"href":"https:\/\/www.crossprensa.com.ar\/news\/wp-json\/wp\/v2\/categories?post=78035"},{"taxonomy":"post_tag","embeddable":true,"href":"https:\/\/www.crossprensa.com.ar\/news\/wp-json\/wp\/v2\/tags?post=78035"}],"curies":[{"name":"wp","href":"https:\/\/api.w.org\/{rel}","templated":true}]}}