{"id":78024,"date":"2025-09-25T11:04:55","date_gmt":"2025-09-25T14:04:55","guid":{"rendered":"https:\/\/www.crossprensa.com.ar\/news\/?p=78024"},"modified":"2025-09-25T11:04:55","modified_gmt":"2025-09-25T14:04:55","slug":"fallecio-sergio-favaro","status":"publish","type":"post","link":"https:\/\/www.crossprensa.com.ar\/news\/fallecio-sergio-favaro\/sin-categoria\/","title":{"rendered":"Falleci\u00f3 Sergio Favaro."},"content":{"rendered":"<p>Son noticias que no nos gusta dar. Y m\u00e1s trat\u00e1ndose de un amigo, incansable atr\u00e1s de sus nietos en el motocross!<\/p>\n<p>Un tipo amable, educado, buena onda, generoso y apasionado por ver a Fran y Tefo (Francesco y St\u00e9fano Cabrol) pelear por victorias, y salir corriendo con una ca\u00edda, y vivir con tant\u00edsima pasi\u00f3n cada carrera.<\/p>\n<p>De nuestra parte, de todo el MX Cordob\u00e9s, y todos los compa\u00f1eros de pista, les enviamos un enorme abrazo en silencio a toda la familia, y principalmente a Karina su hija, mam\u00e1 de los pilotos.<\/p>\n<p><!--more--><\/p>\n<p>Te vamos a extra\u00f1ar, amigo querido!<\/p>\n<p><img fetchpriority=\"high\" decoding=\"async\" class=\"alignnone size-full wp-image-78026\" src=\"https:\/\/www.crossprensa.com.ar\/news\/wp-content\/uploads\/2025\/09\/WhatsApp-Image-2025-09-25-at-10.52.13.jpeg\" alt=\"\" width=\"853\" height=\"1280\" srcset=\"https:\/\/www.crossprensa.com.ar\/news\/wp-content\/uploads\/2025\/09\/WhatsApp-Image-2025-09-25-at-10.52.13.jpeg 853w, https:\/\/www.crossprensa.com.ar\/news\/wp-content\/uploads\/2025\/09\/WhatsApp-Image-2025-09-25-at-10.52.13-200x300.jpeg 200w, https:\/\/www.crossprensa.com.ar\/news\/wp-content\/uploads\/2025\/09\/WhatsApp-Image-2025-09-25-at-10.52.13-267x400.jpeg 267w, https:\/\/www.crossprensa.com.ar\/news\/wp-content\/uploads\/2025\/09\/WhatsApp-Image-2025-09-25-at-10.52.13-768x1152.jpeg 768w\" sizes=\"(max-width: 853px) 100vw, 853px\" \/><\/p>\n","protected":false},"excerpt":{"rendered":"<p>Son noticias que no nos gusta dar. Y m\u00e1s trat\u00e1ndose de un amigo, incansable atr\u00e1s&#8230;<\/p>\n","protected":false},"author":2,"featured_media":78025,"comment_status":"closed","ping_status":"closed","sticky":false,"template":"","format":"standard","meta":{"om_disable_all_campaigns":false,"_monsterinsights_skip_tracking":false,"_monsterinsights_sitenote_active":false,"_monsterinsights_sitenote_note":"","_monsterinsights_sitenote_category":0,"_uf_show_specific_survey":0,"_uf_disable_surveys":false,"footnotes":""},"categories":[1],"tags":[],"class_list":["post-78024","post","type-post","status-publish","format-standard","has-post-thumbnail","hentry","category-sin-categoria"],"aioseo_notices":[],"_links":{"self":[{"href":"https:\/\/www.crossprensa.com.ar\/news\/wp-json\/wp\/v2\/posts\/78024","targetHints":{"allow":["GET"]}}],"collection":[{"href":"https:\/\/www.crossprensa.com.ar\/news\/wp-json\/wp\/v2\/posts"}],"about":[{"href":"https:\/\/www.crossprensa.com.ar\/news\/wp-json\/wp\/v2\/types\/post"}],"author":[{"embeddable":true,"href":"https:\/\/www.crossprensa.com.ar\/news\/wp-json\/wp\/v2\/users\/2"}],"replies":[{"embeddable":true,"href":"https:\/\/www.crossprensa.com.ar\/news\/wp-json\/wp\/v2\/comments?post=78024"}],"version-history":[{"count":1,"href":"https:\/\/www.crossprensa.com.ar\/news\/wp-json\/wp\/v2\/posts\/78024\/revisions"}],"predecessor-version":[{"id":78027,"href":"https:\/\/www.crossprensa.com.ar\/news\/wp-json\/wp\/v2\/posts\/78024\/revisions\/78027"}],"wp:featuredmedia":[{"embeddable":true,"href":"https:\/\/www.crossprensa.com.ar\/news\/wp-json\/wp\/v2\/media\/78025"}],"wp:attachment":[{"href":"https:\/\/www.crossprensa.com.ar\/news\/wp-json\/wp\/v2\/media?parent=78024"}],"wp:term":[{"taxonomy":"category","embeddable":true,"href":"https:\/\/www.crossprensa.com.ar\/news\/wp-json\/wp\/v2\/categories?post=78024"},{"taxonomy":"post_tag","embeddable":true,"href":"https:\/\/www.crossprensa.com.ar\/news\/wp-json\/wp\/v2\/tags?post=78024"}],"curies":[{"name":"wp","href":"https:\/\/api.w.org\/{rel}","templated":true}]}}