{"id":7794,"date":"2015-01-08T07:50:23","date_gmt":"2015-01-08T10:50:23","guid":{"rendered":"http:\/\/www.crossprensa.com.ar\/news\/?p=7794"},"modified":"2015-01-08T07:50:23","modified_gmt":"2015-01-08T10:50:23","slug":"dakar-abandona-salvatierra","status":"publish","type":"post","link":"https:\/\/www.crossprensa.com.ar\/news\/dakar-abandona-salvatierra\/dakar\/","title":{"rendered":"DAKAR &#8211; Abandona Salvatierra"},"content":{"rendered":"<p>ATENCION: Fotos impresionables.<\/p>\n<p>Una verdadera l\u00e1stima la noticia del abandono de nuestro amigo Chavo Salvatierra, y sobre todo antes de llegar a su tierra. Una lesi\u00f3n en su mano derecha, con una fractura expuesta hizo que debiera decir adi\u00f3s a esta aventura 2015, pero conoci\u00e9ndolo sin dudas con la mente puesta en la pr\u00f3xima carrera.<\/p>\n<p><!--more--><\/p>\n<p>&nbsp;<\/p>\n<p><a href=\"http:\/\/www.crossprensa.com.ar\/news\/wp-content\/uploads\/2015\/01\/B6y3ufZIgAAZhSt.jpg\"><img fetchpriority=\"high\" decoding=\"async\" class=\"aligncenter size-large wp-image-7795\" src=\"http:\/\/www.crossprensa.com.ar\/news\/wp-content\/uploads\/2015\/01\/B6y3ufZIgAAZhSt-299x400.jpg\" alt=\"B6y3ufZIgAAZhSt\" width=\"299\" height=\"400\" \/><\/a><\/p>\n<p><a href=\"http:\/\/www.crossprensa.com.ar\/news\/wp-content\/uploads\/2015\/01\/B6y3ukRIIAAqnCK.jpg\"><img decoding=\"async\" class=\"aligncenter size-large wp-image-7796\" src=\"http:\/\/www.crossprensa.com.ar\/news\/wp-content\/uploads\/2015\/01\/B6y3ukRIIAAqnCK-300x400.jpg\" alt=\"B6y3ukRIIAAqnCK\" width=\"300\" height=\"400\" \/><\/a><\/p>\n<p>&nbsp;<\/p>\n<p>&nbsp;<\/p>\n","protected":false},"excerpt":{"rendered":"<p>ATENCION: Fotos impresionables. Una verdadera l\u00e1stima la noticia del abandono de nuestro amigo Chavo Salvatierra,&#8230;<\/p>\n","protected":false},"author":2,"featured_media":0,"comment_status":"open","ping_status":"open","sticky":false,"template":"","format":"standard","meta":{"om_disable_all_campaigns":false,"_monsterinsights_skip_tracking":false,"_monsterinsights_sitenote_active":false,"_monsterinsights_sitenote_note":"","_monsterinsights_sitenote_category":0,"_uf_show_specific_survey":0,"_uf_disable_surveys":false,"footnotes":""},"categories":[11],"tags":[6],"class_list":["post-7794","post","type-post","status-publish","format-standard","hentry","category-dakar","tag-text"],"aioseo_notices":[],"_links":{"self":[{"href":"https:\/\/www.crossprensa.com.ar\/news\/wp-json\/wp\/v2\/posts\/7794","targetHints":{"allow":["GET"]}}],"collection":[{"href":"https:\/\/www.crossprensa.com.ar\/news\/wp-json\/wp\/v2\/posts"}],"about":[{"href":"https:\/\/www.crossprensa.com.ar\/news\/wp-json\/wp\/v2\/types\/post"}],"author":[{"embeddable":true,"href":"https:\/\/www.crossprensa.com.ar\/news\/wp-json\/wp\/v2\/users\/2"}],"replies":[{"embeddable":true,"href":"https:\/\/www.crossprensa.com.ar\/news\/wp-json\/wp\/v2\/comments?post=7794"}],"version-history":[{"count":1,"href":"https:\/\/www.crossprensa.com.ar\/news\/wp-json\/wp\/v2\/posts\/7794\/revisions"}],"predecessor-version":[{"id":7798,"href":"https:\/\/www.crossprensa.com.ar\/news\/wp-json\/wp\/v2\/posts\/7794\/revisions\/7798"}],"wp:attachment":[{"href":"https:\/\/www.crossprensa.com.ar\/news\/wp-json\/wp\/v2\/media?parent=7794"}],"wp:term":[{"taxonomy":"category","embeddable":true,"href":"https:\/\/www.crossprensa.com.ar\/news\/wp-json\/wp\/v2\/categories?post=7794"},{"taxonomy":"post_tag","embeddable":true,"href":"https:\/\/www.crossprensa.com.ar\/news\/wp-json\/wp\/v2\/tags?post=7794"}],"curies":[{"name":"wp","href":"https:\/\/api.w.org\/{rel}","templated":true}]}}