{"id":77938,"date":"2025-09-19T20:10:11","date_gmt":"2025-09-19T23:10:11","guid":{"rendered":"https:\/\/www.crossprensa.com.ar\/news\/?p=77938"},"modified":"2025-09-19T20:10:11","modified_gmt":"2025-09-19T23:10:11","slug":"mx-latinoamericano-en-uruguay-argentinos-listos","status":"publish","type":"post","link":"https:\/\/www.crossprensa.com.ar\/news\/mx-latinoamericano-en-uruguay-argentinos-listos\/sin-categoria\/","title":{"rendered":"MX LATINOAMERICANO EN URUGUAY: Argentinos LISTOS!!!"},"content":{"rendered":"<p>Una muy linda delegaci\u00f3n de pilotos argentinos estar\u00e1n este pr\u00f3ximo fin de semana en Rivera, Uruguay, para el campeonato latinoamericano de Motocross en el hermoso circuito del aut\u00f3dromo. Tendremos transmisi\u00f3n EN VIVO de todo lo que est\u00e9 pasando, en nuestra web como siempre!<\/p>\n<p><!--more--><\/p>\n<p>Y entre tantas cosas buenas, QUE BUENO es poder trabajar con gente eficiente, generosa y con la mejor buena onda como Valeria Vire (Jefa de prensa de la FUM), y nuestro querido amigo Federico Cerde\u00f1a!<\/p>\n<p>Sin dudas que tendr\u00e1n el \u00e9xito que se merecen ampliamente!!!<\/p>\n<p><img fetchpriority=\"high\" decoding=\"async\" class=\"alignnone size-full wp-image-77940\" src=\"https:\/\/www.crossprensa.com.ar\/news\/wp-content\/uploads\/2025\/09\/WhatsApp-Image-2025-09-19-at-16.37.11.jpeg\" alt=\"\" width=\"900\" height=\"1600\" srcset=\"https:\/\/www.crossprensa.com.ar\/news\/wp-content\/uploads\/2025\/09\/WhatsApp-Image-2025-09-19-at-16.37.11.jpeg 900w, https:\/\/www.crossprensa.com.ar\/news\/wp-content\/uploads\/2025\/09\/WhatsApp-Image-2025-09-19-at-16.37.11-169x300.jpeg 169w, https:\/\/www.crossprensa.com.ar\/news\/wp-content\/uploads\/2025\/09\/WhatsApp-Image-2025-09-19-at-16.37.11-225x400.jpeg 225w, https:\/\/www.crossprensa.com.ar\/news\/wp-content\/uploads\/2025\/09\/WhatsApp-Image-2025-09-19-at-16.37.11-768x1365.jpeg 768w, https:\/\/www.crossprensa.com.ar\/news\/wp-content\/uploads\/2025\/09\/WhatsApp-Image-2025-09-19-at-16.37.11-864x1536.jpeg 864w\" sizes=\"(max-width: 900px) 100vw, 900px\" \/><\/p>\n<p><a href=\"https:\/\/www.instagram.com\/sl.mechanic\/\"><img decoding=\"async\" class=\"alignnone wp-image-76525 size-full\" src=\"https:\/\/www.crossprensa.com.ar\/news\/wp-content\/uploads\/2025\/05\/sl.jpg\" alt=\"\" width=\"1283\" height=\"109\" \/><\/a><\/p>\n<p><img decoding=\"async\" class=\"alignnone size-full wp-image-77941\" src=\"https:\/\/www.crossprensa.com.ar\/news\/wp-content\/uploads\/2025\/09\/WhatsApp-Image-2025-09-19-at-16.37.12-1.jpeg\" alt=\"\" width=\"900\" height=\"1600\" srcset=\"https:\/\/www.crossprensa.com.ar\/news\/wp-content\/uploads\/2025\/09\/WhatsApp-Image-2025-09-19-at-16.37.12-1.jpeg 900w, https:\/\/www.crossprensa.com.ar\/news\/wp-content\/uploads\/2025\/09\/WhatsApp-Image-2025-09-19-at-16.37.12-1-169x300.jpeg 169w, https:\/\/www.crossprensa.com.ar\/news\/wp-content\/uploads\/2025\/09\/WhatsApp-Image-2025-09-19-at-16.37.12-1-225x400.jpeg 225w, https:\/\/www.crossprensa.com.ar\/news\/wp-content\/uploads\/2025\/09\/WhatsApp-Image-2025-09-19-at-16.37.12-1-768x1365.jpeg 768w, https:\/\/www.crossprensa.com.ar\/news\/wp-content\/uploads\/2025\/09\/WhatsApp-Image-2025-09-19-at-16.37.12-1-864x1536.jpeg 864w\" sizes=\"(max-width: 900px) 100vw, 900px\" \/><\/p>\n","protected":false},"excerpt":{"rendered":"<p>Una muy linda delegaci\u00f3n de pilotos argentinos estar\u00e1n este pr\u00f3ximo fin de semana en Rivera,&#8230;<\/p>\n","protected":false},"author":2,"featured_media":77939,"comment_status":"closed","ping_status":"closed","sticky":false,"template":"","format":"standard","meta":{"om_disable_all_campaigns":false,"_monsterinsights_skip_tracking":false,"_monsterinsights_sitenote_active":false,"_monsterinsights_sitenote_note":"","_monsterinsights_sitenote_category":0,"_uf_show_specific_survey":0,"_uf_disable_surveys":false,"footnotes":""},"categories":[1],"tags":[],"class_list":["post-77938","post","type-post","status-publish","format-standard","has-post-thumbnail","hentry","category-sin-categoria"],"aioseo_notices":[],"_links":{"self":[{"href":"https:\/\/www.crossprensa.com.ar\/news\/wp-json\/wp\/v2\/posts\/77938","targetHints":{"allow":["GET"]}}],"collection":[{"href":"https:\/\/www.crossprensa.com.ar\/news\/wp-json\/wp\/v2\/posts"}],"about":[{"href":"https:\/\/www.crossprensa.com.ar\/news\/wp-json\/wp\/v2\/types\/post"}],"author":[{"embeddable":true,"href":"https:\/\/www.crossprensa.com.ar\/news\/wp-json\/wp\/v2\/users\/2"}],"replies":[{"embeddable":true,"href":"https:\/\/www.crossprensa.com.ar\/news\/wp-json\/wp\/v2\/comments?post=77938"}],"version-history":[{"count":1,"href":"https:\/\/www.crossprensa.com.ar\/news\/wp-json\/wp\/v2\/posts\/77938\/revisions"}],"predecessor-version":[{"id":77943,"href":"https:\/\/www.crossprensa.com.ar\/news\/wp-json\/wp\/v2\/posts\/77938\/revisions\/77943"}],"wp:featuredmedia":[{"embeddable":true,"href":"https:\/\/www.crossprensa.com.ar\/news\/wp-json\/wp\/v2\/media\/77939"}],"wp:attachment":[{"href":"https:\/\/www.crossprensa.com.ar\/news\/wp-json\/wp\/v2\/media?parent=77938"}],"wp:term":[{"taxonomy":"category","embeddable":true,"href":"https:\/\/www.crossprensa.com.ar\/news\/wp-json\/wp\/v2\/categories?post=77938"},{"taxonomy":"post_tag","embeddable":true,"href":"https:\/\/www.crossprensa.com.ar\/news\/wp-json\/wp\/v2\/tags?post=77938"}],"curies":[{"name":"wp","href":"https:\/\/api.w.org\/{rel}","templated":true}]}}