{"id":77928,"date":"2025-09-18T13:40:36","date_gmt":"2025-09-18T16:40:36","guid":{"rendered":"https:\/\/www.crossprensa.com.ar\/news\/?p=77928"},"modified":"2025-09-18T13:43:24","modified_gmt":"2025-09-18T16:43:24","slug":"77928-2","status":"publish","type":"post","link":"https:\/\/www.crossprensa.com.ar\/news\/77928-2\/sin-categoria\/","title":{"rendered":"MXGP: AUSTRALIA TENDR\u00c1 REYES&#8230; DE MOTOCROSS!"},"content":{"rendered":"<p>Todo se reduce a esto! La carrera 20 del <strong>Campeonato Mundial de Motocross FIM,\u00a0<\/strong>la \u00faltima fecha de la temporada, se lleva a cabo este fin de semana para decidir el destino de los tres t\u00edtulos mundiales en el nuevo <strong>Hidden Valley Motorsports Complex\u00a0<\/strong>, no lejos del centro de la capital del Territorio del Norte\u00a0<strong>, Darwin.\u00a0 <\/strong>Los campeones mundiales de MXGP, MX2 y WMX 2025 ser\u00e1n coronados en el\u00a0<strong>MXGP de Australia presentado por Sitzler!<\/strong><\/p>\n<p><!--more--><\/p>\n<p data-olk-copy-source=\"MessageBody\">Esta ser\u00e1 solo la quinta vez que el Campeonato Mundial de Motocross se correr\u00e1 dentro de la naci\u00f3n insular m\u00e1s grande del mundo, al menos a nivel de adultos, ya que el primer evento se llev\u00f3 a cabo en 1992, cuando el <strong>equipo de EE. UU.\u00a0<\/strong><strong>de Billy Liles, Mike LaRocco\u00a0<\/strong>y\u00a0<strong>Jeff Emig\u00a0<\/strong>gan\u00f3 el\u00a0<strong>Motocross des Nations\u00a0<\/strong>en el lugar sureste de\u00a0<strong>Manjimup.\u00a0<\/strong>El primer GP se celebr\u00f3 en el mismo circuito un a\u00f1o despu\u00e9s, y vio al holand\u00e9s\u00a0<strong>Pedro Tragter\u00a0<\/strong>hacerse con el Campeonato del Mundo de 125cc con el segundo puesto en la general por detr\u00e1s del italiano\u00a0<strong>Andrea Bartolini.\u00a0<\/strong>Ocho a\u00f1os m\u00e1s tarde, la clase de 500cc visit\u00f3 estas costas, en el lugar suroeste de\u00a0<strong>Broadford<\/strong>, cerca de Melbourne. El actual director del equipo\u00a0<strong>Red Bull KTM Factory Racing<\/strong>,\u00a0<strong>Joel Smets<\/strong>, sali\u00f3 victorioso en Victoria ese d\u00eda, y regres\u00f3 all\u00ed al a\u00f1o siguiente, ya que el formato de tres categor\u00edas de 2001 se corri\u00f3 para el Gran Premio m\u00e1s reciente en Australia. <strong>James Dobb, Mickael Pichon\u00a0<\/strong>y\u00a0<strong>Stefan Everts\u00a0<\/strong>se llevaron las victorias de GP en una sola carrera ese fin de semana.<\/p>\n<p data-olk-copy-source=\"MessageBody\"><img fetchpriority=\"high\" decoding=\"async\" class=\"alignnone size-full wp-image-76534\" src=\"https:\/\/www.crossprensa.com.ar\/news\/wp-content\/uploads\/2025\/05\/kayo-2.jpeg\" alt=\"\" width=\"930\" height=\"100\" \/><\/p>\n<p>Australia tambi\u00e9n organiz\u00f3 una carrera del <strong>Campeonato Mundial Junior de Motocross\u00a0<\/strong>en 2018, en la sede de\u00a0<strong>Horsham\u00a0<\/strong>, tambi\u00e9n en el estado sure\u00f1o de Victoria.\u00a0 Los\u00a0<strong>pilotos locales Bailey Malkiewicz <\/strong>y\u00a0<strong>Braden Plath\u00a0<\/strong>se llevaron los t\u00edtulos ese d\u00eda, al igual que el estadounidense\u00a0<strong>Caden Braswell.\u00a0\u00a0<\/strong>Varios corredores que se presentan este fin de semana tambi\u00e9n estuvieron all\u00ed en Horsham hace siete a\u00f1os, \u00a1y esperan aprovechar su experiencia en el hemisferio sur!<\/p>\n<p><img decoding=\"async\" class=\"alignnone size-full wp-image-76526\" src=\"https:\/\/www.crossprensa.com.ar\/news\/wp-content\/uploads\/2025\/05\/Banner-Kawasaki-Klx450-1200x100px-1.gif\" alt=\"\" width=\"1200\" height=\"100\" \/><\/p>\n<p>Avance r\u00e1pido hasta 2025, y el mejor piloto de Smets,\u00a0<strong>Jeffrey Herlings\u00a0<\/strong>, trae una racha ganadora de tres GP al evento en Australia para\u00a0<strong>Red Bull KTM Factory Racing. \u00a0<\/strong>Sin embargo, la batalla por el campeonato es entre el veterano franc\u00e9s\u00a0<strong>Romain Febvre,\u00a0<\/strong>titular de la placa roja del\u00a0<strong>Kawasaki Racing Team MXGP,\u00a0<\/strong>y el adolescente belga<strong>\u00a0Lucas Coenen\u00a0<\/strong>del\u00a0<strong>Red Bull KTM Factory Racing.\u00a0<\/strong>Por segundo a\u00f1o consecutivo, Coenen se dirige a la ronda final con una monta\u00f1a que escalar si quiere salir con el oro, \u00a1pero tambi\u00e9n sabe que nada termina hasta que cae la bandera final a cuadros!<\/p>\n<p><img decoding=\"async\" class=\"alignnone size-full wp-image-76498\" src=\"https:\/\/www.crossprensa.com.ar\/news\/wp-content\/uploads\/2025\/05\/ktm.jpg\" alt=\"\" width=\"1598\" height=\"174\" \/><\/p>\n<p>Como de costumbre, las cosas est\u00e1n mucho m\u00e1s re\u00f1idas en MX2, con el titular de la placa roja\u00a0<strong>de Red Bull KTM Factory Racing<\/strong>\u00a0,\u00a0<strong>Simon L\u00e4ngenfelder<\/strong>\u00a0, con un estrecho margen sobre el actual Campe\u00f3n del Mundo y piloto de\u00a0<strong>Nestaan Husqvarna Factory Racing\u00a0<\/strong>,<strong>\u00a0Kay de Wolf.<\/strong> El alem\u00e1n busca poner fin a una racha de tres a\u00f1os de medallas de bronce al conseguir el oro este fin de semana, y las tres primeras posiciones en las tres carreras har\u00e1n el trabajo, incluso si su rival holand\u00e9s se lleva las tres victorias en la carrera. Sin embargo, en la salvaje e impredecible MX2, \u00a1todo es posible con un mont\u00f3n de corredores capaces de meterse entre los combatientes por el t\u00edtulo!<\/p>\n<p>En el\u00a0<strong>Campeonato Mundial de Motocross Femenino,\u00a0<\/strong>hay otra batalla entre adolescentes y veteranas, ya que la actual campeona mundial\u00a0<strong>Lotte van Drunen\u00a0<\/strong>lidera el campeonato con su equipo <strong>De Baets Yamaha\u00a0<\/strong>por solo 16 puntos sobre la seis veces campeona de WMX,\u00a0<strong>Kiara Fontanesi<\/strong>, en su\u00a0<strong>MX FontaRacing GASGAS.\u00a0\u00a0<\/strong>A solo un punto de Fontanesi est\u00e1 la piloto del <strong>Equipo Nacional de Espa\u00f1a RFME<\/strong><strong>, Daniela Guill\u00e9n,\u00a0<\/strong>tambi\u00e9n con posibilidades de privar a Van Drunen de su segundo t\u00edtulo mundial consecutivo. Sorprendentemente, Lotte termin\u00f3 cuarta en la 65cc del Campeonato Mundial Junior 2018 en Australia, \u00a1y buscar\u00e1 agregar a sus buenos recuerdos de la vida en Australia! Con muchos wildcards australianos r\u00e1pidos que probablemente se unir\u00e1n este fin de semana, \u00a1la final del Campeonato podr\u00eda no ser tan sencilla como algunos pensar\u00edan!<\/p>\n<p>Al igual que el fin de semana pasado en Shangh\u00e1i, el calor ser\u00e1 m\u00e1s intenso de lo que la mayor\u00eda de los europeos estar\u00e1n acostumbrados, por lo que el desaf\u00edo f\u00edsico ser\u00e1 notable para todos los pilotos en el Gran Premio final de lo que ha sido una temporada \u00e9pica de 2025, que comenz\u00f3 en nuestra querida C\u00f3rdoba!<\/p>\n<p>&nbsp;<\/p>\n","protected":false},"excerpt":{"rendered":"<p>Todo se reduce a esto! La carrera 20 del Campeonato Mundial de Motocross FIM,\u00a0la \u00faltima&#8230;<\/p>\n","protected":false},"author":2,"featured_media":77929,"comment_status":"closed","ping_status":"closed","sticky":false,"template":"","format":"standard","meta":{"om_disable_all_campaigns":false,"_monsterinsights_skip_tracking":false,"_monsterinsights_sitenote_active":false,"_monsterinsights_sitenote_note":"","_monsterinsights_sitenote_category":0,"_uf_show_specific_survey":0,"_uf_disable_surveys":false,"footnotes":""},"categories":[1],"tags":[],"class_list":["post-77928","post","type-post","status-publish","format-standard","has-post-thumbnail","hentry","category-sin-categoria"],"aioseo_notices":[],"_links":{"self":[{"href":"https:\/\/www.crossprensa.com.ar\/news\/wp-json\/wp\/v2\/posts\/77928","targetHints":{"allow":["GET"]}}],"collection":[{"href":"https:\/\/www.crossprensa.com.ar\/news\/wp-json\/wp\/v2\/posts"}],"about":[{"href":"https:\/\/www.crossprensa.com.ar\/news\/wp-json\/wp\/v2\/types\/post"}],"author":[{"embeddable":true,"href":"https:\/\/www.crossprensa.com.ar\/news\/wp-json\/wp\/v2\/users\/2"}],"replies":[{"embeddable":true,"href":"https:\/\/www.crossprensa.com.ar\/news\/wp-json\/wp\/v2\/comments?post=77928"}],"version-history":[{"count":3,"href":"https:\/\/www.crossprensa.com.ar\/news\/wp-json\/wp\/v2\/posts\/77928\/revisions"}],"predecessor-version":[{"id":77932,"href":"https:\/\/www.crossprensa.com.ar\/news\/wp-json\/wp\/v2\/posts\/77928\/revisions\/77932"}],"wp:featuredmedia":[{"embeddable":true,"href":"https:\/\/www.crossprensa.com.ar\/news\/wp-json\/wp\/v2\/media\/77929"}],"wp:attachment":[{"href":"https:\/\/www.crossprensa.com.ar\/news\/wp-json\/wp\/v2\/media?parent=77928"}],"wp:term":[{"taxonomy":"category","embeddable":true,"href":"https:\/\/www.crossprensa.com.ar\/news\/wp-json\/wp\/v2\/categories?post=77928"},{"taxonomy":"post_tag","embeddable":true,"href":"https:\/\/www.crossprensa.com.ar\/news\/wp-json\/wp\/v2\/tags?post=77928"}],"curies":[{"name":"wp","href":"https:\/\/api.w.org\/{rel}","templated":true}]}}