{"id":77866,"date":"2025-09-15T03:05:58","date_gmt":"2025-09-15T06:05:58","guid":{"rendered":"https:\/\/www.crossprensa.com.ar\/news\/?p=77866"},"modified":"2025-09-15T03:07:23","modified_gmt":"2025-09-15T06:07:23","slug":"mx-santafesino-en-pilar-gran-7ma-fecha-del-ano","status":"publish","type":"post","link":"https:\/\/www.crossprensa.com.ar\/news\/mx-santafesino-en-pilar-gran-7ma-fecha-del-ano\/mx-santafesino\/","title":{"rendered":"MX SANTAFESINO EN PILAR: Gran 7ma. fecha del a\u00f1o!"},"content":{"rendered":"<p>Y para ponerle la frutilla al postre, primera victoria de una moto el\u00e9ctrica en el motocross de Argentina!<\/p>\n<p>Una buena cantidad de motos que si bien no era lo esperado, cumpli\u00f3 con sus 101 pilotos que largaron con un gran espect\u00e1culo que no tuvo pausas, en una pista que soport\u00f3 bastante bien todas las mangas disputadas, aunque el sol, un poco de calor y el viento, conspiraron para que se seque el piso.<\/p>\n<p><!--more--><\/p>\n<p>Pablo P\u00e9rez, en la foto de tapa sobre la moto de WW Racing, se qued\u00f3 con la victoria en Pilar, aunque no fue simple ya que Gustavo Rivero y Hern\u00e1n Villacreses, no le hicieron para nada f\u00e1cil el trabajo al piloto nacido en San Francisco (Cba).<\/p>\n<p>Aqu\u00ed, los resultados de este hermos\u00edsimo Domingo a puro motocross!!! y en breve los campeonatos y las mejores fotos de <a href=\"https:\/\/www.instagram.com\/phfg58\/\"><strong>@phfg58<\/strong><\/a><\/p>\n<p><strong>JUNIOR<\/strong><\/p>\n<p>1 14 UBERTI VICENTE 40<\/p>\n<p>2 87 FELIPE FERNANDEZ 32<\/p>\n<p>3 386 MAXIMO BAZZANA 26<\/p>\n<p>4 37 BASTIA NICOLAS 25<\/p>\n<p>5 800 KEVIN BRAIDOTTI 22<\/p>\n<p>6 26 BAUTISTA UBERTI 17<\/p>\n<p>7 28 CARLOS ALOS 0<\/p>\n<p>8 15 PASUTTI FRANCISCO 0<\/p>\n<p>9 155 MATEO WILLINER 0<\/p>\n<p>10 221 MATEO MANZO 0<\/p>\n<p>&nbsp;<\/p>\n<p><strong>PRINCIPIANTES<\/strong><\/p>\n<p>1 155 MATEO WILLINER 37<\/p>\n<p>2 16 GASPAR COSSAI 30<\/p>\n<p>3 195 MARIO FARIAS 30<\/p>\n<p>4 114 MARCOS GIANOTTO 28<\/p>\n<p>5 6 GABRIEL MASSONI 26<\/p>\n<p>6 10 PICCININI BRUNO 18<\/p>\n<p>7 117 MARTIN GALLO 18<\/p>\n<p>8 11 FEDI TIMPANO 15<\/p>\n<p>9 94 DENIS CAMPOS 14<\/p>\n<p>10 387 JOAN TORTI 12<\/p>\n<p>11 99 SANTINO ENRRICI 12<\/p>\n<p>12 12 JUAN CRUZ ITALIANO 9<\/p>\n<p>13 129 JOAQUIN OLOCCO 7<\/p>\n<p>14 85 KUHRN WALDEMAR 2<\/p>\n<p>15 94 NICOLAS LEGUIZAMON 2<\/p>\n<p>16 294 MICHAEL BRUSELARIO 2<\/p>\n<p>17 19 GINO TOSELLI 0<\/p>\n<p>18 28 FRANCO TORTUL 0<\/p>\n<p>19 138 VALENTINO LAROSE 0<\/p>\n<p>20 18 LISANDRO TORRES 0<\/p>\n<p>21 4 BLANCHOUD DIEGO 0<\/p>\n<p>&nbsp;<\/p>\n<p><strong>MINICROSS<\/strong><\/p>\n<p>1 242 VALENTINO BOGUE 40<\/p>\n<p>2 137 LUCAS ZATTI 34<\/p>\n<p>3 209 ISABELLA MANDRILLE 30<\/p>\n<p>4 15 FIORELLA CATALANO 24<\/p>\n<p>5 149 JOAQUINA TRUFER 23<\/p>\n<p>6 172 VITO BASSINO 21<\/p>\n<p>7 626 OLIVIA ARRAZOLA 18<\/p>\n<p><em><strong>Que lindo lleva la 85cc. Sim\u00f3n Accinelli.<\/strong><\/em><\/p>\n<p><img fetchpriority=\"high\" decoding=\"async\" class=\"alignnone size-full wp-image-77870\" src=\"https:\/\/www.crossprensa.com.ar\/news\/wp-content\/uploads\/2025\/09\/FG0_7247-scaled.jpg\" alt=\"\" width=\"2560\" height=\"1706\" srcset=\"https:\/\/www.crossprensa.com.ar\/news\/wp-content\/uploads\/2025\/09\/FG0_7247-scaled.jpg 2560w, https:\/\/www.crossprensa.com.ar\/news\/wp-content\/uploads\/2025\/09\/FG0_7247-300x200.jpg 300w, https:\/\/www.crossprensa.com.ar\/news\/wp-content\/uploads\/2025\/09\/FG0_7247-600x400.jpg 600w, https:\/\/www.crossprensa.com.ar\/news\/wp-content\/uploads\/2025\/09\/FG0_7247-768x512.jpg 768w, https:\/\/www.crossprensa.com.ar\/news\/wp-content\/uploads\/2025\/09\/FG0_7247-1536x1024.jpg 1536w, https:\/\/www.crossprensa.com.ar\/news\/wp-content\/uploads\/2025\/09\/FG0_7247-2048x1365.jpg 2048w, https:\/\/www.crossprensa.com.ar\/news\/wp-content\/uploads\/2025\/09\/FG0_7247-1024x683.jpg 1024w\" sizes=\"(max-width: 2560px) 100vw, 2560px\" \/><\/p>\n<p><strong>85cc<\/strong><\/p>\n<p>1 312 SIMON ACCINELLI 40<\/p>\n<p>2 22 GERONIMO PIGHIN 0<\/p>\n<p>&nbsp;<\/p>\n<p><strong>NACIONAL<\/strong><\/p>\n<p>1 81 JOAQUIN FERNANDEZ 35<\/p>\n<p>2 294 MICHAEL BRUSELARIO 35<\/p>\n<p>3 4 BLANCHOUD DIEGO 34<\/p>\n<p>4 15 ESEQUIEL GOMEZ 24<\/p>\n<p>5 90 JOSE AGUILAR 23<\/p>\n<p>6 122 DAVID INSAND 21<\/p>\n<p>&nbsp;<\/p>\n<p><strong>MX3 A<\/strong><\/p>\n<p>1 94 DIEGO CAGLIERIS 40<\/p>\n<p>2 190 LUCIANO AGUILAR 34<\/p>\n<p>3 256 NICOLAS ZANOLI 30<\/p>\n<p>4 7 JUAN RINAUDO 26<\/p>\n<p>&nbsp;<\/p>\n<p><strong>MX3 D<\/strong><\/p>\n<p>1 241 RIVERO JIMMY 40<\/p>\n<p>2 226 HUGO PIVA 32<\/p>\n<p>3 90 JOSE AGUILAR 17<\/p>\n<p>&nbsp;<\/p>\n<p><strong>MX3 B<\/strong><\/p>\n<p>1 67 HERNAN VILLACRECES 37<\/p>\n<p>2 85 PABLO PEREZ 37<\/p>\n<p>3 12 FEDERICO ACCINELLI 28<\/p>\n<p>4 38 SUAREZ EZEQUIEL 28<\/p>\n<p>5 44 MAYOLI SANTIAGO 22<\/p>\n<p>6 452 ESTEBAN PALMUCCI 20<\/p>\n<p>7 194 CESAR RIOTTINI 18<\/p>\n<p><strong>\u00a0<\/strong><\/p>\n<p><strong>MX3 C<\/strong><\/p>\n<p>1 31 GONZALO ARBE 37<\/p>\n<p>2 29 GERMAN MANERA 33<\/p>\n<p>3 253 ADRIAN PERALTA 32<\/p>\n<p>4 12 GABRIEL BAIMA 28<\/p>\n<p>5 2 GUSTAVO COLOMBERO 22<\/p>\n<p>6 42 GUILLERMO BOGUE 19<\/p>\n<p>7 31 LEONARDO WALZYNSKI 19<\/p>\n<p>8 16 ANDRES BASSINO 16<\/p>\n<p><em><strong>Knock Out para Rodrigo Wasinger!!! Sali\u00f3 corriendo a ayudar al hijo y casi termina noqueado&#8230;<\/strong><\/em><\/p>\n<p><img decoding=\"async\" class=\"alignnone size-full wp-image-77869\" src=\"https:\/\/www.crossprensa.com.ar\/news\/wp-content\/uploads\/2025\/09\/FG0_7010-scaled.jpg\" alt=\"\" width=\"2560\" height=\"1707\" srcset=\"https:\/\/www.crossprensa.com.ar\/news\/wp-content\/uploads\/2025\/09\/FG0_7010-scaled.jpg 2560w, https:\/\/www.crossprensa.com.ar\/news\/wp-content\/uploads\/2025\/09\/FG0_7010-300x200.jpg 300w, https:\/\/www.crossprensa.com.ar\/news\/wp-content\/uploads\/2025\/09\/FG0_7010-600x400.jpg 600w, https:\/\/www.crossprensa.com.ar\/news\/wp-content\/uploads\/2025\/09\/FG0_7010-768x512.jpg 768w, https:\/\/www.crossprensa.com.ar\/news\/wp-content\/uploads\/2025\/09\/FG0_7010-1536x1024.jpg 1536w, https:\/\/www.crossprensa.com.ar\/news\/wp-content\/uploads\/2025\/09\/FG0_7010-2048x1365.jpg 2048w, https:\/\/www.crossprensa.com.ar\/news\/wp-content\/uploads\/2025\/09\/FG0_7010-1024x683.jpg 1024w\" sizes=\"(max-width: 2560px) 100vw, 2560px\" \/><\/p>\n<p><strong>65cc<\/strong><\/p>\n<p>1 101 TOMAS WASINGER BUTTO 37<\/p>\n<p>2 61 LEON TODONI 37<\/p>\n<p>3 242 VALENTINO BOGUE 30<\/p>\n<p>4 515 ANGELINA CATALANO 26<\/p>\n<p>5 137 LUCAS ZATTI 21<\/p>\n<p>6 812 AUGUSTO KUHN 21<\/p>\n<p>Nicol\u00e1s Bast\u00eda &#8220;reconociendo el piso&#8221; de Pilar! Lo supera Felipe Fern\u00e1ndez y atr\u00e1s viene acelerando Francisco Pasutti. Y tranquilos que no le pas\u00f3 NADA.<\/p>\n<p><img decoding=\"async\" class=\"alignnone size-full wp-image-77868\" src=\"https:\/\/www.crossprensa.com.ar\/news\/wp-content\/uploads\/2025\/09\/FG0_6686-scaled.jpg\" alt=\"\" width=\"2560\" height=\"1707\" srcset=\"https:\/\/www.crossprensa.com.ar\/news\/wp-content\/uploads\/2025\/09\/FG0_6686-scaled.jpg 2560w, https:\/\/www.crossprensa.com.ar\/news\/wp-content\/uploads\/2025\/09\/FG0_6686-300x200.jpg 300w, https:\/\/www.crossprensa.com.ar\/news\/wp-content\/uploads\/2025\/09\/FG0_6686-600x400.jpg 600w, https:\/\/www.crossprensa.com.ar\/news\/wp-content\/uploads\/2025\/09\/FG0_6686-768x512.jpg 768w, https:\/\/www.crossprensa.com.ar\/news\/wp-content\/uploads\/2025\/09\/FG0_6686-1536x1024.jpg 1536w, https:\/\/www.crossprensa.com.ar\/news\/wp-content\/uploads\/2025\/09\/FG0_6686-2048x1365.jpg 2048w, https:\/\/www.crossprensa.com.ar\/news\/wp-content\/uploads\/2025\/09\/FG0_6686-1024x683.jpg 1024w\" sizes=\"(max-width: 2560px) 100vw, 2560px\" \/><\/p>\n<p><strong>PROMOCIONAL<\/strong><\/p>\n<p>1 37 BASTIA NICOLAS 37<\/p>\n<p>2 87 FELIPE FERNANDEZ 35<\/p>\n<p>3 26 BAUTISTA UBERTI 32<\/p>\n<p>4 714 FENOGLIO GUSTAVO 26<\/p>\n<p>5 386 MAXIMO BAZZANA 22<\/p>\n<p>6 28 CARLOS ALOS 20<\/p>\n<p>7 24 AUGUSTO SALETTI 17<\/p>\n<p>8 800 KEVIN BRAIDOTTI 17<\/p>\n<p>9 312 SIMON ACCINELLI 14<\/p>\n<p>10 452 ESTEBAN PALMUCCI 12<\/p>\n<p>11 221 MATEO MANZO 10<\/p>\n<p>12 81 JOAQUIN FERNANDEZ 0<\/p>\n<p>&nbsp;<\/p>\n<p><strong>DAMAS<\/strong><\/p>\n<p>1 38 SUAREZ JULIETA 40<\/p>\n<p>2 515 ANGELINA CATALANO 34<\/p>\n<p>3 522 FLORENCIA CARBALLEIRAS 30<\/p>\n<p>4 209 ISABELLA MANDRILLE 26<\/p>\n<p>5 15 FIORELLA CATALANO 20<\/p>\n<p>6 149 JOAQUINA TRUFER 20<\/p>\n<p>7 122 ANDREA MARTINEZ 20<\/p>\n<p>&nbsp;<\/p>\n<p><strong>MX2<\/strong><\/p>\n<p>1 179 LORENZO GHIONE 40<\/p>\n<p>2 14 UBERTI VICENTE 34<\/p>\n<p>3 15 PASUTTI FRANCISCO 30<\/p>\n<p>4 155 MATEO WILLINER 13<\/p>\n<p>5 26 BAUTISTA UBERTI 0<\/p>\n<p><em><strong>Podio de la MX1, con la primera victoria en motocross de una el\u00e9ctrica! Y donde lo viste primero???<\/strong><\/em><\/p>\n<p><img loading=\"lazy\" decoding=\"async\" class=\"alignnone size-full wp-image-75909\" src=\"https:\/\/www.crossprensa.com.ar\/news\/wp-content\/uploads\/2025\/04\/wwracing.gif\" alt=\"\" width=\"1200\" height=\"100\" \/><\/p>\n<p><strong> <img loading=\"lazy\" decoding=\"async\" class=\"alignnone size-full wp-image-77872\" src=\"https:\/\/www.crossprensa.com.ar\/news\/wp-content\/uploads\/2025\/09\/FG0_7649-scaled.jpg\" alt=\"\" width=\"2560\" height=\"1707\" srcset=\"https:\/\/www.crossprensa.com.ar\/news\/wp-content\/uploads\/2025\/09\/FG0_7649-scaled.jpg 2560w, https:\/\/www.crossprensa.com.ar\/news\/wp-content\/uploads\/2025\/09\/FG0_7649-300x200.jpg 300w, https:\/\/www.crossprensa.com.ar\/news\/wp-content\/uploads\/2025\/09\/FG0_7649-600x400.jpg 600w, https:\/\/www.crossprensa.com.ar\/news\/wp-content\/uploads\/2025\/09\/FG0_7649-768x512.jpg 768w, https:\/\/www.crossprensa.com.ar\/news\/wp-content\/uploads\/2025\/09\/FG0_7649-1536x1024.jpg 1536w, https:\/\/www.crossprensa.com.ar\/news\/wp-content\/uploads\/2025\/09\/FG0_7649-2048x1365.jpg 2048w, https:\/\/www.crossprensa.com.ar\/news\/wp-content\/uploads\/2025\/09\/FG0_7649-1024x683.jpg 1024w\" sizes=\"(max-width: 2560px) 100vw, 2560px\" \/><\/strong><\/p>\n<p><strong>MX1<\/strong><\/p>\n<p>1 85 PABLO PEREZ 37<\/p>\n<p>2 67 HERNAN VILLACRECES 32<\/p>\n<p>3 241 BEBU RIVERO 20<\/p>\n","protected":false},"excerpt":{"rendered":"<p>Y para ponerle la frutilla al postre, primera victoria de una moto el\u00e9ctrica en el&#8230;<\/p>\n","protected":false},"author":2,"featured_media":77867,"comment_status":"closed","ping_status":"closed","sticky":false,"template":"","format":"standard","meta":{"om_disable_all_campaigns":false,"_monsterinsights_skip_tracking":false,"_monsterinsights_sitenote_active":false,"_monsterinsights_sitenote_note":"","_monsterinsights_sitenote_category":0,"_uf_show_specific_survey":0,"_uf_disable_surveys":false,"footnotes":""},"categories":[43],"tags":[],"class_list":["post-77866","post","type-post","status-publish","format-standard","has-post-thumbnail","hentry","category-mx-santafesino"],"aioseo_notices":[],"_links":{"self":[{"href":"https:\/\/www.crossprensa.com.ar\/news\/wp-json\/wp\/v2\/posts\/77866","targetHints":{"allow":["GET"]}}],"collection":[{"href":"https:\/\/www.crossprensa.com.ar\/news\/wp-json\/wp\/v2\/posts"}],"about":[{"href":"https:\/\/www.crossprensa.com.ar\/news\/wp-json\/wp\/v2\/types\/post"}],"author":[{"embeddable":true,"href":"https:\/\/www.crossprensa.com.ar\/news\/wp-json\/wp\/v2\/users\/2"}],"replies":[{"embeddable":true,"href":"https:\/\/www.crossprensa.com.ar\/news\/wp-json\/wp\/v2\/comments?post=77866"}],"version-history":[{"count":3,"href":"https:\/\/www.crossprensa.com.ar\/news\/wp-json\/wp\/v2\/posts\/77866\/revisions"}],"predecessor-version":[{"id":77874,"href":"https:\/\/www.crossprensa.com.ar\/news\/wp-json\/wp\/v2\/posts\/77866\/revisions\/77874"}],"wp:featuredmedia":[{"embeddable":true,"href":"https:\/\/www.crossprensa.com.ar\/news\/wp-json\/wp\/v2\/media\/77867"}],"wp:attachment":[{"href":"https:\/\/www.crossprensa.com.ar\/news\/wp-json\/wp\/v2\/media?parent=77866"}],"wp:term":[{"taxonomy":"category","embeddable":true,"href":"https:\/\/www.crossprensa.com.ar\/news\/wp-json\/wp\/v2\/categories?post=77866"},{"taxonomy":"post_tag","embeddable":true,"href":"https:\/\/www.crossprensa.com.ar\/news\/wp-json\/wp\/v2\/tags?post=77866"}],"curies":[{"name":"wp","href":"https:\/\/api.w.org\/{rel}","templated":true}]}}