{"id":77852,"date":"2025-09-11T15:35:48","date_gmt":"2025-09-11T18:35:48","guid":{"rendered":"https:\/\/www.crossprensa.com.ar\/news\/?p=77852"},"modified":"2025-09-11T15:35:48","modified_gmt":"2025-09-11T18:35:48","slug":"las-electricas-debutan-en-el-santafesino-de-mx","status":"publish","type":"post","link":"https:\/\/www.crossprensa.com.ar\/news\/las-electricas-debutan-en-el-santafesino-de-mx\/mx-santafesino\/","title":{"rendered":"LAS EL\u00c9CTRICAS DEBUTAN EN EL SANTAFESINO DE MX!"},"content":{"rendered":"<p>Este pr\u00f3ximo fin de semana en Pilar, el MX Santafesino seguir\u00e1 creciendo tal como lo hicieron ya en otros campeonatos, sumando a las el\u00e9ctricas!<\/p>\n<p>Merced al trabajo y esfuerzo de WW Racing (Empresa cordobesa), las motos estar\u00e1n en pista con Pablo P\u00e9rez como piloto y QUIZ\u00c1S, VEREMOS, SUPONEMOS habr\u00e1 otro m\u00e1s largando con una moto que hizo ruido, sin hacerlo&#8230;<\/p>\n<p><!--more--><\/p>\n<p>Gracias a la apertura de los promotores de la categor\u00eda, V\u00edctor Taberna y Franco Grasiosi, adem\u00e1s del responsable de Camod en esta provincia Marcelo Galaverna, es que se logr\u00f3 la apertura para que sea un comienzo que agigante los partidores en cada lado donde se presente a COMPETIR.<\/p>\n<p><img fetchpriority=\"high\" decoding=\"async\" class=\"alignnone size-full wp-image-77683\" src=\"https:\/\/www.crossprensa.com.ar\/news\/wp-content\/uploads\/2025\/08\/pilarsept.gif\" alt=\"\" width=\"1200\" height=\"100\" \/><\/p>\n<p>Y lo ponemos as\u00ed en may\u00fasculas, porque es lo que vinieron a hacer. No van a reemplazar a ning\u00fan motor a explosi\u00f3n sino a competir con ellos, mano a mano. Adem\u00e1s, habr\u00e1 una moto disponible para que los PILOTOS INSCRIPTOS la puedan probar, tal como ocurri\u00f3 en San Francisco con el MX Cordob\u00e9s donde fu\u00e9 todo un suceso.<\/p>\n<p>Y en Pilar&#8230; ganar\u00e1 la el\u00e9ctrica o ser\u00e1n los otros motores los que se impongan? Veremos&#8230; y vos: Te lo vas a perder?<\/p>\n<p><img decoding=\"async\" class=\"alignnone size-full wp-image-77654\" src=\"https:\/\/www.crossprensa.com.ar\/news\/wp-content\/uploads\/2025\/08\/WhatsApp-Image-2025-08-26-at-11.23.27-AM-1.jpeg\" alt=\"\" width=\"1280\" height=\"853\" srcset=\"https:\/\/www.crossprensa.com.ar\/news\/wp-content\/uploads\/2025\/08\/WhatsApp-Image-2025-08-26-at-11.23.27-AM-1.jpeg 1280w, https:\/\/www.crossprensa.com.ar\/news\/wp-content\/uploads\/2025\/08\/WhatsApp-Image-2025-08-26-at-11.23.27-AM-1-300x200.jpeg 300w, https:\/\/www.crossprensa.com.ar\/news\/wp-content\/uploads\/2025\/08\/WhatsApp-Image-2025-08-26-at-11.23.27-AM-1-600x400.jpeg 600w, https:\/\/www.crossprensa.com.ar\/news\/wp-content\/uploads\/2025\/08\/WhatsApp-Image-2025-08-26-at-11.23.27-AM-1-768x512.jpeg 768w, https:\/\/www.crossprensa.com.ar\/news\/wp-content\/uploads\/2025\/08\/WhatsApp-Image-2025-08-26-at-11.23.27-AM-1-1024x682.jpeg 1024w\" sizes=\"(max-width: 1280px) 100vw, 1280px\" \/><\/p>\n","protected":false},"excerpt":{"rendered":"<p>Este pr\u00f3ximo fin de semana en Pilar, el MX Santafesino seguir\u00e1 creciendo tal como lo&#8230;<\/p>\n","protected":false},"author":2,"featured_media":77663,"comment_status":"closed","ping_status":"closed","sticky":false,"template":"","format":"standard","meta":{"om_disable_all_campaigns":false,"_monsterinsights_skip_tracking":false,"_monsterinsights_sitenote_active":false,"_monsterinsights_sitenote_note":"","_monsterinsights_sitenote_category":0,"_uf_show_specific_survey":0,"_uf_disable_surveys":false,"footnotes":""},"categories":[43],"tags":[],"class_list":["post-77852","post","type-post","status-publish","format-standard","has-post-thumbnail","hentry","category-mx-santafesino"],"aioseo_notices":[],"_links":{"self":[{"href":"https:\/\/www.crossprensa.com.ar\/news\/wp-json\/wp\/v2\/posts\/77852","targetHints":{"allow":["GET"]}}],"collection":[{"href":"https:\/\/www.crossprensa.com.ar\/news\/wp-json\/wp\/v2\/posts"}],"about":[{"href":"https:\/\/www.crossprensa.com.ar\/news\/wp-json\/wp\/v2\/types\/post"}],"author":[{"embeddable":true,"href":"https:\/\/www.crossprensa.com.ar\/news\/wp-json\/wp\/v2\/users\/2"}],"replies":[{"embeddable":true,"href":"https:\/\/www.crossprensa.com.ar\/news\/wp-json\/wp\/v2\/comments?post=77852"}],"version-history":[{"count":2,"href":"https:\/\/www.crossprensa.com.ar\/news\/wp-json\/wp\/v2\/posts\/77852\/revisions"}],"predecessor-version":[{"id":77854,"href":"https:\/\/www.crossprensa.com.ar\/news\/wp-json\/wp\/v2\/posts\/77852\/revisions\/77854"}],"wp:featuredmedia":[{"embeddable":true,"href":"https:\/\/www.crossprensa.com.ar\/news\/wp-json\/wp\/v2\/media\/77663"}],"wp:attachment":[{"href":"https:\/\/www.crossprensa.com.ar\/news\/wp-json\/wp\/v2\/media?parent=77852"}],"wp:term":[{"taxonomy":"category","embeddable":true,"href":"https:\/\/www.crossprensa.com.ar\/news\/wp-json\/wp\/v2\/categories?post=77852"},{"taxonomy":"post_tag","embeddable":true,"href":"https:\/\/www.crossprensa.com.ar\/news\/wp-json\/wp\/v2\/tags?post=77852"}],"curies":[{"name":"wp","href":"https:\/\/api.w.org\/{rel}","templated":true}]}}