{"id":77837,"date":"2025-09-11T06:50:03","date_gmt":"2025-09-11T09:50:03","guid":{"rendered":"https:\/\/www.crossprensa.com.ar\/news\/?p=77837"},"modified":"2025-09-11T06:54:51","modified_gmt":"2025-09-11T09:54:51","slug":"mx-santafesino-horarios-para-pilar","status":"publish","type":"post","link":"https:\/\/www.crossprensa.com.ar\/news\/mx-santafesino-horarios-para-pilar\/mx-santafesino\/","title":{"rendered":"MX SANTAFESINO. Horarios para Pilar! Y el clima&#8230;"},"content":{"rendered":"<p>La provincia de Santa Fe tiene esos anticipos de primavera que son espectaculares! Mas en una localidad rodeada de esas hermosas llanuras con campos interminables que dibujan d\u00edas y sobre todo atardeceres que son para encuadrar&#8230; Y despu\u00e9s de esta po\u00e9tica introducci\u00f3n les decimos: HAY MOTOCROSS. SE LO VAN A PERDER?<\/p>\n<p><!--more--><\/p>\n<p>A los campos les metemos saltos, a la primavera calor de motocross y a los atardeceres el chillar de un asado en la parrilla para esperar la carrera. Pilar est\u00e1 trabajando a pleno para esperarlos este pr\u00f3ximo fin de semana con una sorpresa que les contaremos en un ratito&#8230; Ahora les dejamos aqu\u00ed el clima y los horarios para este pr\u00f3ximo fin de semana con el MX Santafesino!<\/p>\n<p><img fetchpriority=\"high\" decoding=\"async\" class=\"size-full wp-image-77843 aligncenter\" src=\"https:\/\/www.crossprensa.com.ar\/news\/wp-content\/uploads\/2025\/09\/WhatsApp-Image-2025-09-11-at-06.41.14.jpeg\" alt=\"\" width=\"244\" height=\"265\" \/><\/p>\n<p><a href=\"https:\/\/www.instagram.com\/wwracingmx\/\"><img decoding=\"async\" class=\"alignnone wp-image-77624 size-full\" src=\"https:\/\/www.crossprensa.com.ar\/news\/wp-content\/uploads\/2025\/08\/sanfco-2.gif\" alt=\"\" width=\"1200\" height=\"100\" \/><\/a><\/p>\n<p><img decoding=\"async\" class=\"alignnone size-full wp-image-77838\" src=\"https:\/\/www.crossprensa.com.ar\/news\/wp-content\/uploads\/2025\/09\/1.jpg\" alt=\"\" width=\"1080\" height=\"1920\" \/><\/p>\n<p><a href=\"https:\/\/www.instagram.com\/ktmcanamrosario\/\"><img loading=\"lazy\" decoding=\"async\" class=\"alignnone wp-image-76521 size-full\" src=\"https:\/\/www.crossprensa.com.ar\/news\/wp-content\/uploads\/2025\/05\/ktmsportadventure.jpeg\" alt=\"\" width=\"1283\" height=\"109\" \/><\/a><\/p>\n<p><img loading=\"lazy\" decoding=\"async\" class=\"alignnone size-full wp-image-77839\" src=\"https:\/\/www.crossprensa.com.ar\/news\/wp-content\/uploads\/2025\/09\/2.jpg\" alt=\"\" width=\"1080\" height=\"1920\" \/><\/p>\n","protected":false},"excerpt":{"rendered":"<p>La provincia de Santa Fe tiene esos anticipos de primavera que son espectaculares! Mas en&#8230;<\/p>\n","protected":false},"author":2,"featured_media":77840,"comment_status":"closed","ping_status":"closed","sticky":false,"template":"","format":"standard","meta":{"om_disable_all_campaigns":false,"_monsterinsights_skip_tracking":false,"_monsterinsights_sitenote_active":false,"_monsterinsights_sitenote_note":"","_monsterinsights_sitenote_category":0,"_uf_show_specific_survey":0,"_uf_disable_surveys":false,"footnotes":""},"categories":[43],"tags":[],"class_list":["post-77837","post","type-post","status-publish","format-standard","has-post-thumbnail","hentry","category-mx-santafesino"],"aioseo_notices":[],"_links":{"self":[{"href":"https:\/\/www.crossprensa.com.ar\/news\/wp-json\/wp\/v2\/posts\/77837","targetHints":{"allow":["GET"]}}],"collection":[{"href":"https:\/\/www.crossprensa.com.ar\/news\/wp-json\/wp\/v2\/posts"}],"about":[{"href":"https:\/\/www.crossprensa.com.ar\/news\/wp-json\/wp\/v2\/types\/post"}],"author":[{"embeddable":true,"href":"https:\/\/www.crossprensa.com.ar\/news\/wp-json\/wp\/v2\/users\/2"}],"replies":[{"embeddable":true,"href":"https:\/\/www.crossprensa.com.ar\/news\/wp-json\/wp\/v2\/comments?post=77837"}],"version-history":[{"count":4,"href":"https:\/\/www.crossprensa.com.ar\/news\/wp-json\/wp\/v2\/posts\/77837\/revisions"}],"predecessor-version":[{"id":77845,"href":"https:\/\/www.crossprensa.com.ar\/news\/wp-json\/wp\/v2\/posts\/77837\/revisions\/77845"}],"wp:featuredmedia":[{"embeddable":true,"href":"https:\/\/www.crossprensa.com.ar\/news\/wp-json\/wp\/v2\/media\/77840"}],"wp:attachment":[{"href":"https:\/\/www.crossprensa.com.ar\/news\/wp-json\/wp\/v2\/media?parent=77837"}],"wp:term":[{"taxonomy":"category","embeddable":true,"href":"https:\/\/www.crossprensa.com.ar\/news\/wp-json\/wp\/v2\/categories?post=77837"},{"taxonomy":"post_tag","embeddable":true,"href":"https:\/\/www.crossprensa.com.ar\/news\/wp-json\/wp\/v2\/tags?post=77837"}],"curies":[{"name":"wp","href":"https:\/\/api.w.org\/{rel}","templated":true}]}}