{"id":77715,"date":"2025-09-01T10:04:15","date_gmt":"2025-09-01T13:04:15","guid":{"rendered":"https:\/\/www.crossprensa.com.ar\/news\/?p=77715"},"modified":"2025-09-01T10:04:15","modified_gmt":"2025-09-01T13:04:15","slug":"ktm-ag-reanuda-completamente-sus-operaciones-en-austria-y-esto-influye-positivamente-en-argentina","status":"publish","type":"post","link":"https:\/\/www.crossprensa.com.ar\/news\/ktm-ag-reanuda-completamente-sus-operaciones-en-austria-y-esto-influye-positivamente-en-argentina\/sin-categoria\/","title":{"rendered":"KTM AG REANUDA COMPLETAMENTE SUS OPERACIONES EN AUSTRIA Y ESTO INFLUYE POSITIVAMENTE EN ARGENTINA."},"content":{"rendered":"<p class=\"x_paragraph\"><b><span lang=\"ES-AR\" data-olk-copy-source=\"MessageBody\">El pasado mes, KTM AG anunci\u00f3 la reactivaci\u00f3n de sus operaciones de producci\u00f3n en Mattighofen, Austria, volviendo a la jornada laboral completa de cinco d\u00edas a la semana. La compa\u00f1\u00eda comunic\u00f3 que la producci\u00f3n comenz\u00f3 el pasado 28 de julio con la l\u00ednea Offroad y se ir\u00e1 expandiendo en las pr\u00f3ximas semanas. Adem\u00e1s de esta l\u00ednea, KTM tambi\u00e9n reanudar\u00e1 la producci\u00f3n de los modelos de la plataforma LC4, que incluyen la KTM 690 ENDURO R y la KTM 690 SMC R.<\/span><\/b><!--more--><\/p>\n<p class=\"x_paragraph\"><b><span lang=\"ES-AR\" data-olk-copy-source=\"MessageBody\">Gottfried Neumeister, el CEO de KTM AG, comparti\u00f3 su agradecimiento con toda la familia KTM:\u00a0<\/span><\/b><i><span lang=\"ES-AR\">\u201cQuiero hacer un reconocimiento muy especial a nuestros empleados, quienes han hecho posible esta reanudaci\u00f3n gracias a su incre\u00edble dedicaci\u00f3n, flexibilidad y trabajo en equipo durante los \u00faltimos meses. Su compromiso en una de las etapas m\u00e1s desafiantes ha sido \u2014y sigue siendo\u2014 clave para el \u00e9xito futuro de la empresa\u201d<\/span><\/i><span lang=\"ES-AR\">. Y agreg\u00f3\u00a0<i>\u201cReiniciar la producci\u00f3n nos proporciona la estabilidad que necesitamos para centrarnos plenamente en la calidad, la cercan\u00eda con el cliente y el desarrollo continuo\u201d.<\/i><\/span><\/p>\n<p class=\"x_paragraph\"><b><span lang=\"ES-AR\"> <a href=\"https:\/\/www.instagram.com\/ktmargentina\/\"><img fetchpriority=\"high\" decoding=\"async\" class=\"alignnone wp-image-76520 size-full\" src=\"https:\/\/www.crossprensa.com.ar\/news\/wp-content\/uploads\/2025\/05\/ktm-1.jpg\" alt=\"\" width=\"1598\" height=\"174\" \/><\/a><\/span><\/b><\/p>\n<p class=\"x_paragraph\"><b><span lang=\"ES-AR\">\u00a0<\/span><\/b><\/p>\n<p class=\"x_paragraph\"><b>Producci\u00f3n y perspectivas en Argentina<\/b><\/p>\n<p class=\"x_paragraph\"><b>\u00a0<\/b><\/p>\n<p class=\"x_paragraph\">En nuestro pa\u00eds, KTM tambi\u00e9n avanza con un proceso de normalizaci\u00f3n que se traduce en la llegada de todos los productos del portafolio de la marca en el mercado local, e incluso de lanzamientos de modelos altamente esperados en Argentina, como lo es la nueva l\u00ednea 390 en sus versiones Adventure y Enduro, que estar\u00e1n disponibles para la preventa durante el mes de septiembre. Desde 2013, cuando Grupo Simpa S.A. asumi\u00f3 la representaci\u00f3n de la marca en Argentina, KTM pas\u00f3 de patentar apenas 400 unidades al a\u00f1o a superar las 5.000, un crecimiento que refleja la gran aceptaci\u00f3n de los usuarios. El objetivo es recuperar estas cifras durante 2026.<\/p>\n<p class=\"x_paragraph\"><b>\u00a0<\/b><\/p>\n<p class=\"x_paragraph\"><i>\u201cEstamos atravesando una nueva etapa en la que luego de algunos meses desafiantes, KTM comienza a regularizar su situaci\u00f3n en el mercado local reafirmando aquello que siempre la diferenci\u00f3: la innovaci\u00f3n, la performance y la pasi\u00f3n por el offroad. La decisi\u00f3n de producir en la Argentina la nueva l\u00ednea 390 Adventure, en sus distintas versiones, es una muestra concreta de confianza en el mercado local y en el potencial de nuestros usuarios\u201d,<\/i>\u00a0<b>se\u00f1al\u00f3 Juan Carlos M\u00e1s, gerente comercial de la divisi\u00f3n de rodados de Grupo Simpa S.A.<\/b><\/p>\n<p class=\"x_paragraph\"><b>\u00a0<\/b><\/p>\n<p class=\"x_paragraph\"><i>\u201cEl segmento de las motos de media cilindrada crece de manera sostenida y hoy concentra la mayor demanda de los consumidores. Con los lanzamientos, que se anunciar\u00e1n en breve, no solo ampliamos la oferta con productos de calidad premium, sino que lo hacemos con condiciones comerciales muy competitivas, que facilitar\u00e1n el acceso a m\u00e1s clientes, que consolidar\u00e1 el liderazgo de la marca en el pa\u00eds\u201d,<\/i>\u00a0<b>agreg\u00f3 M\u00e1s.<\/b><\/p>\n<p class=\"x_paragraph\"><b>\u00a0<\/b><\/p>\n<p class=\"x_paragraph\"><b><span lang=\"ES-AR\">En Argentina, el portfolio de modelos KTM se producen en la Planta Industrial de 10.000 m2 de la localidad de Campana, Buenos Aires, que tiene el Grupo Simpa S.A., empresa de capitales nacionales de m\u00e1s de 40 a\u00f1os de trayectoria en el pa\u00eds.<\/span><\/b><\/p>\n<p class=\"x_paragraph\"><b>\u00a0NOTA: Politi + Hansel Comunicaci\u00f3n.<\/b><\/p>\n","protected":false},"excerpt":{"rendered":"<p>El pasado mes, KTM AG anunci\u00f3 la reactivaci\u00f3n de sus operaciones de producci\u00f3n en Mattighofen,&#8230;<\/p>\n","protected":false},"author":2,"featured_media":77716,"comment_status":"closed","ping_status":"closed","sticky":false,"template":"","format":"standard","meta":{"om_disable_all_campaigns":false,"_monsterinsights_skip_tracking":false,"_monsterinsights_sitenote_active":false,"_monsterinsights_sitenote_note":"","_monsterinsights_sitenote_category":0,"_uf_show_specific_survey":0,"_uf_disable_surveys":false,"footnotes":""},"categories":[1],"tags":[],"class_list":["post-77715","post","type-post","status-publish","format-standard","has-post-thumbnail","hentry","category-sin-categoria"],"aioseo_notices":[],"_links":{"self":[{"href":"https:\/\/www.crossprensa.com.ar\/news\/wp-json\/wp\/v2\/posts\/77715","targetHints":{"allow":["GET"]}}],"collection":[{"href":"https:\/\/www.crossprensa.com.ar\/news\/wp-json\/wp\/v2\/posts"}],"about":[{"href":"https:\/\/www.crossprensa.com.ar\/news\/wp-json\/wp\/v2\/types\/post"}],"author":[{"embeddable":true,"href":"https:\/\/www.crossprensa.com.ar\/news\/wp-json\/wp\/v2\/users\/2"}],"replies":[{"embeddable":true,"href":"https:\/\/www.crossprensa.com.ar\/news\/wp-json\/wp\/v2\/comments?post=77715"}],"version-history":[{"count":1,"href":"https:\/\/www.crossprensa.com.ar\/news\/wp-json\/wp\/v2\/posts\/77715\/revisions"}],"predecessor-version":[{"id":77717,"href":"https:\/\/www.crossprensa.com.ar\/news\/wp-json\/wp\/v2\/posts\/77715\/revisions\/77717"}],"wp:featuredmedia":[{"embeddable":true,"href":"https:\/\/www.crossprensa.com.ar\/news\/wp-json\/wp\/v2\/media\/77716"}],"wp:attachment":[{"href":"https:\/\/www.crossprensa.com.ar\/news\/wp-json\/wp\/v2\/media?parent=77715"}],"wp:term":[{"taxonomy":"category","embeddable":true,"href":"https:\/\/www.crossprensa.com.ar\/news\/wp-json\/wp\/v2\/categories?post=77715"},{"taxonomy":"post_tag","embeddable":true,"href":"https:\/\/www.crossprensa.com.ar\/news\/wp-json\/wp\/v2\/tags?post=77715"}],"curies":[{"name":"wp","href":"https:\/\/api.w.org\/{rel}","templated":true}]}}