{"id":77691,"date":"2025-08-30T06:44:31","date_gmt":"2025-08-30T09:44:31","guid":{"rendered":"https:\/\/www.crossprensa.com.ar\/news\/?p=77691"},"modified":"2025-08-30T07:01:15","modified_gmt":"2025-08-30T10:01:15","slug":"mx-brasilero-en-vivo-con-copetti-y-garcia","status":"publish","type":"post","link":"https:\/\/www.crossprensa.com.ar\/news\/mx-brasilero-en-vivo-con-copetti-y-garcia\/mx-brasileno\/","title":{"rendered":"MX BRASILERO EN VIVO CON COPETTI Y GARC\u00cdA!!!"},"content":{"rendered":"<p>Los dos argentinos que se destacan en el hermano pa\u00eds donde si tienen el reconocimiento que merecen, estar\u00e1n participando este fin de semana en R\u00edo Verde. Y como en cada cada carrera, aqu\u00ed tendr\u00e1n todo EN VIVO!!! Francesco Copetti debutando como piloto oficial de KTM y Juanfe Garc\u00eda que contin\u00faa con su crecimiento en MX2 con Yamaha, ser\u00e1n nuestros objetivos.<\/p>\n<p><!--more--><\/p>\n<p>Gracias a nuestros colegas de SPORTBAY TV, y sus impecables transmisiones con excelentes relatores, disfrutaremos de todo lo que pase este S\u00e1bado y ma\u00f1ana Domingo, hoy a partir del mediod\u00eda de Argentina!<\/p>\n<p><img fetchpriority=\"high\" decoding=\"async\" class=\"alignnone size-full wp-image-77573\" src=\"https:\/\/www.crossprensa.com.ar\/news\/wp-content\/uploads\/2025\/08\/argcdarosq.gif\" alt=\"\" width=\"1200\" height=\"100\" \/><\/p>\n<p><img decoding=\"async\" class=\"alignnone size-full wp-image-77683\" src=\"https:\/\/www.crossprensa.com.ar\/news\/wp-content\/uploads\/2025\/08\/pilarsept.gif\" alt=\"\" width=\"1200\" height=\"100\" \/><\/p>\n<p><img decoding=\"async\" class=\"alignnone size-full wp-image-77697\" src=\"https:\/\/www.crossprensa.com.ar\/news\/wp-content\/uploads\/2025\/08\/achiras-1.gif\" alt=\"\" width=\"1200\" height=\"100\" \/><\/p>\n<p><iframe title=\"\ud83d\udfe2 AO VIVO \ud83d\udd34 8\u00aa Etapa do Sportbay Brasileiro de Motocross 2025 | Corridas de S\u00e1bado (Rio Verde-GO)\" width=\"640\" height=\"360\" src=\"https:\/\/www.youtube.com\/embed\/stjYNIpMCxo?feature=oembed\" frameborder=\"0\" allow=\"accelerometer; autoplay; clipboard-write; encrypted-media; gyroscope; picture-in-picture; web-share\" referrerpolicy=\"strict-origin-when-cross-origin\" allowfullscreen><\/iframe><\/p>\n","protected":false},"excerpt":{"rendered":"<p>Los dos argentinos que se destacan en el hermano pa\u00eds donde si tienen el reconocimiento&#8230;<\/p>\n","protected":false},"author":2,"featured_media":77692,"comment_status":"closed","ping_status":"closed","sticky":false,"template":"","format":"standard","meta":{"om_disable_all_campaigns":false,"_monsterinsights_skip_tracking":false,"_monsterinsights_sitenote_active":false,"_monsterinsights_sitenote_note":"","_monsterinsights_sitenote_category":0,"_uf_show_specific_survey":0,"_uf_disable_surveys":false,"footnotes":""},"categories":[193],"tags":[],"class_list":["post-77691","post","type-post","status-publish","format-standard","has-post-thumbnail","hentry","category-mx-brasileno"],"aioseo_notices":[],"_links":{"self":[{"href":"https:\/\/www.crossprensa.com.ar\/news\/wp-json\/wp\/v2\/posts\/77691","targetHints":{"allow":["GET"]}}],"collection":[{"href":"https:\/\/www.crossprensa.com.ar\/news\/wp-json\/wp\/v2\/posts"}],"about":[{"href":"https:\/\/www.crossprensa.com.ar\/news\/wp-json\/wp\/v2\/types\/post"}],"author":[{"embeddable":true,"href":"https:\/\/www.crossprensa.com.ar\/news\/wp-json\/wp\/v2\/users\/2"}],"replies":[{"embeddable":true,"href":"https:\/\/www.crossprensa.com.ar\/news\/wp-json\/wp\/v2\/comments?post=77691"}],"version-history":[{"count":5,"href":"https:\/\/www.crossprensa.com.ar\/news\/wp-json\/wp\/v2\/posts\/77691\/revisions"}],"predecessor-version":[{"id":77699,"href":"https:\/\/www.crossprensa.com.ar\/news\/wp-json\/wp\/v2\/posts\/77691\/revisions\/77699"}],"wp:featuredmedia":[{"embeddable":true,"href":"https:\/\/www.crossprensa.com.ar\/news\/wp-json\/wp\/v2\/media\/77692"}],"wp:attachment":[{"href":"https:\/\/www.crossprensa.com.ar\/news\/wp-json\/wp\/v2\/media?parent=77691"}],"wp:term":[{"taxonomy":"category","embeddable":true,"href":"https:\/\/www.crossprensa.com.ar\/news\/wp-json\/wp\/v2\/categories?post=77691"},{"taxonomy":"post_tag","embeddable":true,"href":"https:\/\/www.crossprensa.com.ar\/news\/wp-json\/wp\/v2\/tags?post=77691"}],"curies":[{"name":"wp","href":"https:\/\/api.w.org\/{rel}","templated":true}]}}