{"id":7766,"date":"2015-01-07T11:00:12","date_gmt":"2015-01-07T14:00:12","guid":{"rendered":"http:\/\/www.crossprensa.com.ar\/news\/?p=7766"},"modified":"2015-01-07T11:00:12","modified_gmt":"2015-01-07T14:00:12","slug":"dakar-etapa-3","status":"publish","type":"post","link":"https:\/\/www.crossprensa.com.ar\/news\/dakar-etapa-3\/dakar\/","title":{"rendered":"DAKAR &#8211; ETAPA 3"},"content":{"rendered":"<p>Debido a la tormenta del d\u00eda de ayer, con falta de energ\u00eda el\u00e9ctrica e internet, es que nos retrasamos con la publicaci\u00f3n de la informaci\u00f3n. Gracias a todos por comprender la situaci\u00f3n pero aqu\u00ed seguimos a fondo, como siempre!<\/p>\n<p><!--more--><\/p>\n<p><strong>Etapa 3<\/strong><\/p>\n<p><strong>Motos:<\/strong><\/p>\n<table width=\"442\">\n<tbody>\n<tr>\n<td><strong>Pos.<\/strong><\/td>\n<td>N\u00b0<\/td>\n<td>Nombre<\/td>\n<td>Marca<\/td>\n<\/tr>\n<tr>\n<td>1<\/td>\n<td><a href=\"http:\/\/www.dakar.com\/dakar\/2015\/es\/piloto\/027.html\">27<\/a><\/td>\n<td>\u00b7\u00a0\u00a0\u00a0\u00a0\u00a0\u00a0\u00a0\u00a0\u00a0\u00a0\u00a0\u00a0\u00a0\u00a0\u00a0\u00a0\u00a0\u00a0\u00a0\u00a0\u00a0\u00a0\u00a0\u00a0 <a href=\"http:\/\/www.dakar.com\/dakar\/2015\/es\/piloto\/027.html\">WALKNER (AUT)<\/a><\/td>\n<td>KTM<\/td>\n<\/tr>\n<tr>\n<td>2<\/td>\n<td><a href=\"http:\/\/www.dakar.com\/dakar\/2015\/es\/piloto\/001.html\">1<\/a><\/td>\n<td>\u00b7\u00a0\u00a0\u00a0\u00a0\u00a0\u00a0\u00a0\u00a0\u00a0\u00a0\u00a0\u00a0\u00a0\u00a0\u00a0\u00a0\u00a0\u00a0\u00a0\u00a0\u00a0\u00a0\u00a0\u00a0 <a href=\"http:\/\/www.dakar.com\/dakar\/2015\/es\/piloto\/001.html\">COMA (ESP)<\/a><\/td>\n<td>KTM<\/td>\n<\/tr>\n<tr>\n<td>3<\/td>\n<td><a href=\"http:\/\/www.dakar.com\/dakar\/2015\/es\/piloto\/002.html\">2<\/a><\/td>\n<td>\u00b7\u00a0\u00a0\u00a0\u00a0\u00a0\u00a0\u00a0\u00a0\u00a0\u00a0\u00a0\u00a0\u00a0\u00a0\u00a0\u00a0\u00a0\u00a0\u00a0\u00a0\u00a0\u00a0\u00a0\u00a0 <a href=\"http:\/\/www.dakar.com\/dakar\/2015\/es\/piloto\/002.html\">BARREDA BORT (ESP)<\/a><\/td>\n<td>HONDA<\/td>\n<\/tr>\n<tr>\n<td>4<\/td>\n<td><a href=\"http:\/\/www.dakar.com\/dakar\/2015\/es\/piloto\/026.html\">26<\/a><\/td>\n<td>\u00b7\u00a0\u00a0\u00a0\u00a0\u00a0\u00a0\u00a0\u00a0\u00a0\u00a0\u00a0\u00a0\u00a0\u00a0\u00a0\u00a0\u00a0\u00a0\u00a0\u00a0\u00a0\u00a0\u00a0\u00a0 <a href=\"http:\/\/www.dakar.com\/dakar\/2015\/es\/piloto\/026.html\">PRICE (AUS)<\/a><\/td>\n<td>KTM<\/td>\n<\/tr>\n<tr>\n<td>5<\/td>\n<td><a href=\"http:\/\/www.dakar.com\/dakar\/2015\/es\/piloto\/007.html\">7<\/a><\/td>\n<td>\u00b7\u00a0\u00a0\u00a0\u00a0\u00a0\u00a0\u00a0\u00a0\u00a0\u00a0\u00a0\u00a0\u00a0\u00a0\u00a0\u00a0\u00a0\u00a0\u00a0\u00a0\u00a0\u00a0\u00a0\u00a0 <a href=\"http:\/\/www.dakar.com\/dakar\/2015\/es\/piloto\/007.html\">GONCALVES (PRT)<\/a><\/td>\n<td>HONDA<\/td>\n<\/tr>\n<tr>\n<td>6<\/td>\n<td><a href=\"http:\/\/www.dakar.com\/dakar\/2015\/es\/piloto\/014.html\">14<\/a><\/td>\n<td>\u00b7\u00a0\u00a0\u00a0\u00a0\u00a0\u00a0\u00a0\u00a0\u00a0\u00a0\u00a0\u00a0\u00a0\u00a0\u00a0\u00a0\u00a0\u00a0\u00a0\u00a0\u00a0\u00a0\u00a0\u00a0 <a href=\"http:\/\/www.dakar.com\/dakar\/2015\/es\/piloto\/014.html\">DUCLOS (FRA)<\/a><\/td>\n<td>SHERCO TVS<\/td>\n<\/tr>\n<tr>\n<td>7<\/td>\n<td><a href=\"http:\/\/www.dakar.com\/dakar\/2015\/es\/piloto\/011.html\">11<\/a><\/td>\n<td>\u00b7\u00a0\u00a0\u00a0\u00a0\u00a0\u00a0\u00a0\u00a0\u00a0\u00a0\u00a0\u00a0\u00a0\u00a0\u00a0\u00a0\u00a0\u00a0\u00a0\u00a0\u00a0\u00a0\u00a0\u00a0 <a href=\"http:\/\/www.dakar.com\/dakar\/2015\/es\/piloto\/011.html\">FARIA (PRT)<\/a><\/td>\n<td>KTM<\/td>\n<\/tr>\n<tr>\n<td>8<\/td>\n<td><a href=\"http:\/\/www.dakar.com\/dakar\/2015\/es\/piloto\/012.html\">12<\/a><\/td>\n<td>\u00b7\u00a0\u00a0\u00a0\u00a0\u00a0\u00a0\u00a0\u00a0\u00a0\u00a0\u00a0\u00a0\u00a0\u00a0\u00a0\u00a0\u00a0\u00a0\u00a0\u00a0\u00a0\u00a0\u00a0\u00a0 <a href=\"http:\/\/www.dakar.com\/dakar\/2015\/es\/piloto\/012.html\">ISRAEL ESQUERRE (CHL)<\/a><\/td>\n<td>HONDA<\/td>\n<\/tr>\n<tr>\n<td>9<\/td>\n<td><a href=\"http:\/\/www.dakar.com\/dakar\/2015\/es\/piloto\/004.html\">4<\/a><\/td>\n<td>\u00b7\u00a0\u00a0\u00a0\u00a0\u00a0\u00a0\u00a0\u00a0\u00a0\u00a0\u00a0\u00a0\u00a0\u00a0\u00a0\u00a0\u00a0\u00a0\u00a0\u00a0\u00a0\u00a0\u00a0\u00a0 <a href=\"http:\/\/www.dakar.com\/dakar\/2015\/es\/piloto\/004.html\">VILADOMS (ESP)<\/a><\/td>\n<td>KTM<\/td>\n<\/tr>\n<tr>\n<td>10<\/td>\n<td><a href=\"http:\/\/www.dakar.com\/dakar\/2015\/es\/piloto\/010.html\">10<\/a><\/td>\n<td>\u00b7\u00a0\u00a0\u00a0\u00a0\u00a0\u00a0\u00a0\u00a0\u00a0\u00a0\u00a0\u00a0\u00a0\u00a0\u00a0\u00a0\u00a0\u00a0\u00a0\u00a0\u00a0\u00a0\u00a0\u00a0 <a href=\"http:\/\/www.dakar.com\/dakar\/2015\/es\/piloto\/010.html\">PEDRERO GARCIA (ESP)<\/a><\/td>\n<td>YAMAHA<\/td>\n<\/tr>\n<tr>\n<td>11<\/td>\n<td><a href=\"http:\/\/www.dakar.com\/dakar\/2015\/es\/piloto\/006.html\">6<\/a><\/td>\n<td>\u00b7\u00a0\u00a0\u00a0\u00a0\u00a0\u00a0\u00a0\u00a0\u00a0\u00a0\u00a0\u00a0\u00a0\u00a0\u00a0\u00a0\u00a0\u00a0\u00a0\u00a0\u00a0\u00a0\u00a0\u00a0 <a href=\"http:\/\/www.dakar.com\/dakar\/2015\/es\/piloto\/006.html\">SUNDERLAND (GBR)<\/a><\/td>\n<td>KTM<\/td>\n<\/tr>\n<tr>\n<td>12<\/td>\n<td><a href=\"http:\/\/www.dakar.com\/dakar\/2015\/es\/piloto\/031.html\">31<\/a><\/td>\n<td>\u00b7\u00a0\u00a0\u00a0\u00a0\u00a0\u00a0\u00a0\u00a0\u00a0\u00a0\u00a0\u00a0\u00a0\u00a0\u00a0\u00a0\u00a0\u00a0\u00a0\u00a0\u00a0\u00a0\u00a0\u00a0 <a href=\"http:\/\/www.dakar.com\/dakar\/2015\/es\/piloto\/031.html\">QUINTANILLA (CHL)<\/a><\/td>\n<td>KTM<\/td>\n<\/tr>\n<tr>\n<td>13<\/td>\n<td>18<\/td>\n<td>\u00b7\u00a0\u00a0\u00a0\u00a0\u00a0\u00a0\u00a0\u00a0\u00a0\u00a0\u00a0\u00a0\u00a0\u00a0\u00a0\u00a0\u00a0\u00a0\u00a0\u00a0\u00a0\u00a0\u00a0\u00a0 SVITKO (SVK)<\/td>\n<td>KTM<\/td>\n<\/tr>\n<tr>\n<td>14<\/td>\n<td><a href=\"http:\/\/www.dakar.com\/dakar\/2015\/es\/piloto\/019.html\">19<\/a><\/td>\n<td>\u00b7\u00a0\u00a0\u00a0\u00a0\u00a0\u00a0\u00a0\u00a0\u00a0\u00a0\u00a0\u00a0\u00a0\u00a0\u00a0\u00a0\u00a0\u00a0\u00a0\u00a0\u00a0\u00a0\u00a0\u00a0 <a href=\"http:\/\/www.dakar.com\/dakar\/2015\/es\/piloto\/019.html\">BOTTURI (ITA)<\/a><\/td>\n<td>YAMAHA<\/td>\n<\/tr>\n<tr>\n<td>15<\/td>\n<td><a href=\"http:\/\/www.dakar.com\/dakar\/2015\/es\/piloto\/005.html\">5<\/a><\/td>\n<td>\u00b7\u00a0\u00a0\u00a0\u00a0\u00a0\u00a0\u00a0\u00a0\u00a0\u00a0\u00a0\u00a0\u00a0\u00a0\u00a0\u00a0\u00a0\u00a0\u00a0\u00a0\u00a0\u00a0\u00a0\u00a0 <a href=\"http:\/\/www.dakar.com\/dakar\/2015\/es\/piloto\/005.html\">RODRIGUES (PRT)<\/a><\/td>\n<td>HONDA<\/td>\n<\/tr>\n<tr>\n<td>16<\/td>\n<td><a href=\"http:\/\/www.dakar.com\/dakar\/2015\/es\/piloto\/017.html\">17<\/a><\/td>\n<td>\u00b7\u00a0\u00a0\u00a0\u00a0\u00a0\u00a0\u00a0\u00a0\u00a0\u00a0\u00a0\u00a0\u00a0\u00a0\u00a0\u00a0\u00a0\u00a0\u00a0\u00a0\u00a0\u00a0\u00a0\u00a0 <a href=\"http:\/\/www.dakar.com\/dakar\/2015\/es\/piloto\/017.html\">METGE (FRA)<\/a><\/td>\n<td>YAMAHA<\/td>\n<\/tr>\n<tr>\n<td>17<\/td>\n<td><a href=\"http:\/\/www.dakar.com\/dakar\/2015\/es\/piloto\/029.html\">29<\/a><\/td>\n<td>\u00b7\u00a0\u00a0\u00a0\u00a0\u00a0\u00a0\u00a0\u00a0\u00a0\u00a0\u00a0\u00a0\u00a0\u00a0\u00a0\u00a0\u00a0\u00a0\u00a0\u00a0\u00a0\u00a0\u00a0\u00a0 <a href=\"http:\/\/www.dakar.com\/dakar\/2015\/es\/piloto\/029.html\">SANZ PLA-GIRIBERT (ESP)<\/a><\/td>\n<td>HONDA<\/td>\n<\/tr>\n<tr>\n<td>18<\/td>\n<td><a href=\"http:\/\/www.dakar.com\/dakar\/2015\/es\/piloto\/021.html\">21<\/a><\/td>\n<td>\u00b7\u00a0\u00a0\u00a0\u00a0\u00a0\u00a0\u00a0\u00a0\u00a0\u00a0\u00a0\u00a0\u00a0\u00a0\u00a0\u00a0\u00a0\u00a0\u00a0\u00a0\u00a0\u00a0\u00a0\u00a0 <a href=\"http:\/\/www.dakar.com\/dakar\/2015\/es\/piloto\/021.html\">JAKES (SVK)<\/a><\/td>\n<td>KTM<\/td>\n<\/tr>\n<tr>\n<td>19<\/td>\n<td><a href=\"http:\/\/www.dakar.com\/dakar\/2015\/es\/piloto\/009.html\">9<\/a><\/td>\n<td>\u00b7\u00a0\u00a0\u00a0\u00a0\u00a0\u00a0\u00a0\u00a0\u00a0\u00a0\u00a0\u00a0\u00a0\u00a0\u00a0\u00a0\u00a0\u00a0\u00a0\u00a0\u00a0\u00a0\u00a0\u00a0 <a href=\"http:\/\/www.dakar.com\/dakar\/2015\/es\/piloto\/009.html\">CASTEU (FRA)<\/a><\/td>\n<td>KTM<\/td>\n<\/tr>\n<tr>\n<td>20<\/td>\n<td><a href=\"http:\/\/www.dakar.com\/dakar\/2015\/es\/piloto\/020.html\">20<\/a><\/td>\n<td>\u00b7\u00a0\u00a0\u00a0\u00a0\u00a0\u00a0\u00a0\u00a0\u00a0\u00a0\u00a0\u00a0\u00a0\u00a0\u00a0\u00a0\u00a0\u00a0\u00a0\u00a0\u00a0\u00a0\u00a0\u00a0 <a href=\"http:\/\/www.dakar.com\/dakar\/2015\/es\/piloto\/020.html\">VAN NIEKERK (ZAF)<\/a><\/td>\n<td>KTM<\/td>\n<\/tr>\n<tr>\n<td>21<\/td>\n<td><a href=\"http:\/\/www.dakar.com\/dakar\/2015\/es\/piloto\/003.html\">3<\/a><\/td>\n<td>\u00b7\u00a0\u00a0\u00a0\u00a0\u00a0\u00a0\u00a0\u00a0\u00a0\u00a0\u00a0\u00a0\u00a0\u00a0\u00a0\u00a0\u00a0\u00a0\u00a0\u00a0\u00a0\u00a0\u00a0\u00a0 <a href=\"http:\/\/www.dakar.com\/dakar\/2015\/es\/piloto\/003.html\">PAIN (FRA)<\/a><\/td>\n<td>YAMAHA<\/td>\n<\/tr>\n<tr>\n<td>22<\/td>\n<td>37<\/td>\n<td>\u00b7\u00a0\u00a0\u00a0\u00a0\u00a0\u00a0\u00a0\u00a0\u00a0\u00a0\u00a0\u00a0\u00a0\u00a0\u00a0\u00a0\u00a0\u00a0\u00a0\u00a0\u00a0\u00a0\u00a0\u00a0 VOGELS (NLD)<\/td>\n<td>KTM<\/td>\n<\/tr>\n<tr>\n<td>23<\/td>\n<td>44<\/td>\n<td>\u00b7\u00a0\u00a0\u00a0\u00a0\u00a0\u00a0\u00a0\u00a0\u00a0\u00a0\u00a0\u00a0\u00a0\u00a0\u00a0\u00a0\u00a0\u00a0\u00a0\u00a0\u00a0\u00a0\u00a0\u00a0 DE SOULTRAIT (FRA)<\/td>\n<td>YAMAHA<\/td>\n<\/tr>\n<tr>\n<td>24<\/td>\n<td><a href=\"http:\/\/www.dakar.com\/dakar\/2015\/es\/piloto\/016.html\">16<\/a><\/td>\n<td>\u00b7\u00a0\u00a0\u00a0\u00a0\u00a0\u00a0\u00a0\u00a0\u00a0\u00a0\u00a0\u00a0\u00a0\u00a0\u00a0\u00a0\u00a0\u00a0\u00a0\u00a0\u00a0\u00a0\u00a0\u00a0 <a href=\"http:\/\/www.dakar.com\/dakar\/2015\/es\/piloto\/016.html\">GOUET (CHL)<\/a><\/td>\n<td>HONDA<\/td>\n<\/tr>\n<tr>\n<td>25<\/td>\n<td><a href=\"http:\/\/www.dakar.com\/dakar\/2015\/es\/piloto\/060.html\">60<\/a><\/td>\n<td>\u00b7\u00a0\u00a0\u00a0\u00a0\u00a0\u00a0\u00a0\u00a0\u00a0\u00a0\u00a0\u00a0\u00a0\u00a0\u00a0\u00a0\u00a0\u00a0\u00a0\u00a0\u00a0\u00a0\u00a0\u00a0 <a href=\"http:\/\/www.dakar.com\/dakar\/2015\/es\/piloto\/060.html\">CABRERA (CHL)<\/a><\/td>\n<td>KAWASAKI<\/td>\n<\/tr>\n<tr>\n<td>26<\/td>\n<td><a href=\"http:\/\/www.dakar.com\/dakar\/2015\/es\/piloto\/025.html\">25<\/a><\/td>\n<td>\u00b7\u00a0\u00a0\u00a0\u00a0\u00a0\u00a0\u00a0\u00a0\u00a0\u00a0\u00a0\u00a0\u00a0\u00a0\u00a0\u00a0\u00a0\u00a0\u00a0\u00a0\u00a0\u00a0\u00a0\u00a0 <a href=\"http:\/\/www.dakar.com\/dakar\/2015\/es\/piloto\/025.html\">PLANET (FRA)<\/a><\/td>\n<td>SHERCO TVS<\/td>\n<\/tr>\n<tr>\n<td>27<\/td>\n<td><a href=\"http:\/\/www.dakar.com\/dakar\/2015\/es\/piloto\/008.html\">8<\/a><\/td>\n<td>\u00b7\u00a0\u00a0\u00a0\u00a0\u00a0\u00a0\u00a0\u00a0\u00a0\u00a0\u00a0\u00a0\u00a0\u00a0\u00a0\u00a0\u00a0\u00a0\u00a0\u00a0\u00a0\u00a0\u00a0\u00a0 <a href=\"http:\/\/www.dakar.com\/dakar\/2015\/es\/piloto\/008.html\">PRZYGONSKI (POL)<\/a><\/td>\n<td>KTM<\/td>\n<\/tr>\n<tr>\n<td>28<\/td>\n<td><a href=\"http:\/\/www.dakar.com\/dakar\/2015\/es\/piloto\/079.html\">79<\/a><\/td>\n<td>\u00b7\u00a0\u00a0\u00a0\u00a0\u00a0\u00a0\u00a0\u00a0\u00a0\u00a0\u00a0\u00a0\u00a0\u00a0\u00a0\u00a0\u00a0\u00a0\u00a0\u00a0\u00a0\u00a0\u00a0\u00a0 <a href=\"http:\/\/www.dakar.com\/dakar\/2015\/es\/piloto\/079.html\">ARANA COBEAGA (ESP)<\/a><\/td>\n<td>YAMAHA<\/td>\n<\/tr>\n<tr>\n<td>29<\/td>\n<td><a href=\"http:\/\/www.dakar.com\/dakar\/2015\/es\/piloto\/088.html\">88<\/a><\/td>\n<td>\u00b7\u00a0\u00a0\u00a0\u00a0\u00a0\u00a0\u00a0\u00a0\u00a0\u00a0\u00a0\u00a0\u00a0\u00a0\u00a0\u00a0\u00a0\u00a0\u00a0\u00a0\u00a0\u00a0\u00a0\u00a0 <a href=\"http:\/\/www.dakar.com\/dakar\/2015\/es\/piloto\/088.html\">VERHOESTRAETE (COG)<\/a><\/td>\n<td>SHERCO<\/td>\n<\/tr>\n<tr>\n<td>30<\/td>\n<td><a href=\"http:\/\/www.dakar.com\/dakar\/2015\/es\/piloto\/040.html\">40<\/a><\/td>\n<td>\u00b7\u00a0\u00a0\u00a0\u00a0\u00a0\u00a0\u00a0\u00a0\u00a0\u00a0\u00a0\u00a0\u00a0\u00a0\u00a0\u00a0\u00a0\u00a0\u00a0\u00a0\u00a0\u00a0\u00a0\u00a0 <a href=\"http:\/\/www.dakar.com\/dakar\/2015\/es\/piloto\/040.html\">PATRAO (PRT)<\/a><\/td>\n<td>SUZUKI<\/td>\n<\/tr>\n<tr>\n<td>31<\/td>\n<td><a href=\"http:\/\/www.dakar.com\/dakar\/2015\/es\/piloto\/062.html\">62<\/a><\/td>\n<td>\u00b7\u00a0\u00a0\u00a0\u00a0\u00a0\u00a0\u00a0\u00a0\u00a0\u00a0\u00a0\u00a0\u00a0\u00a0\u00a0\u00a0\u00a0\u00a0\u00a0\u00a0\u00a0\u00a0\u00a0\u00a0 <a href=\"http:\/\/www.dakar.com\/dakar\/2015\/es\/piloto\/062.html\">SOUVIGNET (FRA)<\/a><\/td>\n<td>KTM<\/td>\n<\/tr>\n<tr>\n<td>32<\/td>\n<td><a href=\"http:\/\/www.dakar.com\/dakar\/2015\/es\/piloto\/015.html\">15<\/a><\/td>\n<td>\u00b7\u00a0\u00a0\u00a0\u00a0\u00a0\u00a0\u00a0\u00a0\u00a0\u00a0\u00a0\u00a0\u00a0\u00a0\u00a0\u00a0\u00a0\u00a0\u00a0\u00a0\u00a0\u00a0\u00a0\u00a0 <a href=\"http:\/\/www.dakar.com\/dakar\/2015\/es\/piloto\/015.html\">VERHOEVEN (NLD)<\/a><\/td>\n<td>YAMAHA<\/td>\n<\/tr>\n<tr>\n<td>33<\/td>\n<td><a href=\"http:\/\/www.dakar.com\/dakar\/2015\/es\/piloto\/030.html\">30<\/a><\/td>\n<td>\u00b7\u00a0\u00a0\u00a0\u00a0\u00a0\u00a0\u00a0\u00a0\u00a0\u00a0\u00a0\u00a0\u00a0\u00a0\u00a0\u00a0\u00a0\u00a0\u00a0\u00a0\u00a0\u00a0\u00a0\u00a0 <a href=\"http:\/\/www.dakar.com\/dakar\/2015\/es\/piloto\/030.html\">GUASCH (ESP)<\/a><\/td>\n<td>YAMAHA<\/td>\n<\/tr>\n<tr>\n<td>34<\/td>\n<td><a href=\"http:\/\/www.dakar.com\/dakar\/2015\/es\/piloto\/024.html\">24<\/a><\/td>\n<td>\u00b7\u00a0\u00a0\u00a0\u00a0\u00a0\u00a0\u00a0\u00a0\u00a0\u00a0\u00a0\u00a0\u00a0\u00a0\u00a0\u00a0\u00a0\u00a0\u00a0\u00a0\u00a0\u00a0\u00a0\u00a0 <a href=\"http:\/\/www.dakar.com\/dakar\/2015\/es\/piloto\/024.html\">DE AZEVEDO (BRA)<\/a><\/td>\n<td>HONDA<\/td>\n<\/tr>\n<tr>\n<td>35<\/td>\n<td><a href=\"http:\/\/www.dakar.com\/dakar\/2015\/es\/piloto\/022.html\">22<\/a><\/td>\n<td>\u00b7\u00a0\u00a0\u00a0\u00a0\u00a0\u00a0\u00a0\u00a0\u00a0\u00a0\u00a0\u00a0\u00a0\u00a0\u00a0\u00a0\u00a0\u00a0\u00a0\u00a0\u00a0\u00a0\u00a0\u00a0 <a href=\"http:\/\/www.dakar.com\/dakar\/2015\/es\/piloto\/022.html\">PIZZOLITO (ARG)<\/a><\/td>\n<td>HONDA<\/td>\n<\/tr>\n<tr>\n<td>36<\/td>\n<td><a href=\"http:\/\/www.dakar.com\/dakar\/2015\/es\/piloto\/028.html\">28<\/a><\/td>\n<td>\u00b7\u00a0\u00a0\u00a0\u00a0\u00a0\u00a0\u00a0\u00a0\u00a0\u00a0\u00a0\u00a0\u00a0\u00a0\u00a0\u00a0\u00a0\u00a0\u00a0\u00a0\u00a0\u00a0\u00a0\u00a0 <a href=\"http:\/\/www.dakar.com\/dakar\/2015\/es\/piloto\/028.html\">SALVATIERRA (BOL)<\/a><\/td>\n<td>KTM<\/td>\n<\/tr>\n<tr>\n<td>37<\/td>\n<td><a href=\"http:\/\/www.dakar.com\/dakar\/2015\/es\/piloto\/034.html\">34<\/a><\/td>\n<td>\u00b7\u00a0\u00a0\u00a0\u00a0\u00a0\u00a0\u00a0\u00a0\u00a0\u00a0\u00a0\u00a0\u00a0\u00a0\u00a0\u00a0\u00a0\u00a0\u00a0\u00a0\u00a0\u00a0\u00a0\u00a0 <a href=\"http:\/\/www.dakar.com\/dakar\/2015\/es\/piloto\/034.html\">PABISKA (CZE)<\/a><\/td>\n<td>KTM<\/td>\n<\/tr>\n<tr>\n<td>38<\/td>\n<td><a href=\"http:\/\/www.dakar.com\/dakar\/2015\/es\/piloto\/038.html\">38<\/a><\/td>\n<td>\u00b7\u00a0\u00a0\u00a0\u00a0\u00a0\u00a0\u00a0\u00a0\u00a0\u00a0\u00a0\u00a0\u00a0\u00a0\u00a0\u00a0\u00a0\u00a0\u00a0\u00a0\u00a0\u00a0\u00a0\u00a0 <a href=\"http:\/\/www.dakar.com\/dakar\/2015\/es\/piloto\/038.html\">BERGLUND (SWE)<\/a><\/td>\n<td>KTM<\/td>\n<\/tr>\n<tr>\n<td>39<\/td>\n<td><a href=\"http:\/\/www.dakar.com\/dakar\/2015\/es\/piloto\/032.html\">32<\/a><\/td>\n<td>\u00b7\u00a0\u00a0\u00a0\u00a0\u00a0\u00a0\u00a0\u00a0\u00a0\u00a0\u00a0\u00a0\u00a0\u00a0\u00a0\u00a0\u00a0\u00a0\u00a0\u00a0\u00a0\u00a0\u00a0\u00a0 <a href=\"http:\/\/www.dakar.com\/dakar\/2015\/es\/piloto\/032.html\">CECI (ITA)<\/a><\/td>\n<td>KTM<\/td>\n<\/tr>\n<tr>\n<td>40<\/td>\n<td><a href=\"http:\/\/www.dakar.com\/dakar\/2015\/es\/piloto\/049.html\">49<\/a><\/td>\n<td>\u00b7\u00a0\u00a0\u00a0\u00a0\u00a0\u00a0\u00a0\u00a0\u00a0\u00a0\u00a0\u00a0\u00a0\u00a0\u00a0\u00a0\u00a0\u00a0\u00a0\u00a0\u00a0\u00a0\u00a0\u00a0 <a href=\"http:\/\/www.dakar.com\/dakar\/2015\/es\/piloto\/049.html\">GYENES (ROU)<\/a><\/td>\n<td>KTM<\/td>\n<\/tr>\n<tr>\n<td>41<\/td>\n<td><a href=\"http:\/\/www.dakar.com\/dakar\/2015\/es\/piloto\/140.html\">140<\/a><\/td>\n<td>\u00b7\u00a0\u00a0\u00a0\u00a0\u00a0\u00a0\u00a0\u00a0\u00a0\u00a0\u00a0\u00a0\u00a0\u00a0\u00a0\u00a0\u00a0\u00a0\u00a0\u00a0\u00a0\u00a0\u00a0\u00a0 <a href=\"http:\/\/www.dakar.com\/dakar\/2015\/es\/piloto\/140.html\">GOTTVALD (CZE)<\/a><\/td>\n<td>HUSQVARNA<\/td>\n<\/tr>\n<tr>\n<td>42<\/td>\n<td><a href=\"http:\/\/www.dakar.com\/dakar\/2015\/es\/piloto\/071.html\">71<\/a><\/td>\n<td>\u00b7\u00a0\u00a0\u00a0\u00a0\u00a0\u00a0\u00a0\u00a0\u00a0\u00a0\u00a0\u00a0\u00a0\u00a0\u00a0\u00a0\u00a0\u00a0\u00a0\u00a0\u00a0\u00a0\u00a0\u00a0 <a href=\"http:\/\/www.dakar.com\/dakar\/2015\/es\/piloto\/071.html\">VAYSSADE (FRA)<\/a><\/td>\n<td>SHERCO<\/td>\n<\/tr>\n<tr>\n<td>43<\/td>\n<td><a href=\"http:\/\/www.dakar.com\/dakar\/2015\/es\/piloto\/074.html\">74<\/a><\/td>\n<td>\u00b7\u00a0\u00a0\u00a0\u00a0\u00a0\u00a0\u00a0\u00a0\u00a0\u00a0\u00a0\u00a0\u00a0\u00a0\u00a0\u00a0\u00a0\u00a0\u00a0\u00a0\u00a0\u00a0\u00a0\u00a0 <a href=\"http:\/\/www.dakar.com\/dakar\/2015\/es\/piloto\/074.html\">FERNANDEZ EROSTARBE (URY)<\/a><\/td>\n<td>KAWASAKI<\/td>\n<\/tr>\n<tr>\n<td>44<\/td>\n<td><a href=\"http:\/\/www.dakar.com\/dakar\/2015\/es\/piloto\/161.html\">161<\/a><\/td>\n<td>\u00b7\u00a0\u00a0\u00a0\u00a0\u00a0\u00a0\u00a0\u00a0\u00a0\u00a0\u00a0\u00a0\u00a0\u00a0\u00a0\u00a0\u00a0\u00a0\u00a0\u00a0\u00a0\u00a0\u00a0\u00a0 <a href=\"http:\/\/www.dakar.com\/dakar\/2015\/es\/piloto\/161.html\">LOPEZ JOVE (ARG)<\/a><\/td>\n<td>KAWASAKI<\/td>\n<\/tr>\n<tr>\n<td>45<\/td>\n<td>151<\/td>\n<td>\u00b7\u00a0\u00a0\u00a0\u00a0\u00a0\u00a0\u00a0\u00a0\u00a0\u00a0\u00a0\u00a0\u00a0\u00a0\u00a0\u00a0\u00a0\u00a0\u00a0\u00a0\u00a0\u00a0\u00a0\u00a0 ENGEL (CZE)<\/td>\n<td>KTM<\/td>\n<\/tr>\n<tr>\n<td>46<\/td>\n<td><a href=\"http:\/\/www.dakar.com\/dakar\/2015\/es\/piloto\/065.html\">65<\/a><\/td>\n<td>\u00b7\u00a0\u00a0\u00a0\u00a0\u00a0\u00a0\u00a0\u00a0\u00a0\u00a0\u00a0\u00a0\u00a0\u00a0\u00a0\u00a0\u00a0\u00a0\u00a0\u00a0\u00a0\u00a0\u00a0\u00a0 <a href=\"http:\/\/www.dakar.com\/dakar\/2015\/es\/piloto\/065.html\">VAN DEN GOORBERGH (NLD)<\/a><\/td>\n<td>KTM<\/td>\n<\/tr>\n<tr>\n<td>47<\/td>\n<td><a href=\"http:\/\/www.dakar.com\/dakar\/2015\/es\/piloto\/160.html\">160<\/a><\/td>\n<td>\u00b7\u00a0\u00a0\u00a0\u00a0\u00a0\u00a0\u00a0\u00a0\u00a0\u00a0\u00a0\u00a0\u00a0\u00a0\u00a0\u00a0\u00a0\u00a0\u00a0\u00a0\u00a0\u00a0\u00a0\u00a0 <a href=\"http:\/\/www.dakar.com\/dakar\/2015\/es\/piloto\/160.html\">KLYMCIW (CZE)<\/a><\/td>\n<td>KTM<\/td>\n<\/tr>\n<tr>\n<td>48<\/td>\n<td>35<\/td>\n<td>\u00b7\u00a0\u00a0\u00a0\u00a0\u00a0\u00a0\u00a0\u00a0\u00a0\u00a0\u00a0\u00a0\u00a0\u00a0\u00a0\u00a0\u00a0\u00a0\u00a0\u00a0\u00a0\u00a0\u00a0\u00a0 STANOVNIK (SVN)<\/td>\n<td>KTM<\/td>\n<\/tr>\n<tr>\n<td>49<\/td>\n<td><a href=\"http:\/\/www.dakar.com\/dakar\/2015\/es\/piloto\/053.html\">53<\/a><\/td>\n<td>\u00b7\u00a0\u00a0\u00a0\u00a0\u00a0\u00a0\u00a0\u00a0\u00a0\u00a0\u00a0\u00a0\u00a0\u00a0\u00a0\u00a0\u00a0\u00a0\u00a0\u00a0\u00a0\u00a0\u00a0\u00a0 <a href=\"http:\/\/www.dakar.com\/dakar\/2015\/es\/piloto\/053.html\">PISANO (FRA)<\/a><\/td>\n<td>KTM<\/td>\n<\/tr>\n<tr>\n<td>50<\/td>\n<td><a href=\"http:\/\/www.dakar.com\/dakar\/2015\/es\/piloto\/036.html\">36<\/a><\/td>\n<td>\u00b7\u00a0\u00a0\u00a0\u00a0\u00a0\u00a0\u00a0\u00a0\u00a0\u00a0\u00a0\u00a0\u00a0\u00a0\u00a0\u00a0\u00a0\u00a0\u00a0\u00a0\u00a0\u00a0\u00a0\u00a0 <a href=\"http:\/\/www.dakar.com\/dakar\/2015\/es\/piloto\/036.html\">PIATEK (POL)<\/a><\/td>\n<td>KTM<\/td>\n<\/tr>\n<tr>\n<td>51<\/td>\n<td><a href=\"http:\/\/www.dakar.com\/dakar\/2015\/es\/piloto\/045.html\">45<\/a><\/td>\n<td>\u00b7\u00a0\u00a0\u00a0\u00a0\u00a0\u00a0\u00a0\u00a0\u00a0\u00a0\u00a0\u00a0\u00a0\u00a0\u00a0\u00a0\u00a0\u00a0\u00a0\u00a0\u00a0\u00a0\u00a0\u00a0 <a href=\"http:\/\/www.dakar.com\/dakar\/2015\/es\/piloto\/045.html\">DA COSTA (FRA)<\/a><\/td>\n<td>YAMAHA<\/td>\n<\/tr>\n<tr>\n<td>52<\/td>\n<td><a href=\"http:\/\/www.dakar.com\/dakar\/2015\/es\/piloto\/069.html\">69<\/a><\/td>\n<td>\u00b7\u00a0\u00a0\u00a0\u00a0\u00a0\u00a0\u00a0\u00a0\u00a0\u00a0\u00a0\u00a0\u00a0\u00a0\u00a0\u00a0\u00a0\u00a0\u00a0\u00a0\u00a0\u00a0\u00a0\u00a0 <a href=\"http:\/\/www.dakar.com\/dakar\/2015\/es\/piloto\/069.html\">PAYEN (FRA)<\/a><\/td>\n<td>YAMAHA<\/td>\n<\/tr>\n<tr>\n<td>53<\/td>\n<td><a href=\"http:\/\/www.dakar.com\/dakar\/2015\/es\/piloto\/103.html\">103<\/a><\/td>\n<td>\u00b7\u00a0\u00a0\u00a0\u00a0\u00a0\u00a0\u00a0\u00a0\u00a0\u00a0\u00a0\u00a0\u00a0\u00a0\u00a0\u00a0\u00a0\u00a0\u00a0\u00a0\u00a0\u00a0\u00a0\u00a0 <a href=\"http:\/\/www.dakar.com\/dakar\/2015\/es\/piloto\/103.html\">REEVE (ZMB)<\/a><\/td>\n<td>KTM<\/td>\n<\/tr>\n<tr>\n<td>54<\/td>\n<td><a href=\"http:\/\/www.dakar.com\/dakar\/2015\/es\/piloto\/146.html\">146<\/a><\/td>\n<td>\u00b7\u00a0\u00a0\u00a0\u00a0\u00a0\u00a0\u00a0\u00a0\u00a0\u00a0\u00a0\u00a0\u00a0\u00a0\u00a0\u00a0\u00a0\u00a0\u00a0\u00a0\u00a0\u00a0\u00a0\u00a0 <a href=\"http:\/\/www.dakar.com\/dakar\/2015\/es\/piloto\/146.html\">AYESA (ARG)<\/a><\/td>\n<td>YAMAHA<\/td>\n<\/tr>\n<tr>\n<td>55<\/td>\n<td><a href=\"http:\/\/www.dakar.com\/dakar\/2015\/es\/piloto\/113.html\">113<\/a><\/td>\n<td>\u00b7\u00a0\u00a0\u00a0\u00a0\u00a0\u00a0\u00a0\u00a0\u00a0\u00a0\u00a0\u00a0\u00a0\u00a0\u00a0\u00a0\u00a0\u00a0\u00a0\u00a0\u00a0\u00a0\u00a0\u00a0 <a href=\"http:\/\/www.dakar.com\/dakar\/2015\/es\/piloto\/113.html\">BRIOSCHI (ITA)<\/a><\/td>\n<td>KTM<\/td>\n<\/tr>\n<tr>\n<td>56<\/td>\n<td><a href=\"http:\/\/www.dakar.com\/dakar\/2015\/es\/piloto\/073.html\">73<\/a><\/td>\n<td>\u00b7\u00a0\u00a0\u00a0\u00a0\u00a0\u00a0\u00a0\u00a0\u00a0\u00a0\u00a0\u00a0\u00a0\u00a0\u00a0\u00a0\u00a0\u00a0\u00a0\u00a0\u00a0\u00a0\u00a0\u00a0 <a href=\"http:\/\/www.dakar.com\/dakar\/2015\/es\/piloto\/073.html\">ERRAZURIZ (CHL)<\/a><\/td>\n<td>HUQSVARNA<\/td>\n<\/tr>\n<tr>\n<td>57<\/td>\n<td><a href=\"http:\/\/www.dakar.com\/dakar\/2015\/es\/piloto\/129.html\">129<\/a><\/td>\n<td>\u00b7\u00a0\u00a0\u00a0\u00a0\u00a0\u00a0\u00a0\u00a0\u00a0\u00a0\u00a0\u00a0\u00a0\u00a0\u00a0\u00a0\u00a0\u00a0\u00a0\u00a0\u00a0\u00a0\u00a0\u00a0 <a href=\"http:\/\/www.dakar.com\/dakar\/2015\/es\/piloto\/129.html\">VAN GERVEN (NLD)<\/a><\/td>\n<td>KTM<\/td>\n<\/tr>\n<tr>\n<td>58<\/td>\n<td><a href=\"http:\/\/www.dakar.com\/dakar\/2015\/es\/piloto\/057.html\">57<\/a><\/td>\n<td>\u00b7\u00a0\u00a0\u00a0\u00a0\u00a0\u00a0\u00a0\u00a0\u00a0\u00a0\u00a0\u00a0\u00a0\u00a0\u00a0\u00a0\u00a0\u00a0\u00a0\u00a0\u00a0\u00a0\u00a0\u00a0 <a href=\"http:\/\/www.dakar.com\/dakar\/2015\/es\/piloto\/057.html\">LAZARD (URY)<\/a><\/td>\n<td>KTM<\/td>\n<\/tr>\n<tr>\n<td>59<\/td>\n<td>61<\/td>\n<td>\u00b7\u00a0\u00a0\u00a0\u00a0\u00a0\u00a0\u00a0\u00a0\u00a0\u00a0\u00a0\u00a0\u00a0\u00a0\u00a0\u00a0\u00a0\u00a0\u00a0\u00a0\u00a0\u00a0\u00a0\u00a0 ONTIVEROS (ARG)<\/td>\n<td>BETA<\/td>\n<\/tr>\n<tr>\n<td>60<\/td>\n<td><a href=\"http:\/\/www.dakar.com\/dakar\/2015\/es\/piloto\/051.html\">51<\/a><\/td>\n<td>\u00b7\u00a0\u00a0\u00a0\u00a0\u00a0\u00a0\u00a0\u00a0\u00a0\u00a0\u00a0\u00a0\u00a0\u00a0\u00a0\u00a0\u00a0\u00a0\u00a0\u00a0\u00a0\u00a0\u00a0\u00a0 <a href=\"http:\/\/www.dakar.com\/dakar\/2015\/es\/piloto\/051.html\">MEERU (EST)<\/a><\/td>\n<td>HONDA<\/td>\n<\/tr>\n<tr>\n<td>61<\/td>\n<td><a href=\"http:\/\/www.dakar.com\/dakar\/2015\/es\/piloto\/081.html\">81<\/a><\/td>\n<td>\u00b7\u00a0\u00a0\u00a0\u00a0\u00a0\u00a0\u00a0\u00a0\u00a0\u00a0\u00a0\u00a0\u00a0\u00a0\u00a0\u00a0\u00a0\u00a0\u00a0\u00a0\u00a0\u00a0\u00a0\u00a0 <a href=\"http:\/\/www.dakar.com\/dakar\/2015\/es\/piloto\/081.html\">FUENTES (BOL)<\/a><\/td>\n<td>KTM<\/td>\n<\/tr>\n<tr>\n<td>62<\/td>\n<td><a href=\"http:\/\/www.dakar.com\/dakar\/2015\/es\/piloto\/112.html\">112<\/a><\/td>\n<td>\u00b7\u00a0\u00a0\u00a0\u00a0\u00a0\u00a0\u00a0\u00a0\u00a0\u00a0\u00a0\u00a0\u00a0\u00a0\u00a0\u00a0\u00a0\u00a0\u00a0\u00a0\u00a0\u00a0\u00a0\u00a0 <a href=\"http:\/\/www.dakar.com\/dakar\/2015\/es\/piloto\/112.html\">ECHEVESTE (ARG)<\/a><\/td>\n<td>HONDA<\/td>\n<\/tr>\n<tr>\n<td>63<\/td>\n<td><a href=\"http:\/\/www.dakar.com\/dakar\/2015\/es\/piloto\/048.html\">48<\/a><\/td>\n<td>\u00b7\u00a0\u00a0\u00a0\u00a0\u00a0\u00a0\u00a0\u00a0\u00a0\u00a0\u00a0\u00a0\u00a0\u00a0\u00a0\u00a0\u00a0\u00a0\u00a0\u00a0\u00a0\u00a0\u00a0\u00a0 <a href=\"http:\/\/www.dakar.com\/dakar\/2015\/es\/piloto\/048.html\">RIOS (PER)<\/a><\/td>\n<td>KTM<\/td>\n<\/tr>\n<tr>\n<td>64<\/td>\n<td><a href=\"http:\/\/www.dakar.com\/dakar\/2015\/es\/piloto\/063.html\">63<\/a><\/td>\n<td>\u00b7\u00a0\u00a0\u00a0\u00a0\u00a0\u00a0\u00a0\u00a0\u00a0\u00a0\u00a0\u00a0\u00a0\u00a0\u00a0\u00a0\u00a0\u00a0\u00a0\u00a0\u00a0\u00a0\u00a0\u00a0 <a href=\"http:\/\/www.dakar.com\/dakar\/2015\/es\/piloto\/063.html\">CARILLON (FRA)<\/a><\/td>\n<td>KTM<\/td>\n<\/tr>\n<tr>\n<td>65<\/td>\n<td><a href=\"http:\/\/www.dakar.com\/dakar\/2015\/es\/piloto\/046.html\">46<\/a><\/td>\n<td>\u00b7\u00a0\u00a0\u00a0\u00a0\u00a0\u00a0\u00a0\u00a0\u00a0\u00a0\u00a0\u00a0\u00a0\u00a0\u00a0\u00a0\u00a0\u00a0\u00a0\u00a0\u00a0\u00a0\u00a0\u00a0 <a href=\"http:\/\/www.dakar.com\/dakar\/2015\/es\/piloto\/046.html\">GOMEZ (ARG)<\/a><\/td>\n<td>YAMAHA<\/td>\n<\/tr>\n<tr>\n<td>66<\/td>\n<td><a href=\"http:\/\/www.dakar.com\/dakar\/2015\/es\/piloto\/067.html\">67<\/a><\/td>\n<td>\u00b7\u00a0\u00a0\u00a0\u00a0\u00a0\u00a0\u00a0\u00a0\u00a0\u00a0\u00a0\u00a0\u00a0\u00a0\u00a0\u00a0\u00a0\u00a0\u00a0\u00a0\u00a0\u00a0\u00a0\u00a0 <a href=\"http:\/\/www.dakar.com\/dakar\/2015\/es\/piloto\/067.html\">DESI (HUN)<\/a><\/td>\n<td>KTM<\/td>\n<\/tr>\n<tr>\n<td>67<\/td>\n<td><a href=\"http:\/\/www.dakar.com\/dakar\/2015\/es\/piloto\/068.html\">68<\/a><\/td>\n<td>\u00b7\u00a0\u00a0\u00a0\u00a0\u00a0\u00a0\u00a0\u00a0\u00a0\u00a0\u00a0\u00a0\u00a0\u00a0\u00a0\u00a0\u00a0\u00a0\u00a0\u00a0\u00a0\u00a0\u00a0\u00a0 <a href=\"http:\/\/www.dakar.com\/dakar\/2015\/es\/piloto\/068.html\">VESELY (CZE)<\/a><\/td>\n<td>KTM<\/td>\n<\/tr>\n<tr>\n<td>68<\/td>\n<td><a href=\"http:\/\/www.dakar.com\/dakar\/2015\/es\/piloto\/059.html\">59<\/a><\/td>\n<td>\u00b7\u00a0\u00a0\u00a0\u00a0\u00a0\u00a0\u00a0\u00a0\u00a0\u00a0\u00a0\u00a0\u00a0\u00a0\u00a0\u00a0\u00a0\u00a0\u00a0\u00a0\u00a0\u00a0\u00a0\u00a0 <a href=\"http:\/\/www.dakar.com\/dakar\/2015\/es\/piloto\/059.html\">CHUNCHUNGUPPE SHIVASHANKAR (IND)<\/a><\/td>\n<td>KTM<\/td>\n<\/tr>\n<tr>\n<td>69<\/td>\n<td><a href=\"http:\/\/www.dakar.com\/dakar\/2015\/es\/piloto\/168.html\">168<\/a><\/td>\n<td>\u00b7\u00a0\u00a0\u00a0\u00a0\u00a0\u00a0\u00a0\u00a0\u00a0\u00a0\u00a0\u00a0\u00a0\u00a0\u00a0\u00a0\u00a0\u00a0\u00a0\u00a0\u00a0\u00a0\u00a0\u00a0 <a href=\"http:\/\/www.dakar.com\/dakar\/2015\/es\/piloto\/168.html\">MORENO KRISTIANSEN (COL)<\/a><\/td>\n<td>KTM<\/td>\n<\/tr>\n<tr>\n<td>70<\/td>\n<td><a href=\"http:\/\/www.dakar.com\/dakar\/2015\/es\/piloto\/084.html\">84<\/a><\/td>\n<td>\u00b7\u00a0\u00a0\u00a0\u00a0\u00a0\u00a0\u00a0\u00a0\u00a0\u00a0\u00a0\u00a0\u00a0\u00a0\u00a0\u00a0\u00a0\u00a0\u00a0\u00a0\u00a0\u00a0\u00a0\u00a0 <a href=\"http:\/\/www.dakar.com\/dakar\/2015\/es\/piloto\/084.html\">MARTENS (NLD)<\/a><\/td>\n<td>KTM<\/td>\n<\/tr>\n<tr>\n<td>71<\/td>\n<td>144<\/td>\n<td>\u00b7\u00a0\u00a0\u00a0\u00a0\u00a0\u00a0\u00a0\u00a0\u00a0\u00a0\u00a0\u00a0\u00a0\u00a0\u00a0\u00a0\u00a0\u00a0\u00a0\u00a0\u00a0\u00a0\u00a0\u00a0 UDRY (CHE)<\/td>\n<td>KTM<\/td>\n<\/tr>\n<tr>\n<td>72<\/td>\n<td><a href=\"http:\/\/www.dakar.com\/dakar\/2015\/es\/piloto\/055.html\">55<\/a><\/td>\n<td>\u00b7\u00a0\u00a0\u00a0\u00a0\u00a0\u00a0\u00a0\u00a0\u00a0\u00a0\u00a0\u00a0\u00a0\u00a0\u00a0\u00a0\u00a0\u00a0\u00a0\u00a0\u00a0\u00a0\u00a0\u00a0 <a href=\"http:\/\/www.dakar.com\/dakar\/2015\/es\/piloto\/055.html\">HEINRICH (PER)<\/a><\/td>\n<td>SUZUKI<\/td>\n<\/tr>\n<tr>\n<td>73<\/td>\n<td><a href=\"http:\/\/www.dakar.com\/dakar\/2015\/es\/piloto\/114.html\">114<\/a><\/td>\n<td>\u00b7\u00a0\u00a0\u00a0\u00a0\u00a0\u00a0\u00a0\u00a0\u00a0\u00a0\u00a0\u00a0\u00a0\u00a0\u00a0\u00a0\u00a0\u00a0\u00a0\u00a0\u00a0\u00a0\u00a0\u00a0 <a href=\"http:\/\/www.dakar.com\/dakar\/2015\/es\/piloto\/114.html\">BRIOSCHI (ITA)<\/a><\/td>\n<td>KTM<\/td>\n<\/tr>\n<tr>\n<td>74<\/td>\n<td><a href=\"http:\/\/www.dakar.com\/dakar\/2015\/es\/piloto\/125.html\">125<\/a><\/td>\n<td>\u00b7\u00a0\u00a0\u00a0\u00a0\u00a0\u00a0\u00a0\u00a0\u00a0\u00a0\u00a0\u00a0\u00a0\u00a0\u00a0\u00a0\u00a0\u00a0\u00a0\u00a0\u00a0\u00a0\u00a0\u00a0 <a href=\"http:\/\/www.dakar.com\/dakar\/2015\/es\/piloto\/125.html\">HINTENAUS (ZAF)<\/a><\/td>\n<td>KTM<\/td>\n<\/tr>\n<tr>\n<td>75<\/td>\n<td><a href=\"http:\/\/www.dakar.com\/dakar\/2015\/es\/piloto\/072.html\">72<\/a><\/td>\n<td>\u00b7\u00a0\u00a0\u00a0\u00a0\u00a0\u00a0\u00a0\u00a0\u00a0\u00a0\u00a0\u00a0\u00a0\u00a0\u00a0\u00a0\u00a0\u00a0\u00a0\u00a0\u00a0\u00a0\u00a0\u00a0 <a href=\"http:\/\/www.dakar.com\/dakar\/2015\/es\/piloto\/072.html\">CAVELIUS (FRA)<\/a><\/td>\n<td>KTM<\/td>\n<\/tr>\n<tr>\n<td>76<\/td>\n<td><a href=\"http:\/\/www.dakar.com\/dakar\/2015\/es\/piloto\/080.html\">80<\/a><\/td>\n<td>\u00b7\u00a0\u00a0\u00a0\u00a0\u00a0\u00a0\u00a0\u00a0\u00a0\u00a0\u00a0\u00a0\u00a0\u00a0\u00a0\u00a0\u00a0\u00a0\u00a0\u00a0\u00a0\u00a0\u00a0\u00a0 <a href=\"http:\/\/www.dakar.com\/dakar\/2015\/es\/piloto\/080.html\">SARMIENTO CERON (COL)<\/a><\/td>\n<td>YAMAHA<\/td>\n<\/tr>\n<tr>\n<td>77<\/td>\n<td>50<\/td>\n<td>\u00b7\u00a0\u00a0\u00a0\u00a0\u00a0\u00a0\u00a0\u00a0\u00a0\u00a0\u00a0\u00a0\u00a0\u00a0\u00a0\u00a0\u00a0\u00a0\u00a0\u00a0\u00a0\u00a0\u00a0\u00a0 BUTUZA (ROU)<\/td>\n<td>KTM<\/td>\n<\/tr>\n<tr>\n<td>78<\/td>\n<td><a href=\"http:\/\/www.dakar.com\/dakar\/2015\/es\/piloto\/078.html\">78<\/a><\/td>\n<td>\u00b7\u00a0\u00a0\u00a0\u00a0\u00a0\u00a0\u00a0\u00a0\u00a0\u00a0\u00a0\u00a0\u00a0\u00a0\u00a0\u00a0\u00a0\u00a0\u00a0\u00a0\u00a0\u00a0\u00a0\u00a0 <a href=\"http:\/\/www.dakar.com\/dakar\/2015\/es\/piloto\/078.html\">PASCUAL (ARG)<\/a><\/td>\n<td>KTM<\/td>\n<\/tr>\n<tr>\n<td>79<\/td>\n<td><a href=\"http:\/\/www.dakar.com\/dakar\/2015\/es\/piloto\/109.html\">109<\/a><\/td>\n<td>\u00b7\u00a0\u00a0\u00a0\u00a0\u00a0\u00a0\u00a0\u00a0\u00a0\u00a0\u00a0\u00a0\u00a0\u00a0\u00a0\u00a0\u00a0\u00a0\u00a0\u00a0\u00a0\u00a0\u00a0\u00a0 <a href=\"http:\/\/www.dakar.com\/dakar\/2015\/es\/piloto\/109.html\">LACUNZA (ARG)<\/a><\/td>\n<td>KTM<\/td>\n<\/tr>\n<tr>\n<td>80<\/td>\n<td>83<\/td>\n<td>\u00b7\u00a0\u00a0\u00a0\u00a0\u00a0\u00a0\u00a0\u00a0\u00a0\u00a0\u00a0\u00a0\u00a0\u00a0\u00a0\u00a0\u00a0\u00a0\u00a0\u00a0\u00a0\u00a0\u00a0\u00a0 DAMDINKHORLOO (MNG)<\/td>\n<td>KTM<\/td>\n<\/tr>\n<tr>\n<td>81<\/td>\n<td>54<\/td>\n<td>\u00b7\u00a0\u00a0\u00a0\u00a0\u00a0\u00a0\u00a0\u00a0\u00a0\u00a0\u00a0\u00a0\u00a0\u00a0\u00a0\u00a0\u00a0\u00a0\u00a0\u00a0\u00a0\u00a0\u00a0\u00a0 ARREDONDO (GTM)<\/td>\n<td>KTM<\/td>\n<\/tr>\n<tr>\n<td>82<\/td>\n<td><a href=\"http:\/\/www.dakar.com\/dakar\/2015\/es\/piloto\/086.html\">86<\/a><\/td>\n<td>\u00b7\u00a0\u00a0\u00a0\u00a0\u00a0\u00a0\u00a0\u00a0\u00a0\u00a0\u00a0\u00a0\u00a0\u00a0\u00a0\u00a0\u00a0\u00a0\u00a0\u00a0\u00a0\u00a0\u00a0\u00a0 <a href=\"http:\/\/www.dakar.com\/dakar\/2015\/es\/piloto\/086.html\">GRACIDA GARZA (MEX)<\/a><\/td>\n<td>KTM<\/td>\n<\/tr>\n<tr>\n<td>83<\/td>\n<td><a href=\"http:\/\/www.dakar.com\/dakar\/2015\/es\/piloto\/077.html\">77<\/a><\/td>\n<td>\u00b7\u00a0\u00a0\u00a0\u00a0\u00a0\u00a0\u00a0\u00a0\u00a0\u00a0\u00a0\u00a0\u00a0\u00a0\u00a0\u00a0\u00a0\u00a0\u00a0\u00a0\u00a0\u00a0\u00a0\u00a0 <a href=\"http:\/\/www.dakar.com\/dakar\/2015\/es\/piloto\/077.html\">GUIRAL (ARG)<\/a><\/td>\n<td>HONDA<\/td>\n<\/tr>\n<tr>\n<td>84<\/td>\n<td><a href=\"http:\/\/www.dakar.com\/dakar\/2015\/es\/piloto\/075.html\">75<\/a><\/td>\n<td>\u00b7\u00a0\u00a0\u00a0\u00a0\u00a0\u00a0\u00a0\u00a0\u00a0\u00a0\u00a0\u00a0\u00a0\u00a0\u00a0\u00a0\u00a0\u00a0\u00a0\u00a0\u00a0\u00a0\u00a0\u00a0 <a href=\"http:\/\/www.dakar.com\/dakar\/2015\/es\/piloto\/075.html\">SULLIVAN-PAVEY (AUS)<\/a><\/td>\n<td>KTM<\/td>\n<\/tr>\n<tr>\n<td>85<\/td>\n<td><a href=\"http:\/\/www.dakar.com\/dakar\/2015\/es\/piloto\/152.html\">152<\/a><\/td>\n<td>\u00b7\u00a0\u00a0\u00a0\u00a0\u00a0\u00a0\u00a0\u00a0\u00a0\u00a0\u00a0\u00a0\u00a0\u00a0\u00a0\u00a0\u00a0\u00a0\u00a0\u00a0\u00a0\u00a0\u00a0\u00a0 <a href=\"http:\/\/www.dakar.com\/dakar\/2015\/es\/piloto\/152.html\">GAJDOSECH (ARG)<\/a><\/td>\n<td>YAMAHA<\/td>\n<\/tr>\n<tr>\n<td>86<\/td>\n<td><a href=\"http:\/\/www.dakar.com\/dakar\/2015\/es\/piloto\/058.html\">58<\/a><\/td>\n<td>\u00b7\u00a0\u00a0\u00a0\u00a0\u00a0\u00a0\u00a0\u00a0\u00a0\u00a0\u00a0\u00a0\u00a0\u00a0\u00a0\u00a0\u00a0\u00a0\u00a0\u00a0\u00a0\u00a0\u00a0\u00a0 <a href=\"http:\/\/www.dakar.com\/dakar\/2015\/es\/piloto\/058.html\">PUERTAS (ESP)<\/a><\/td>\n<td>KTM<\/td>\n<\/tr>\n<tr>\n<td>87<\/td>\n<td><a href=\"http:\/\/www.dakar.com\/dakar\/2015\/es\/piloto\/154.html\">154<\/a><\/td>\n<td>\u00b7\u00a0\u00a0\u00a0\u00a0\u00a0\u00a0\u00a0\u00a0\u00a0\u00a0\u00a0\u00a0\u00a0\u00a0\u00a0\u00a0\u00a0\u00a0\u00a0\u00a0\u00a0\u00a0\u00a0\u00a0 <a href=\"http:\/\/www.dakar.com\/dakar\/2015\/es\/piloto\/154.html\">PEDROLA (ESP)<\/a><\/td>\n<td>YAMAHA<\/td>\n<\/tr>\n<tr>\n<td>88<\/td>\n<td>100<\/td>\n<td>\u00b7\u00a0\u00a0\u00a0\u00a0\u00a0\u00a0\u00a0\u00a0\u00a0\u00a0\u00a0\u00a0\u00a0\u00a0\u00a0\u00a0\u00a0\u00a0\u00a0\u00a0\u00a0\u00a0\u00a0\u00a0 CROQUELOIS (FRA)<\/td>\n<td>KTM<\/td>\n<\/tr>\n<tr>\n<td>89<\/td>\n<td>153<\/td>\n<td>\u00b7\u00a0\u00a0\u00a0\u00a0\u00a0\u00a0\u00a0\u00a0\u00a0\u00a0\u00a0\u00a0\u00a0\u00a0\u00a0\u00a0\u00a0\u00a0\u00a0\u00a0\u00a0\u00a0\u00a0\u00a0 PETRONE (ARG)<\/td>\n<td>YAMAHA<\/td>\n<\/tr>\n<tr>\n<td>90<\/td>\n<td><a href=\"http:\/\/www.dakar.com\/dakar\/2015\/es\/piloto\/156.html\">156<\/a><\/td>\n<td>\u00b7\u00a0\u00a0\u00a0\u00a0\u00a0\u00a0\u00a0\u00a0\u00a0\u00a0\u00a0\u00a0\u00a0\u00a0\u00a0\u00a0\u00a0\u00a0\u00a0\u00a0\u00a0\u00a0\u00a0\u00a0 <a href=\"http:\/\/www.dakar.com\/dakar\/2015\/es\/piloto\/156.html\">SENKALAYCI (TUR)<\/a><\/td>\n<td>KTM<\/td>\n<\/tr>\n<tr>\n<td>91<\/td>\n<td><a href=\"http:\/\/www.dakar.com\/dakar\/2015\/es\/piloto\/076.html\">76<\/a><\/td>\n<td>\u00b7\u00a0\u00a0\u00a0\u00a0\u00a0\u00a0\u00a0\u00a0\u00a0\u00a0\u00a0\u00a0\u00a0\u00a0\u00a0\u00a0\u00a0\u00a0\u00a0\u00a0\u00a0\u00a0\u00a0\u00a0 <a href=\"http:\/\/www.dakar.com\/dakar\/2015\/es\/piloto\/076.html\">PAVEY (AUS)<\/a><\/td>\n<td>KTM<\/td>\n<\/tr>\n<tr>\n<td>92<\/td>\n<td><a href=\"http:\/\/www.dakar.com\/dakar\/2015\/es\/piloto\/165.html\">165<\/a><\/td>\n<td>\u00b7\u00a0\u00a0\u00a0\u00a0\u00a0\u00a0\u00a0\u00a0\u00a0\u00a0\u00a0\u00a0\u00a0\u00a0\u00a0\u00a0\u00a0\u00a0\u00a0\u00a0\u00a0\u00a0\u00a0\u00a0 <a href=\"http:\/\/www.dakar.com\/dakar\/2015\/es\/piloto\/165.html\">OZDEMIR (TUR)<\/a><\/td>\n<td>KTM<\/td>\n<\/tr>\n<tr>\n<td>93<\/td>\n<td><a href=\"http:\/\/www.dakar.com\/dakar\/2015\/es\/piloto\/138.html\">138<\/a><\/td>\n<td>\u00b7\u00a0\u00a0\u00a0\u00a0\u00a0\u00a0\u00a0\u00a0\u00a0\u00a0\u00a0\u00a0\u00a0\u00a0\u00a0\u00a0\u00a0\u00a0\u00a0\u00a0\u00a0\u00a0\u00a0\u00a0 <a href=\"http:\/\/www.dakar.com\/dakar\/2015\/es\/piloto\/138.html\">SCHELLEKENS (NLD)<\/a><\/td>\n<td>KTM<\/td>\n<\/tr>\n<tr>\n<td>84<\/td>\n<td><a href=\"http:\/\/www.dakar.com\/dakar\/2015\/es\/piloto\/070.html\">70<\/a><\/td>\n<td>\u00b7\u00a0\u00a0\u00a0\u00a0\u00a0\u00a0\u00a0\u00a0\u00a0\u00a0\u00a0\u00a0\u00a0\u00a0\u00a0\u00a0\u00a0\u00a0\u00a0\u00a0\u00a0\u00a0\u00a0\u00a0 <a href=\"http:\/\/www.dakar.com\/dakar\/2015\/es\/piloto\/070.html\">STASIACZEK (POL)<\/a><\/td>\n<td>KTM<\/td>\n<\/tr>\n<tr>\n<td>95<\/td>\n<td><a href=\"http:\/\/www.dakar.com\/dakar\/2015\/es\/piloto\/135.html\">135<\/a><\/td>\n<td>\u00b7\u00a0\u00a0\u00a0\u00a0\u00a0\u00a0\u00a0\u00a0\u00a0\u00a0\u00a0\u00a0\u00a0\u00a0\u00a0\u00a0\u00a0\u00a0\u00a0\u00a0\u00a0\u00a0\u00a0\u00a0 <a href=\"http:\/\/www.dakar.com\/dakar\/2015\/es\/piloto\/135.html\">VAN DAELE (NLD)<\/a><\/td>\n<td>HONDA<\/td>\n<\/tr>\n<tr>\n<td>96<\/td>\n<td><a href=\"http:\/\/www.dakar.com\/dakar\/2015\/es\/piloto\/128.html\">128<\/a><\/td>\n<td>\u00b7\u00a0\u00a0\u00a0\u00a0\u00a0\u00a0\u00a0\u00a0\u00a0\u00a0\u00a0\u00a0\u00a0\u00a0\u00a0\u00a0\u00a0\u00a0\u00a0\u00a0\u00a0\u00a0\u00a0\u00a0 <a href=\"http:\/\/www.dakar.com\/dakar\/2015\/es\/piloto\/128.html\">FERNANDEZ MENDEZ (ESP)<\/a><\/td>\n<td>KTM<\/td>\n<\/tr>\n<tr>\n<td>97<\/td>\n<td>126<\/td>\n<td>\u00b7\u00a0\u00a0\u00a0\u00a0\u00a0\u00a0\u00a0\u00a0\u00a0\u00a0\u00a0\u00a0\u00a0\u00a0\u00a0\u00a0\u00a0\u00a0\u00a0\u00a0\u00a0\u00a0\u00a0\u00a0 VAN HEERTUM (NLD)<\/td>\n<td>KTM<\/td>\n<\/tr>\n<tr>\n<td>98<\/td>\n<td><a href=\"http:\/\/www.dakar.com\/dakar\/2015\/es\/piloto\/127.html\">127<\/a><\/td>\n<td>\u00b7\u00a0\u00a0\u00a0\u00a0\u00a0\u00a0\u00a0\u00a0\u00a0\u00a0\u00a0\u00a0\u00a0\u00a0\u00a0\u00a0\u00a0\u00a0\u00a0\u00a0\u00a0\u00a0\u00a0\u00a0 <a href=\"http:\/\/www.dakar.com\/dakar\/2015\/es\/piloto\/127.html\">FERNANDEZ (ESP)<\/a><\/td>\n<td>KTM<\/td>\n<\/tr>\n<tr>\n<td>99<\/td>\n<td><a href=\"http:\/\/www.dakar.com\/dakar\/2015\/es\/piloto\/102.html\">102<\/a><\/td>\n<td>\u00b7\u00a0\u00a0\u00a0\u00a0\u00a0\u00a0\u00a0\u00a0\u00a0\u00a0\u00a0\u00a0\u00a0\u00a0\u00a0\u00a0\u00a0\u00a0\u00a0\u00a0\u00a0\u00a0\u00a0\u00a0 <a href=\"http:\/\/www.dakar.com\/dakar\/2015\/es\/piloto\/102.html\">URQUIA (ARG)<\/a><\/td>\n<td>YAMAHA<\/td>\n<\/tr>\n<tr>\n<td>100<\/td>\n<td>158<\/td>\n<td>\u00b7\u00a0\u00a0\u00a0\u00a0\u00a0\u00a0\u00a0\u00a0\u00a0\u00a0\u00a0\u00a0\u00a0\u00a0\u00a0\u00a0\u00a0\u00a0\u00a0\u00a0\u00a0\u00a0\u00a0\u00a0 MARTENS (NLD)<\/td>\n<td>KTM<\/td>\n<\/tr>\n<tr>\n<td>101<\/td>\n<td><a href=\"http:\/\/www.dakar.com\/dakar\/2015\/es\/piloto\/098.html\">98<\/a><\/td>\n<td>\u00b7\u00a0\u00a0\u00a0\u00a0\u00a0\u00a0\u00a0\u00a0\u00a0\u00a0\u00a0\u00a0\u00a0\u00a0\u00a0\u00a0\u00a0\u00a0\u00a0\u00a0\u00a0\u00a0\u00a0\u00a0 <a href=\"http:\/\/www.dakar.com\/dakar\/2015\/es\/piloto\/098.html\">GULDMAN GONZALEZ (CHL)<\/a><\/td>\n<td>KAWASAKI<\/td>\n<\/tr>\n<tr>\n<td>102<\/td>\n<td><a href=\"http:\/\/www.dakar.com\/dakar\/2015\/es\/piloto\/132.html\">132<\/a><\/td>\n<td>\u00b7\u00a0\u00a0\u00a0\u00a0\u00a0\u00a0\u00a0\u00a0\u00a0\u00a0\u00a0\u00a0\u00a0\u00a0\u00a0\u00a0\u00a0\u00a0\u00a0\u00a0\u00a0\u00a0\u00a0\u00a0 <a href=\"http:\/\/www.dakar.com\/dakar\/2015\/es\/piloto\/132.html\">VAN HEERTUM (NLD)<\/a><\/td>\n<td>KTM<\/td>\n<\/tr>\n<tr>\n<td>103<\/td>\n<td><a href=\"http:\/\/www.dakar.com\/dakar\/2015\/es\/piloto\/167.html\">167<\/a><\/td>\n<td>\u00b7\u00a0\u00a0\u00a0\u00a0\u00a0\u00a0\u00a0\u00a0\u00a0\u00a0\u00a0\u00a0\u00a0\u00a0\u00a0\u00a0\u00a0\u00a0\u00a0\u00a0\u00a0\u00a0\u00a0\u00a0 <a href=\"http:\/\/www.dakar.com\/dakar\/2015\/es\/piloto\/167.html\">RIEZEBOS (NLD)<\/a><\/td>\n<td>KTM<\/td>\n<\/tr>\n<tr>\n<td>104<\/td>\n<td><a href=\"http:\/\/www.dakar.com\/dakar\/2015\/es\/piloto\/150.html\">150<\/a><\/td>\n<td>\u00b7\u00a0\u00a0\u00a0\u00a0\u00a0\u00a0\u00a0\u00a0\u00a0\u00a0\u00a0\u00a0\u00a0\u00a0\u00a0\u00a0\u00a0\u00a0\u00a0\u00a0\u00a0\u00a0\u00a0\u00a0 <a href=\"http:\/\/www.dakar.com\/dakar\/2015\/es\/piloto\/150.html\">CASUCCIO (ITA)<\/a><\/td>\n<td>GASGAS<\/td>\n<\/tr>\n<tr>\n<td>105<\/td>\n<td><a href=\"http:\/\/www.dakar.com\/dakar\/2015\/es\/piloto\/064.html\">64<\/a><\/td>\n<td>\u00b7\u00a0\u00a0\u00a0\u00a0\u00a0\u00a0\u00a0\u00a0\u00a0\u00a0\u00a0\u00a0\u00a0\u00a0\u00a0\u00a0\u00a0\u00a0\u00a0\u00a0\u00a0\u00a0\u00a0\u00a0 <a href=\"http:\/\/www.dakar.com\/dakar\/2015\/es\/piloto\/064.html\">NIJEN TWILHAAR (NLD)<\/a><\/td>\n<td>KTM<\/td>\n<\/tr>\n<tr>\n<td>106<\/td>\n<td>139<\/td>\n<td>\u00b7\u00a0\u00a0\u00a0\u00a0\u00a0\u00a0\u00a0\u00a0\u00a0\u00a0\u00a0\u00a0\u00a0\u00a0\u00a0\u00a0\u00a0\u00a0\u00a0\u00a0\u00a0\u00a0\u00a0\u00a0 VAN BERGEIJK (NLD)<\/td>\n<td>HUSABERG<\/td>\n<\/tr>\n<tr>\n<td>107<\/td>\n<td>97<\/td>\n<td>\u00b7\u00a0\u00a0\u00a0\u00a0\u00a0\u00a0\u00a0\u00a0\u00a0\u00a0\u00a0\u00a0\u00a0\u00a0\u00a0\u00a0\u00a0\u00a0\u00a0\u00a0\u00a0\u00a0\u00a0\u00a0 GIMENO GARC\u00cdA (ESP)<\/td>\n<td>KTM<\/td>\n<\/tr>\n<tr>\n<td>108<\/td>\n<td><a href=\"http:\/\/www.dakar.com\/dakar\/2015\/es\/piloto\/096.html\">96<\/a><\/td>\n<td>\u00b7\u00a0\u00a0\u00a0\u00a0\u00a0\u00a0\u00a0\u00a0\u00a0\u00a0\u00a0\u00a0\u00a0\u00a0\u00a0\u00a0\u00a0\u00a0\u00a0\u00a0\u00a0\u00a0\u00a0\u00a0 <a href=\"http:\/\/www.dakar.com\/dakar\/2015\/es\/piloto\/096.html\">ROMERO FONT (ESP)<\/a><\/td>\n<td>KTM<\/td>\n<\/tr>\n<tr>\n<td>109<\/td>\n<td><a href=\"http:\/\/www.dakar.com\/dakar\/2015\/es\/piloto\/133.html\">133<\/a><\/td>\n<td>\u00b7\u00a0\u00a0\u00a0\u00a0\u00a0\u00a0\u00a0\u00a0\u00a0\u00a0\u00a0\u00a0\u00a0\u00a0\u00a0\u00a0\u00a0\u00a0\u00a0\u00a0\u00a0\u00a0\u00a0\u00a0 <a href=\"http:\/\/www.dakar.com\/dakar\/2015\/es\/piloto\/133.html\">DOMENACH (FRA)<\/a><\/td>\n<td>KTM<\/td>\n<\/tr>\n<tr>\n<td>110<\/td>\n<td><a href=\"http:\/\/www.dakar.com\/dakar\/2015\/es\/piloto\/105.html\">105<\/a><\/td>\n<td>\u00b7\u00a0\u00a0\u00a0\u00a0\u00a0\u00a0\u00a0\u00a0\u00a0\u00a0\u00a0\u00a0\u00a0\u00a0\u00a0\u00a0\u00a0\u00a0\u00a0\u00a0\u00a0\u00a0\u00a0\u00a0 <a href=\"http:\/\/www.dakar.com\/dakar\/2015\/es\/piloto\/105.html\">CATANESE (ITA)<\/a><\/td>\n<td>YAMAHA<\/td>\n<\/tr>\n<tr>\n<td>111<\/td>\n<td><a href=\"http:\/\/www.dakar.com\/dakar\/2015\/es\/piloto\/155.html\">155<\/a><\/td>\n<td>\u00b7\u00a0\u00a0\u00a0\u00a0\u00a0\u00a0\u00a0\u00a0\u00a0\u00a0\u00a0\u00a0\u00a0\u00a0\u00a0\u00a0\u00a0\u00a0\u00a0\u00a0\u00a0\u00a0\u00a0\u00a0 <a href=\"http:\/\/www.dakar.com\/dakar\/2015\/es\/piloto\/155.html\">SUAREZ ZAPATA (ARG)<\/a><\/td>\n<td>KAWASAKI<\/td>\n<\/tr>\n<tr>\n<td>112<\/td>\n<td><a href=\"http:\/\/www.dakar.com\/dakar\/2015\/es\/piloto\/056.html\">56<\/a><\/td>\n<td>\u00b7\u00a0\u00a0\u00a0\u00a0\u00a0\u00a0\u00a0\u00a0\u00a0\u00a0\u00a0\u00a0\u00a0\u00a0\u00a0\u00a0\u00a0\u00a0\u00a0\u00a0\u00a0\u00a0\u00a0\u00a0 <a href=\"http:\/\/www.dakar.com\/dakar\/2015\/es\/piloto\/056.html\">MENARD (FRA)<\/a><\/td>\n<td>KTM<\/td>\n<\/tr>\n<tr>\n<td>113<\/td>\n<td><a href=\"http:\/\/www.dakar.com\/dakar\/2015\/es\/piloto\/108.html\">108<\/a><\/td>\n<td>\u00b7\u00a0\u00a0\u00a0\u00a0\u00a0\u00a0\u00a0\u00a0\u00a0\u00a0\u00a0\u00a0\u00a0\u00a0\u00a0\u00a0\u00a0\u00a0\u00a0\u00a0\u00a0\u00a0\u00a0\u00a0 <a href=\"http:\/\/www.dakar.com\/dakar\/2015\/es\/piloto\/108.html\">MONIER (FRA)<\/a><\/td>\n<td>KTM<\/td>\n<\/tr>\n<tr>\n<td>114<\/td>\n<td><a href=\"http:\/\/www.dakar.com\/dakar\/2015\/es\/piloto\/104.html\">104<\/a><\/td>\n<td>\u00b7\u00a0\u00a0\u00a0\u00a0\u00a0\u00a0\u00a0\u00a0\u00a0\u00a0\u00a0\u00a0\u00a0\u00a0\u00a0\u00a0\u00a0\u00a0\u00a0\u00a0\u00a0\u00a0\u00a0\u00a0 <a href=\"http:\/\/www.dakar.com\/dakar\/2015\/es\/piloto\/104.html\">CORK (GBR)<\/a><\/td>\n<td>HUSQVARNA<\/td>\n<\/tr>\n<tr>\n<td>115<\/td>\n<td><a href=\"http:\/\/www.dakar.com\/dakar\/2015\/es\/piloto\/087.html\">87<\/a><\/td>\n<td>\u00b7\u00a0\u00a0\u00a0\u00a0\u00a0\u00a0\u00a0\u00a0\u00a0\u00a0\u00a0\u00a0\u00a0\u00a0\u00a0\u00a0\u00a0\u00a0\u00a0\u00a0\u00a0\u00a0\u00a0\u00a0 <a href=\"http:\/\/www.dakar.com\/dakar\/2015\/es\/piloto\/087.html\">REINIKE (CHL)<\/a><\/td>\n<td>KTM<\/td>\n<\/tr>\n<tr>\n<td>116<\/td>\n<td><a href=\"http:\/\/www.dakar.com\/dakar\/2015\/es\/piloto\/099.html\">99<\/a><\/td>\n<td>\u00b7\u00a0\u00a0\u00a0\u00a0\u00a0\u00a0\u00a0\u00a0\u00a0\u00a0\u00a0\u00a0\u00a0\u00a0\u00a0\u00a0\u00a0\u00a0\u00a0\u00a0\u00a0\u00a0\u00a0\u00a0 <a href=\"http:\/\/www.dakar.com\/dakar\/2015\/es\/piloto\/099.html\">CHERPIN (FRA)<\/a><\/td>\n<td>KTM<\/td>\n<\/tr>\n<tr>\n<td>117<\/td>\n<td><a href=\"http:\/\/www.dakar.com\/dakar\/2015\/es\/piloto\/091.html\">91<\/a><\/td>\n<td>\u00b7\u00a0\u00a0\u00a0\u00a0\u00a0\u00a0\u00a0\u00a0\u00a0\u00a0\u00a0\u00a0\u00a0\u00a0\u00a0\u00a0\u00a0\u00a0\u00a0\u00a0\u00a0\u00a0\u00a0\u00a0 <a href=\"http:\/\/www.dakar.com\/dakar\/2015\/es\/piloto\/091.html\">HEILENKOTTER (CHL)<\/a><\/td>\n<td>HUQSVARNA<\/td>\n<\/tr>\n<tr>\n<td>118<\/td>\n<td><a href=\"http:\/\/www.dakar.com\/dakar\/2015\/es\/piloto\/118.html\">118<\/a><\/td>\n<td>\u00b7\u00a0\u00a0\u00a0\u00a0\u00a0\u00a0\u00a0\u00a0\u00a0\u00a0\u00a0\u00a0\u00a0\u00a0\u00a0\u00a0\u00a0\u00a0\u00a0\u00a0\u00a0\u00a0\u00a0\u00a0 <a href=\"http:\/\/www.dakar.com\/dakar\/2015\/es\/piloto\/118.html\">AMESPIL (ARG)<\/a><\/td>\n<td>YAMAHA<\/td>\n<\/tr>\n<tr>\n<td>119<\/td>\n<td>111<\/td>\n<td>\u00b7\u00a0\u00a0\u00a0\u00a0\u00a0\u00a0\u00a0\u00a0\u00a0\u00a0\u00a0\u00a0\u00a0\u00a0\u00a0\u00a0\u00a0\u00a0\u00a0\u00a0\u00a0\u00a0\u00a0\u00a0 CUYPERS (FRA)<\/td>\n<td>KTM<\/td>\n<\/tr>\n<tr>\n<td>120<\/td>\n<td><a href=\"http:\/\/www.dakar.com\/dakar\/2015\/es\/piloto\/141.html\">141<\/a><\/td>\n<td>\u00b7\u00a0\u00a0\u00a0\u00a0\u00a0\u00a0\u00a0\u00a0\u00a0\u00a0\u00a0\u00a0\u00a0\u00a0\u00a0\u00a0\u00a0\u00a0\u00a0\u00a0\u00a0\u00a0\u00a0\u00a0 <a href=\"http:\/\/www.dakar.com\/dakar\/2015\/es\/piloto\/141.html\">KLOMP (NLD)<\/a><\/td>\n<td>HONDA<\/td>\n<\/tr>\n<tr>\n<td>121<\/td>\n<td><a href=\"http:\/\/www.dakar.com\/dakar\/2015\/es\/piloto\/145.html\">145<\/a><\/td>\n<td>\u00b7\u00a0\u00a0\u00a0\u00a0\u00a0\u00a0\u00a0\u00a0\u00a0\u00a0\u00a0\u00a0\u00a0\u00a0\u00a0\u00a0\u00a0\u00a0\u00a0\u00a0\u00a0\u00a0\u00a0\u00a0 <a href=\"http:\/\/www.dakar.com\/dakar\/2015\/es\/piloto\/145.html\">GARCIA (ESP)<\/a><\/td>\n<td>YAMAHA<\/td>\n<\/tr>\n<tr>\n<td>122<\/td>\n<td><a href=\"http:\/\/www.dakar.com\/dakar\/2015\/es\/piloto\/095.html\">95<\/a><\/td>\n<td>\u00b7\u00a0\u00a0\u00a0\u00a0\u00a0\u00a0\u00a0\u00a0\u00a0\u00a0\u00a0\u00a0\u00a0\u00a0\u00a0\u00a0\u00a0\u00a0\u00a0\u00a0\u00a0\u00a0\u00a0\u00a0 <a href=\"http:\/\/www.dakar.com\/dakar\/2015\/es\/piloto\/095.html\">VELLUTINO (PER)<\/a><\/td>\n<td>KTM<\/td>\n<\/tr>\n<tr>\n<td>123<\/td>\n<td><a href=\"http:\/\/www.dakar.com\/dakar\/2015\/es\/piloto\/166.html\">166<\/a><\/td>\n<td>\u00b7\u00a0\u00a0\u00a0\u00a0\u00a0\u00a0\u00a0\u00a0\u00a0\u00a0\u00a0\u00a0\u00a0\u00a0\u00a0\u00a0\u00a0\u00a0\u00a0\u00a0\u00a0\u00a0\u00a0\u00a0 <a href=\"http:\/\/www.dakar.com\/dakar\/2015\/es\/piloto\/166.html\">OZKAPLAN (TUR)<\/a><\/td>\n<td>KTM<\/td>\n<\/tr>\n<tr>\n<td>124<\/td>\n<td>107<\/td>\n<td>\u00b7\u00a0\u00a0\u00a0\u00a0\u00a0\u00a0\u00a0\u00a0\u00a0\u00a0\u00a0\u00a0\u00a0\u00a0\u00a0\u00a0\u00a0\u00a0\u00a0\u00a0\u00a0\u00a0\u00a0\u00a0 TOIA (ITA)<\/td>\n<td>KTM<\/td>\n<\/tr>\n<tr>\n<td>125<\/td>\n<td><a href=\"http:\/\/www.dakar.com\/dakar\/2015\/es\/piloto\/131.html\">131<\/a><\/td>\n<td>\u00b7\u00a0\u00a0\u00a0\u00a0\u00a0\u00a0\u00a0\u00a0\u00a0\u00a0\u00a0\u00a0\u00a0\u00a0\u00a0\u00a0\u00a0\u00a0\u00a0\u00a0\u00a0\u00a0\u00a0\u00a0 <a href=\"http:\/\/www.dakar.com\/dakar\/2015\/es\/piloto\/131.html\">BEKTAS (TUR)<\/a><\/td>\n<td>KTM<\/td>\n<\/tr>\n<tr>\n<td>126<\/td>\n<td>164<\/td>\n<td>\u00b7\u00a0\u00a0\u00a0\u00a0\u00a0\u00a0\u00a0\u00a0\u00a0\u00a0\u00a0\u00a0\u00a0\u00a0\u00a0\u00a0\u00a0\u00a0\u00a0\u00a0\u00a0\u00a0\u00a0\u00a0 NARINO (USA)<\/td>\n<td>HUSQVARNA<\/td>\n<\/tr>\n<tr>\n<td>127<\/td>\n<td><a href=\"http:\/\/www.dakar.com\/dakar\/2015\/es\/piloto\/134.html\">134<\/a><\/td>\n<td>\u00b7\u00a0\u00a0\u00a0\u00a0\u00a0\u00a0\u00a0\u00a0\u00a0\u00a0\u00a0\u00a0\u00a0\u00a0\u00a0\u00a0\u00a0\u00a0\u00a0\u00a0\u00a0\u00a0\u00a0\u00a0 <a href=\"http:\/\/www.dakar.com\/dakar\/2015\/es\/piloto\/134.html\">JACOBSEN (AUS)<\/a><\/td>\n<td>KTM<\/td>\n<\/tr>\n<tr>\n<td>128<\/td>\n<td><a href=\"http:\/\/www.dakar.com\/dakar\/2015\/es\/piloto\/148.html\">148<\/a><\/td>\n<td>\u00b7\u00a0\u00a0\u00a0\u00a0\u00a0\u00a0\u00a0\u00a0\u00a0\u00a0\u00a0\u00a0\u00a0\u00a0\u00a0\u00a0\u00a0\u00a0\u00a0\u00a0\u00a0\u00a0\u00a0\u00a0 <a href=\"http:\/\/www.dakar.com\/dakar\/2015\/es\/piloto\/148.html\">BERGLUND (SWE)<\/a><\/td>\n<td>KTM<\/td>\n<\/tr>\n<tr>\n<td>129<\/td>\n<td><a href=\"http:\/\/www.dakar.com\/dakar\/2015\/es\/piloto\/136.html\">136<\/a><\/td>\n<td>\u00b7\u00a0\u00a0\u00a0\u00a0\u00a0\u00a0\u00a0\u00a0\u00a0\u00a0\u00a0\u00a0\u00a0\u00a0\u00a0\u00a0\u00a0\u00a0\u00a0\u00a0\u00a0\u00a0\u00a0\u00a0 <a href=\"http:\/\/www.dakar.com\/dakar\/2015\/es\/piloto\/136.html\">PENALVA (ARG)<\/a><\/td>\n<td>YAMAHA<\/td>\n<\/tr>\n<tr>\n<td>130<\/td>\n<td><a href=\"http:\/\/www.dakar.com\/dakar\/2015\/es\/piloto\/117.html\">117<\/a><\/td>\n<td>\u00b7\u00a0\u00a0\u00a0\u00a0\u00a0\u00a0\u00a0\u00a0\u00a0\u00a0\u00a0\u00a0\u00a0\u00a0\u00a0\u00a0\u00a0\u00a0\u00a0\u00a0\u00a0\u00a0\u00a0\u00a0 <a href=\"http:\/\/www.dakar.com\/dakar\/2015\/es\/piloto\/117.html\">CHINBATAAR (MNG)<\/a><\/td>\n<td>KTM<\/td>\n<\/tr>\n<tr>\n<td>131<\/td>\n<td><a href=\"http:\/\/www.dakar.com\/dakar\/2015\/es\/piloto\/023.html\">23<\/a><\/td>\n<td>\u00b7\u00a0\u00a0\u00a0\u00a0\u00a0\u00a0\u00a0\u00a0\u00a0\u00a0\u00a0\u00a0\u00a0\u00a0\u00a0\u00a0\u00a0\u00a0\u00a0\u00a0\u00a0\u00a0\u00a0\u00a0 <a href=\"http:\/\/www.dakar.com\/dakar\/2015\/es\/piloto\/023.html\">FARRES GUELL (ESP)<\/a><\/td>\n<td>GASGAS<\/td>\n<\/tr>\n<tr>\n<td>132<\/td>\n<td><a href=\"http:\/\/www.dakar.com\/dakar\/2015\/es\/piloto\/162.html\">162<\/a><\/td>\n<td>\u00b7\u00a0\u00a0\u00a0\u00a0\u00a0\u00a0\u00a0\u00a0\u00a0\u00a0\u00a0\u00a0\u00a0\u00a0\u00a0\u00a0\u00a0\u00a0\u00a0\u00a0\u00a0\u00a0\u00a0\u00a0 <a href=\"http:\/\/www.dakar.com\/dakar\/2015\/es\/piloto\/162.html\">MARTINELLI (ARG)<\/a><\/td>\n<td>KAWASAKI<\/td>\n<\/tr>\n<tr>\n<td>133<\/td>\n<td>121<\/td>\n<td>\u00b7\u00a0\u00a0\u00a0\u00a0\u00a0\u00a0\u00a0\u00a0\u00a0\u00a0\u00a0\u00a0\u00a0\u00a0\u00a0\u00a0\u00a0\u00a0\u00a0\u00a0\u00a0\u00a0\u00a0\u00a0 SENNVANBASEL (NLD)<\/td>\n<td>KTM<\/td>\n<\/tr>\n<tr>\n<td>134<\/td>\n<td><a href=\"http:\/\/www.dakar.com\/dakar\/2015\/es\/piloto\/149.html\">149<\/a><\/td>\n<td>\u00b7\u00a0\u00a0\u00a0\u00a0\u00a0\u00a0\u00a0\u00a0\u00a0\u00a0\u00a0\u00a0\u00a0\u00a0\u00a0\u00a0\u00a0\u00a0\u00a0\u00a0\u00a0\u00a0\u00a0\u00a0 <a href=\"http:\/\/www.dakar.com\/dakar\/2015\/es\/piloto\/149.html\">BERGLUND (SWE)<\/a><\/td>\n<td>HUSABERG<\/td>\n<\/tr>\n<tr>\n<td>135<\/td>\n<td><a href=\"http:\/\/www.dakar.com\/dakar\/2015\/es\/piloto\/093.html\">93<\/a><\/td>\n<td>\u00b7\u00a0\u00a0\u00a0\u00a0\u00a0\u00a0\u00a0\u00a0\u00a0\u00a0\u00a0\u00a0\u00a0\u00a0\u00a0\u00a0\u00a0\u00a0\u00a0\u00a0\u00a0\u00a0\u00a0\u00a0 <a href=\"http:\/\/www.dakar.com\/dakar\/2015\/es\/piloto\/093.html\">MILLET (FRA)<\/a><\/td>\n<td>KTM<\/td>\n<\/tr>\n<tr>\n<td>136<\/td>\n<td><a href=\"http:\/\/www.dakar.com\/dakar\/2015\/es\/piloto\/124.html\">124<\/a><\/td>\n<td>\u00b7\u00a0\u00a0\u00a0\u00a0\u00a0\u00a0\u00a0\u00a0\u00a0\u00a0\u00a0\u00a0\u00a0\u00a0\u00a0\u00a0\u00a0\u00a0\u00a0\u00a0\u00a0\u00a0\u00a0\u00a0 <a href=\"http:\/\/www.dakar.com\/dakar\/2015\/es\/piloto\/124.html\">REYNAUD (FRA)<\/a><\/td>\n<td>HONDA<\/td>\n<\/tr>\n<tr>\n<td>137<\/td>\n<td><a href=\"http:\/\/www.dakar.com\/dakar\/2015\/es\/piloto\/123.html\">123<\/a><\/td>\n<td>\u00b7\u00a0\u00a0\u00a0\u00a0\u00a0\u00a0\u00a0\u00a0\u00a0\u00a0\u00a0\u00a0\u00a0\u00a0\u00a0\u00a0\u00a0\u00a0\u00a0\u00a0\u00a0\u00a0\u00a0\u00a0 <a href=\"http:\/\/www.dakar.com\/dakar\/2015\/es\/piloto\/123.html\">DELAUNAY (FRA)<\/a><\/td>\n<td>HONDA<\/td>\n<\/tr>\n<tr>\n<td>138<\/td>\n<td><a href=\"http:\/\/www.dakar.com\/dakar\/2015\/es\/piloto\/143.html\">143<\/a><\/td>\n<td>\u00b7\u00a0\u00a0\u00a0\u00a0\u00a0\u00a0\u00a0\u00a0\u00a0\u00a0\u00a0\u00a0\u00a0\u00a0\u00a0\u00a0\u00a0\u00a0\u00a0\u00a0\u00a0\u00a0\u00a0\u00a0 <a href=\"http:\/\/www.dakar.com\/dakar\/2015\/es\/piloto\/143.html\">BOSMAN (ZAF)<\/a><\/td>\n<td>KTM<\/td>\n<\/tr>\n<tr>\n<td>139<\/td>\n<td><a href=\"http:\/\/www.dakar.com\/dakar\/2015\/es\/piloto\/092.html\">92<\/a><\/td>\n<td>\u00b7\u00a0\u00a0\u00a0\u00a0\u00a0\u00a0\u00a0\u00a0\u00a0\u00a0\u00a0\u00a0\u00a0\u00a0\u00a0\u00a0\u00a0\u00a0\u00a0\u00a0\u00a0\u00a0\u00a0\u00a0 <a href=\"http:\/\/www.dakar.com\/dakar\/2015\/es\/piloto\/092.html\">TORO (COL)<\/a><\/td>\n<td>KAWASAKI<\/td>\n<\/tr>\n<\/tbody>\n<\/table>\n<p>&nbsp;<\/p>\n<p><strong>CUATRIS:<\/strong><\/p>\n<table width=\"470\">\n<tbody>\n<tr>\n<td><strong>Pos.<\/strong><\/td>\n<td>N\u00b0<\/td>\n<td>Nombre<\/td>\n<td>Marca<\/td>\n<td>Tiempo<\/td>\n<\/tr>\n<tr>\n<td>1<\/td>\n<td><a href=\"http:\/\/www.dakar.com\/dakar\/2015\/es\/piloto\/258.html\">258<\/a><\/td>\n<td>\u00b7\u00a0\u00a0\u00a0\u00a0\u00a0\u00a0\u00a0\u00a0\u00a0\u00a0\u00a0\u00a0\u00a0\u00a0\u00a0\u00a0\u00a0\u00a0\u00a0\u00a0\u00a0\u00a0\u00a0\u00a0 <a href=\"http:\/\/www.dakar.com\/dakar\/2015\/es\/piloto\/258.html\">BONETTO (ARG)<\/a><\/td>\n<td>HONDA<\/td>\n<td>03:08:27<\/td>\n<\/tr>\n<tr>\n<td>2<\/td>\n<td><a href=\"http:\/\/www.dakar.com\/dakar\/2015\/es\/piloto\/255.html\">255<\/a><\/td>\n<td>\u00b7\u00a0\u00a0\u00a0\u00a0\u00a0\u00a0\u00a0\u00a0\u00a0\u00a0\u00a0\u00a0\u00a0\u00a0\u00a0\u00a0\u00a0\u00a0\u00a0\u00a0\u00a0\u00a0\u00a0\u00a0 <a href=\"http:\/\/www.dakar.com\/dakar\/2015\/es\/piloto\/255.html\">HALPERN (ARG)<\/a><\/td>\n<td>YAMAHA<\/td>\n<td>03:09:25<\/td>\n<\/tr>\n<tr>\n<td>3<\/td>\n<td><a href=\"http:\/\/www.dakar.com\/dakar\/2015\/es\/piloto\/251.html\">251<\/a><\/td>\n<td>\u00b7\u00a0\u00a0\u00a0\u00a0\u00a0\u00a0\u00a0\u00a0\u00a0\u00a0\u00a0\u00a0\u00a0\u00a0\u00a0\u00a0\u00a0\u00a0\u00a0\u00a0\u00a0\u00a0\u00a0\u00a0 <a href=\"http:\/\/www.dakar.com\/dakar\/2015\/es\/piloto\/251.html\">SONIK (POL)<\/a><\/td>\n<td>YAMAHA<\/td>\n<td>03:10:41<\/td>\n<\/tr>\n<tr>\n<td>4<\/td>\n<td><a href=\"http:\/\/www.dakar.com\/dakar\/2015\/es\/piloto\/269.html\">269<\/a><\/td>\n<td>\u00b7\u00a0\u00a0\u00a0\u00a0\u00a0\u00a0\u00a0\u00a0\u00a0\u00a0\u00a0\u00a0\u00a0\u00a0\u00a0\u00a0\u00a0\u00a0\u00a0\u00a0\u00a0\u00a0\u00a0\u00a0 <a href=\"http:\/\/www.dakar.com\/dakar\/2015\/es\/piloto\/269.html\">GONZALEZ (ARG)<\/a><\/td>\n<td>YAMAHA<\/td>\n<td>03:10:41<\/td>\n<\/tr>\n<tr>\n<td>5<\/td>\n<td><a href=\"http:\/\/www.dakar.com\/dakar\/2015\/es\/piloto\/253.html\">253<\/a><\/td>\n<td>\u00b7\u00a0\u00a0\u00a0\u00a0\u00a0\u00a0\u00a0\u00a0\u00a0\u00a0\u00a0\u00a0\u00a0\u00a0\u00a0\u00a0\u00a0\u00a0\u00a0\u00a0\u00a0\u00a0\u00a0\u00a0 <a href=\"http:\/\/www.dakar.com\/dakar\/2015\/es\/piloto\/253.html\">ABU-ISSA (QAT)<\/a><\/td>\n<td>HONDA<\/td>\n<td>03:10:56<\/td>\n<\/tr>\n<tr>\n<td>6<\/td>\n<td><a href=\"http:\/\/www.dakar.com\/dakar\/2015\/es\/piloto\/252.html\">252<\/a><\/td>\n<td>\u00b7\u00a0\u00a0\u00a0\u00a0\u00a0\u00a0\u00a0\u00a0\u00a0\u00a0\u00a0\u00a0\u00a0\u00a0\u00a0\u00a0\u00a0\u00a0\u00a0\u00a0\u00a0\u00a0\u00a0\u00a0 <a href=\"http:\/\/www.dakar.com\/dakar\/2015\/es\/piloto\/252.html\">LAFUENTE (URY)<\/a><\/td>\n<td>YAMAHA<\/td>\n<td>03:11:06<\/td>\n<\/tr>\n<tr>\n<td>7<\/td>\n<td><a href=\"http:\/\/www.dakar.com\/dakar\/2015\/es\/piloto\/256.html\">256<\/a><\/td>\n<td>\u00b7\u00a0\u00a0\u00a0\u00a0\u00a0\u00a0\u00a0\u00a0\u00a0\u00a0\u00a0\u00a0\u00a0\u00a0\u00a0\u00a0\u00a0\u00a0\u00a0\u00a0\u00a0\u00a0\u00a0\u00a0 <a href=\"http:\/\/www.dakar.com\/dakar\/2015\/es\/piloto\/256.html\">SANABRIA GALEANO (PRY)<\/a><\/td>\n<td>YAMAHA<\/td>\n<td>03:12:46<\/td>\n<\/tr>\n<tr>\n<td>8<\/td>\n<td><a href=\"http:\/\/www.dakar.com\/dakar\/2015\/es\/piloto\/270.html\">270<\/a><\/td>\n<td>\u00b7\u00a0\u00a0\u00a0\u00a0\u00a0\u00a0\u00a0\u00a0\u00a0\u00a0\u00a0\u00a0\u00a0\u00a0\u00a0\u00a0\u00a0\u00a0\u00a0\u00a0\u00a0\u00a0\u00a0\u00a0 <a href=\"http:\/\/www.dakar.com\/dakar\/2015\/es\/piloto\/270.html\">DOMASZEWSKI (ARG)<\/a><\/td>\n<td>HONDA<\/td>\n<td>03:18:01<\/td>\n<\/tr>\n<tr>\n<td>9<\/td>\n<td><a href=\"http:\/\/www.dakar.com\/dakar\/2015\/es\/piloto\/283.html\">283<\/a><\/td>\n<td>\u00b7\u00a0\u00a0\u00a0\u00a0\u00a0\u00a0\u00a0\u00a0\u00a0\u00a0\u00a0\u00a0\u00a0\u00a0\u00a0\u00a0\u00a0\u00a0\u00a0\u00a0\u00a0\u00a0\u00a0\u00a0 <a href=\"http:\/\/www.dakar.com\/dakar\/2015\/es\/piloto\/283.html\">NOSIGLIA (BOL)<\/a><\/td>\n<td>HONDA<\/td>\n<td>03:18:19<\/td>\n<\/tr>\n<tr>\n<td>10<\/td>\n<td><a href=\"http:\/\/www.dakar.com\/dakar\/2015\/es\/piloto\/272.html\">272<\/a><\/td>\n<td>\u00b7\u00a0\u00a0\u00a0\u00a0\u00a0\u00a0\u00a0\u00a0\u00a0\u00a0\u00a0\u00a0\u00a0\u00a0\u00a0\u00a0\u00a0\u00a0\u00a0\u00a0\u00a0\u00a0\u00a0\u00a0 <a href=\"http:\/\/www.dakar.com\/dakar\/2015\/es\/piloto\/272.html\">COPETTI (ARG)<\/a><\/td>\n<td>YAMAHA<\/td>\n<td>03:18:56<\/td>\n<\/tr>\n<tr>\n<td>11<\/td>\n<td><a href=\"http:\/\/www.dakar.com\/dakar\/2015\/es\/piloto\/274.html\">274<\/a><\/td>\n<td>\u00b7\u00a0\u00a0\u00a0\u00a0\u00a0\u00a0\u00a0\u00a0\u00a0\u00a0\u00a0\u00a0\u00a0\u00a0\u00a0\u00a0\u00a0\u00a0\u00a0\u00a0\u00a0\u00a0\u00a0\u00a0 <a href=\"http:\/\/www.dakar.com\/dakar\/2015\/es\/piloto\/274.html\">KOOLEN (NLD)<\/a><\/td>\n<td>HONDA<\/td>\n<td>03:19:11<\/td>\n<\/tr>\n<tr>\n<td>12<\/td>\n<td><a href=\"http:\/\/www.dakar.com\/dakar\/2015\/es\/piloto\/257.html\">257<\/a><\/td>\n<td>\u00b7\u00a0\u00a0\u00a0\u00a0\u00a0\u00a0\u00a0\u00a0\u00a0\u00a0\u00a0\u00a0\u00a0\u00a0\u00a0\u00a0\u00a0\u00a0\u00a0\u00a0\u00a0\u00a0\u00a0\u00a0 <a href=\"http:\/\/www.dakar.com\/dakar\/2015\/es\/piloto\/257.html\">PALMA (CHL)<\/a><\/td>\n<td>CAN-AM<\/td>\n<td>03:19:26<\/td>\n<\/tr>\n<tr>\n<td>13<\/td>\n<td><a href=\"http:\/\/www.dakar.com\/dakar\/2015\/es\/piloto\/262.html\">262<\/a><\/td>\n<td>\u00b7\u00a0\u00a0\u00a0\u00a0\u00a0\u00a0\u00a0\u00a0\u00a0\u00a0\u00a0\u00a0\u00a0\u00a0\u00a0\u00a0\u00a0\u00a0\u00a0\u00a0\u00a0\u00a0\u00a0\u00a0 <a href=\"http:\/\/www.dakar.com\/dakar\/2015\/es\/piloto\/262.html\">KARYAKIN (RUS)<\/a><\/td>\n<td>YAMAHA<\/td>\n<td>03:21:48<\/td>\n<\/tr>\n<tr>\n<td>14<\/td>\n<td><a href=\"http:\/\/www.dakar.com\/dakar\/2015\/es\/piloto\/265.html\">265<\/a><\/td>\n<td>\u00b7\u00a0\u00a0\u00a0\u00a0\u00a0\u00a0\u00a0\u00a0\u00a0\u00a0\u00a0\u00a0\u00a0\u00a0\u00a0\u00a0\u00a0\u00a0\u00a0\u00a0\u00a0\u00a0\u00a0\u00a0 <a href=\"http:\/\/www.dakar.com\/dakar\/2015\/es\/piloto\/265.html\">HANSEN (ARG)<\/a><\/td>\n<td>HONDA<\/td>\n<td>03:24:31<\/td>\n<\/tr>\n<tr>\n<td>15<\/td>\n<td>277<\/td>\n<td>\u00b7\u00a0\u00a0\u00a0\u00a0\u00a0\u00a0\u00a0\u00a0\u00a0\u00a0\u00a0\u00a0\u00a0\u00a0\u00a0\u00a0\u00a0\u00a0\u00a0\u00a0\u00a0\u00a0\u00a0\u00a0 VINET (CHL)<\/td>\n<td>CAN-AM<\/td>\n<td>03:26:43<\/td>\n<\/tr>\n<tr>\n<td>16<\/td>\n<td><a href=\"http:\/\/www.dakar.com\/dakar\/2015\/es\/piloto\/263.html\">263<\/a><\/td>\n<td>\u00b7\u00a0\u00a0\u00a0\u00a0\u00a0\u00a0\u00a0\u00a0\u00a0\u00a0\u00a0\u00a0\u00a0\u00a0\u00a0\u00a0\u00a0\u00a0\u00a0\u00a0\u00a0\u00a0\u00a0\u00a0 <a href=\"http:\/\/www.dakar.com\/dakar\/2015\/es\/piloto\/263.html\">MAZZUCCO (ARG)<\/a><\/td>\n<td>CAN-AM<\/td>\n<td>03:27:05<\/td>\n<\/tr>\n<tr>\n<td>17<\/td>\n<td><a href=\"http:\/\/www.dakar.com\/dakar\/2015\/es\/piloto\/260.html\">260<\/a><\/td>\n<td>\u00b7\u00a0\u00a0\u00a0\u00a0\u00a0\u00a0\u00a0\u00a0\u00a0\u00a0\u00a0\u00a0\u00a0\u00a0\u00a0\u00a0\u00a0\u00a0\u00a0\u00a0\u00a0\u00a0\u00a0\u00a0 <a href=\"http:\/\/www.dakar.com\/dakar\/2015\/es\/piloto\/260.html\">DECLERCK (FRA)<\/a><\/td>\n<td>YAMAHA<\/td>\n<td>03:29:40<\/td>\n<\/tr>\n<tr>\n<td>18<\/td>\n<td><a href=\"http:\/\/www.dakar.com\/dakar\/2015\/es\/piloto\/261.html\">261<\/a><\/td>\n<td>\u00b7\u00a0\u00a0\u00a0\u00a0\u00a0\u00a0\u00a0\u00a0\u00a0\u00a0\u00a0\u00a0\u00a0\u00a0\u00a0\u00a0\u00a0\u00a0\u00a0\u00a0\u00a0\u00a0\u00a0\u00a0 <a href=\"http:\/\/www.dakar.com\/dakar\/2015\/es\/piloto\/261.html\">GONZALEZ FERIOLI (ARG)<\/a><\/td>\n<td>YAMAHA<\/td>\n<td>03:29:54<\/td>\n<\/tr>\n<tr>\n<td>19<\/td>\n<td><a href=\"http:\/\/www.dakar.com\/dakar\/2015\/es\/piloto\/250.html\">250<\/a><\/td>\n<td>\u00b7\u00a0\u00a0\u00a0\u00a0\u00a0\u00a0\u00a0\u00a0\u00a0\u00a0\u00a0\u00a0\u00a0\u00a0\u00a0\u00a0\u00a0\u00a0\u00a0\u00a0\u00a0\u00a0\u00a0\u00a0 <a href=\"http:\/\/www.dakar.com\/dakar\/2015\/es\/piloto\/250.html\">CASALE (CHL)<\/a><\/td>\n<td>YAMAHA<\/td>\n<td>03:33:21<\/td>\n<\/tr>\n<tr>\n<td>20<\/td>\n<td>268<\/td>\n<td>\u00b7\u00a0\u00a0\u00a0\u00a0\u00a0\u00a0\u00a0\u00a0\u00a0\u00a0\u00a0\u00a0\u00a0\u00a0\u00a0\u00a0\u00a0\u00a0\u00a0\u00a0\u00a0\u00a0\u00a0\u00a0 GIORDANA (ARG)<\/td>\n<td>YAMAHA<\/td>\n<td>03:37:46<\/td>\n<\/tr>\n<tr>\n<td>21<\/td>\n<td><a href=\"http:\/\/www.dakar.com\/dakar\/2015\/es\/piloto\/295.html\">295<\/a><\/td>\n<td>\u00b7\u00a0\u00a0\u00a0\u00a0\u00a0\u00a0\u00a0\u00a0\u00a0\u00a0\u00a0\u00a0\u00a0\u00a0\u00a0\u00a0\u00a0\u00a0\u00a0\u00a0\u00a0\u00a0\u00a0\u00a0 <a href=\"http:\/\/www.dakar.com\/dakar\/2015\/es\/piloto\/295.html\">SUGUITA (BRA)<\/a><\/td>\n<td>CAN-AM<\/td>\n<td>03:41:06<\/td>\n<\/tr>\n<tr>\n<td>22<\/td>\n<td><a href=\"http:\/\/www.dakar.com\/dakar\/2015\/es\/piloto\/286.html\">286<\/a><\/td>\n<td>\u00b7\u00a0\u00a0\u00a0\u00a0\u00a0\u00a0\u00a0\u00a0\u00a0\u00a0\u00a0\u00a0\u00a0\u00a0\u00a0\u00a0\u00a0\u00a0\u00a0\u00a0\u00a0\u00a0\u00a0\u00a0 <a href=\"http:\/\/www.dakar.com\/dakar\/2015\/es\/piloto\/286.html\">SAAIJMAN (ZAF)<\/a><\/td>\n<td>YAMAHA<\/td>\n<td>03:42:32<\/td>\n<\/tr>\n<tr>\n<td>23<\/td>\n<td><a href=\"http:\/\/www.dakar.com\/dakar\/2015\/es\/piloto\/254.html\">254<\/a><\/td>\n<td>\u00b7\u00a0\u00a0\u00a0\u00a0\u00a0\u00a0\u00a0\u00a0\u00a0\u00a0\u00a0\u00a0\u00a0\u00a0\u00a0\u00a0\u00a0\u00a0\u00a0\u00a0\u00a0\u00a0\u00a0\u00a0 <a href=\"http:\/\/www.dakar.com\/dakar\/2015\/es\/piloto\/254.html\">GALLEGOS LOZIC (CHL)<\/a><\/td>\n<td>HONDA<\/td>\n<td>03:46:21<\/td>\n<\/tr>\n<tr>\n<td>24<\/td>\n<td><a href=\"http:\/\/www.dakar.com\/dakar\/2015\/es\/piloto\/259.html\">259<\/a><\/td>\n<td>\u00b7\u00a0\u00a0\u00a0\u00a0\u00a0\u00a0\u00a0\u00a0\u00a0\u00a0\u00a0\u00a0\u00a0\u00a0\u00a0\u00a0\u00a0\u00a0\u00a0\u00a0\u00a0\u00a0\u00a0\u00a0 <a href=\"http:\/\/www.dakar.com\/dakar\/2015\/es\/piloto\/259.html\">LIPAROTI (FRA)<\/a><\/td>\n<td>YAMAHA<\/td>\n<td>03:52:29<\/td>\n<\/tr>\n<tr>\n<td>25<\/td>\n<td><a href=\"http:\/\/www.dakar.com\/dakar\/2015\/es\/piloto\/293.html\">293<\/a><\/td>\n<td>\u00b7\u00a0\u00a0\u00a0\u00a0\u00a0\u00a0\u00a0\u00a0\u00a0\u00a0\u00a0\u00a0\u00a0\u00a0\u00a0\u00a0\u00a0\u00a0\u00a0\u00a0\u00a0\u00a0\u00a0\u00a0 <a href=\"http:\/\/www.dakar.com\/dakar\/2015\/es\/piloto\/293.html\">BAYER (ARG)<\/a><\/td>\n<td>YAMAHA<\/td>\n<td>03:57:46<\/td>\n<\/tr>\n<tr>\n<td>26<\/td>\n<td><a href=\"http:\/\/www.dakar.com\/dakar\/2015\/es\/piloto\/291.html\">291<\/a><\/td>\n<td>\u00b7\u00a0\u00a0\u00a0\u00a0\u00a0\u00a0\u00a0\u00a0\u00a0\u00a0\u00a0\u00a0\u00a0\u00a0\u00a0\u00a0\u00a0\u00a0\u00a0\u00a0\u00a0\u00a0\u00a0\u00a0 <a href=\"http:\/\/www.dakar.com\/dakar\/2015\/es\/piloto\/291.html\">MITA (BOL)<\/a><\/td>\n<td>YAMAHA<\/td>\n<td>04:02:56<\/td>\n<\/tr>\n<tr>\n<td>27<\/td>\n<td>288<\/td>\n<td>\u00b7\u00a0\u00a0\u00a0\u00a0\u00a0\u00a0\u00a0\u00a0\u00a0\u00a0\u00a0\u00a0\u00a0\u00a0\u00a0\u00a0\u00a0\u00a0\u00a0\u00a0\u00a0\u00a0\u00a0\u00a0 THAMAS (FRA)<\/td>\n<td>YAMAHA<\/td>\n<td>04:03:36<\/td>\n<\/tr>\n<tr>\n<td>28<\/td>\n<td><a href=\"http:\/\/www.dakar.com\/dakar\/2015\/es\/piloto\/287.html\">287<\/a><\/td>\n<td>\u00b7\u00a0\u00a0\u00a0\u00a0\u00a0\u00a0\u00a0\u00a0\u00a0\u00a0\u00a0\u00a0\u00a0\u00a0\u00a0\u00a0\u00a0\u00a0\u00a0\u00a0\u00a0\u00a0\u00a0\u00a0 <a href=\"http:\/\/www.dakar.com\/dakar\/2015\/es\/piloto\/287.html\">CAJICA PINTO (COL)<\/a><\/td>\n<td>CAN-AM<\/td>\n<td>04:12:48<\/td>\n<\/tr>\n<tr>\n<td>29<\/td>\n<td><a href=\"http:\/\/www.dakar.com\/dakar\/2015\/es\/piloto\/290.html\">290<\/a><\/td>\n<td>\u00b7\u00a0\u00a0\u00a0\u00a0\u00a0\u00a0\u00a0\u00a0\u00a0\u00a0\u00a0\u00a0\u00a0\u00a0\u00a0\u00a0\u00a0\u00a0\u00a0\u00a0\u00a0\u00a0\u00a0\u00a0 <a href=\"http:\/\/www.dakar.com\/dakar\/2015\/es\/piloto\/290.html\">BUSTAMANTE (ARG)<\/a><\/td>\n<td>CAN-AM<\/td>\n<td>04:18:37<\/td>\n<\/tr>\n<tr>\n<td>30<\/td>\n<td><a href=\"http:\/\/www.dakar.com\/dakar\/2015\/es\/piloto\/279.html\">279<\/a><\/td>\n<td>\u00b7\u00a0\u00a0\u00a0\u00a0\u00a0\u00a0\u00a0\u00a0\u00a0\u00a0\u00a0\u00a0\u00a0\u00a0\u00a0\u00a0\u00a0\u00a0\u00a0\u00a0\u00a0\u00a0\u00a0\u00a0 <a href=\"http:\/\/www.dakar.com\/dakar\/2015\/es\/piloto\/279.html\">INNOCENTE (ARG)<\/a><\/td>\n<td>CAN-AM<\/td>\n<td>04:22:07<\/td>\n<\/tr>\n<tr>\n<td>31<\/td>\n<td><a href=\"http:\/\/www.dakar.com\/dakar\/2015\/es\/piloto\/299.html\">299<\/a><\/td>\n<td>\u00b7\u00a0\u00a0\u00a0\u00a0\u00a0\u00a0\u00a0\u00a0\u00a0\u00a0\u00a0\u00a0\u00a0\u00a0\u00a0\u00a0\u00a0\u00a0\u00a0\u00a0\u00a0\u00a0\u00a0\u00a0 <a href=\"http:\/\/www.dakar.com\/dakar\/2015\/es\/piloto\/299.html\">GALVEZ (CHL)<\/a><\/td>\n<td>CAN-AM<\/td>\n<td>04:45:28<\/td>\n<\/tr>\n<tr>\n<td>32<\/td>\n<td>278<\/td>\n<td>\u00b7\u00a0\u00a0\u00a0\u00a0\u00a0\u00a0\u00a0\u00a0\u00a0\u00a0\u00a0\u00a0\u00a0\u00a0\u00a0\u00a0\u00a0\u00a0\u00a0\u00a0\u00a0\u00a0\u00a0\u00a0 CARIGNANI (ITA)<\/td>\n<td>YAMAHA<\/td>\n<td>04:45:30<\/td>\n<\/tr>\n<tr>\n<td>33<\/td>\n<td><a href=\"http:\/\/www.dakar.com\/dakar\/2015\/es\/piloto\/285.html\">285<\/a><\/td>\n<td>\u00b7\u00a0\u00a0\u00a0\u00a0\u00a0\u00a0\u00a0\u00a0\u00a0\u00a0\u00a0\u00a0\u00a0\u00a0\u00a0\u00a0\u00a0\u00a0\u00a0\u00a0\u00a0\u00a0\u00a0\u00a0 <a href=\"http:\/\/www.dakar.com\/dakar\/2015\/es\/piloto\/285.html\">FERNANDEZ DIEGO (URY)<\/a><\/td>\n<td>CAN-AM<\/td>\n<td>04:47:21<\/td>\n<\/tr>\n<tr>\n<td>34<\/td>\n<td>297<\/td>\n<td>\u00b7\u00a0\u00a0\u00a0\u00a0\u00a0\u00a0\u00a0\u00a0\u00a0\u00a0\u00a0\u00a0\u00a0\u00a0\u00a0\u00a0\u00a0\u00a0\u00a0\u00a0\u00a0\u00a0\u00a0\u00a0 SALAVERRY (PER)<\/td>\n<td>CAN-AM<\/td>\n<td>04:58:04<\/td>\n<\/tr>\n<tr>\n<td>35<\/td>\n<td>281<\/td>\n<td>\u00b7\u00a0\u00a0\u00a0\u00a0\u00a0\u00a0\u00a0\u00a0\u00a0\u00a0\u00a0\u00a0\u00a0\u00a0\u00a0\u00a0\u00a0\u00a0\u00a0\u00a0\u00a0\u00a0\u00a0\u00a0 VERZA (ARG)<\/td>\n<td>YAMAHA<\/td>\n<td>05:03:50<\/td>\n<\/tr>\n<tr>\n<td>36<\/td>\n<td><a href=\"http:\/\/www.dakar.com\/dakar\/2015\/es\/piloto\/271.html\">271<\/a><\/td>\n<td>\u00b7\u00a0\u00a0\u00a0\u00a0\u00a0\u00a0\u00a0\u00a0\u00a0\u00a0\u00a0\u00a0\u00a0\u00a0\u00a0\u00a0\u00a0\u00a0\u00a0\u00a0\u00a0\u00a0\u00a0\u00a0 <a href=\"http:\/\/www.dakar.com\/dakar\/2015\/es\/piloto\/271.html\">ESPINOSA (ESP)<\/a><\/td>\n<td>CAN-AM<\/td>\n<td>05:25:48<\/td>\n<\/tr>\n<tr>\n<td>37<\/td>\n<td><a href=\"http:\/\/www.dakar.com\/dakar\/2015\/es\/piloto\/289.html\">289<\/a><\/td>\n<td>\u00b7\u00a0\u00a0\u00a0\u00a0\u00a0\u00a0\u00a0\u00a0\u00a0\u00a0\u00a0\u00a0\u00a0\u00a0\u00a0\u00a0\u00a0\u00a0\u00a0\u00a0\u00a0\u00a0\u00a0\u00a0 <a href=\"http:\/\/www.dakar.com\/dakar\/2015\/es\/piloto\/289.html\">VEGA (ARG)<\/a><\/td>\n<td>YAMAHA<\/td>\n<td>07:17:27<\/td>\n<\/tr>\n<\/tbody>\n<\/table>\n<p>&nbsp;<\/p>\n<p>AUTOS:<\/p>\n<table>\n<tbody>\n<tr>\n<td width=\"33\"><strong>Pos.<\/strong><\/td>\n<td width=\"47\">N\u00b0<\/td>\n<td width=\"167\">Nombre<\/td>\n<td width=\"233\">Marca<\/td>\n<\/tr>\n<tr>\n<td width=\"33\">1<\/td>\n<td width=\"47\"><a href=\"http:\/\/www.dakar.com\/dakar\/2015\/es\/piloto\/305.html\">305<\/a><\/td>\n<td width=\"167\">\u00b7\u00a0\u00a0\u00a0\u00a0\u00a0\u00a0\u00a0\u00a0\u00a0\u00a0\u00a0\u00a0\u00a0\u00a0\u00a0\u00a0\u00a0\u00a0\u00a0\u00a0\u00a0\u00a0\u00a0\u00a0 <a href=\"http:\/\/www.dakar.com\/dakar\/2015\/es\/piloto\/305.html\">TERRANOVA (ARG)<\/a><\/p>\n<p>\u00b7\u00a0\u00a0\u00a0\u00a0\u00a0\u00a0\u00a0\u00a0\u00a0\u00a0\u00a0\u00a0\u00a0\u00a0\u00a0\u00a0\u00a0\u00a0\u00a0\u00a0\u00a0\u00a0\u00a0\u00a0 <a href=\"http:\/\/www.dakar.com\/dakar\/2015\/es\/piloto\/305.html\">GRAUE (ARG)<\/a><\/td>\n<td width=\"233\">MINI<\/td>\n<\/tr>\n<tr>\n<td width=\"33\">16<\/td>\n<td width=\"47\"><a href=\"http:\/\/www.dakar.com\/dakar\/2015\/es\/piloto\/317.html\">317<\/a><\/td>\n<td width=\"167\">\u00b7\u00a0\u00a0\u00a0\u00a0\u00a0\u00a0\u00a0\u00a0\u00a0\u00a0\u00a0\u00a0\u00a0\u00a0\u00a0\u00a0\u00a0\u00a0\u00a0\u00a0\u00a0\u00a0\u00a0\u00a0 <a href=\"http:\/\/www.dakar.com\/dakar\/2015\/es\/piloto\/317.html\">VILLAGRA (ARG)<\/a><\/p>\n<p>\u00b7\u00a0\u00a0\u00a0\u00a0\u00a0\u00a0\u00a0\u00a0\u00a0\u00a0\u00a0\u00a0\u00a0\u00a0\u00a0\u00a0\u00a0\u00a0\u00a0\u00a0\u00a0\u00a0\u00a0\u00a0 <a href=\"http:\/\/www.dakar.com\/dakar\/2015\/es\/piloto\/317.html\">MEMI (ARG)<\/a><\/td>\n<td width=\"233\">FORD<\/td>\n<\/tr>\n<tr>\n<td width=\"33\">26<\/td>\n<td width=\"47\"><a href=\"http:\/\/www.dakar.com\/dakar\/2015\/es\/piloto\/336.html\">336<\/a><\/td>\n<td width=\"167\">\u00b7\u00a0\u00a0\u00a0\u00a0\u00a0\u00a0\u00a0\u00a0\u00a0\u00a0\u00a0\u00a0\u00a0\u00a0\u00a0\u00a0\u00a0\u00a0\u00a0\u00a0\u00a0\u00a0\u00a0\u00a0 <a href=\"http:\/\/www.dakar.com\/dakar\/2015\/es\/piloto\/336.html\">SILVA (ARG)<\/a><\/p>\n<p>\u00b7\u00a0\u00a0\u00a0\u00a0\u00a0\u00a0\u00a0\u00a0\u00a0\u00a0\u00a0\u00a0\u00a0\u00a0\u00a0\u00a0\u00a0\u00a0\u00a0\u00a0\u00a0\u00a0\u00a0\u00a0 <a href=\"http:\/\/www.dakar.com\/dakar\/2015\/es\/piloto\/336.html\">JUAN PABLO (ARG)<\/a><\/td>\n<td width=\"233\">MERCEDES<\/td>\n<\/tr>\n<tr>\n<td width=\"33\">31<\/td>\n<td width=\"47\"><a href=\"http:\/\/www.dakar.com\/dakar\/2015\/es\/piloto\/337.html\">337<\/a><\/td>\n<td width=\"167\">\u00b7\u00a0\u00a0\u00a0\u00a0\u00a0\u00a0\u00a0\u00a0\u00a0\u00a0\u00a0\u00a0\u00a0\u00a0\u00a0\u00a0\u00a0\u00a0\u00a0\u00a0\u00a0\u00a0\u00a0\u00a0 <a href=\"http:\/\/www.dakar.com\/dakar\/2015\/es\/piloto\/337.html\">GARCIA (ARG)<\/a><\/p>\n<p>\u00b7\u00a0\u00a0\u00a0\u00a0\u00a0\u00a0\u00a0\u00a0\u00a0\u00a0\u00a0\u00a0\u00a0\u00a0\u00a0\u00a0\u00a0\u00a0\u00a0\u00a0\u00a0\u00a0\u00a0\u00a0 <a href=\"http:\/\/www.dakar.com\/dakar\/2015\/es\/piloto\/337.html\">MALANO (ARG)<\/a><\/td>\n<td width=\"233\">RENAULT<\/td>\n<\/tr>\n<tr>\n<td width=\"33\">37<\/td>\n<td width=\"47\"><a href=\"http:\/\/www.dakar.com\/dakar\/2015\/es\/piloto\/316.html\">316<\/a><\/td>\n<td width=\"167\">\u00b7\u00a0\u00a0\u00a0\u00a0\u00a0\u00a0\u00a0\u00a0\u00a0\u00a0\u00a0\u00a0\u00a0\u00a0\u00a0\u00a0\u00a0\u00a0\u00a0\u00a0\u00a0\u00a0\u00a0\u00a0 <a href=\"http:\/\/www.dakar.com\/dakar\/2015\/es\/piloto\/316.html\">SPATARO (ARG)<\/a><\/p>\n<p>\u00b7\u00a0\u00a0\u00a0\u00a0\u00a0\u00a0\u00a0\u00a0\u00a0\u00a0\u00a0\u00a0\u00a0\u00a0\u00a0\u00a0\u00a0\u00a0\u00a0\u00a0\u00a0\u00a0\u00a0\u00a0 <a href=\"http:\/\/www.dakar.com\/dakar\/2015\/es\/piloto\/316.html\">LOZADA (ARG)<\/a><\/td>\n<td width=\"233\">RENAULT<\/td>\n<\/tr>\n<\/tbody>\n<\/table>\n<p>&nbsp;<\/p>\n<p>CAMIONES:<\/p>\n<p>&nbsp;<\/p>\n<table width=\"379\">\n<tbody>\n<tr>\n<td width=\"46\"><strong>Pos.<\/strong><\/td>\n<td width=\"47\">N\u00b0<\/td>\n<td width=\"180\">Nombre<\/td>\n<td width=\"107\">Marca<\/td>\n<\/tr>\n<tr>\n<td width=\"46\">28<\/td>\n<td width=\"47\"><a href=\"http:\/\/www.dakar.com\/dakar\/2015\/es\/piloto\/526.html\">526<\/a><\/td>\n<td width=\"180\">\u00b7\u00a0\u00a0\u00a0\u00a0\u00a0\u00a0\u00a0\u00a0\u00a0\u00a0\u00a0\u00a0\u00a0\u00a0\u00a0\u00a0\u00a0\u00a0\u00a0\u00a0\u00a0\u00a0\u00a0\u00a0 <a href=\"http:\/\/www.dakar.com\/dakar\/2015\/es\/piloto\/526.html\">GERMANO (ARG)<\/a><\/p>\n<p>\u00b7\u00a0\u00a0\u00a0\u00a0\u00a0\u00a0\u00a0\u00a0\u00a0\u00a0\u00a0\u00a0\u00a0\u00a0\u00a0\u00a0\u00a0\u00a0\u00a0\u00a0\u00a0\u00a0\u00a0\u00a0 <a href=\"http:\/\/www.dakar.com\/dakar\/2015\/es\/piloto\/526.html\">GERMANO (ARG)<\/a><\/p>\n<p>\u00b7\u00a0\u00a0\u00a0\u00a0\u00a0\u00a0\u00a0\u00a0\u00a0\u00a0\u00a0\u00a0\u00a0\u00a0\u00a0\u00a0\u00a0\u00a0\u00a0\u00a0\u00a0\u00a0\u00a0\u00a0 <a href=\"http:\/\/www.dakar.com\/dakar\/2015\/es\/piloto\/526.html\">CAMARA ORDONEZ (ESP)<\/a><\/td>\n<td width=\"107\">MAN<\/td>\n<\/tr>\n<\/tbody>\n<\/table>\n<p><strong>GENERALES:<\/strong><\/p>\n<p><strong>MOTOS:<\/strong><\/p>\n<p><strong>\u00a0<\/strong><\/p>\n<table width=\"493\">\n<tbody>\n<tr>\n<td><strong>Pos.<\/strong><\/td>\n<td>N\u00b0<\/td>\n<td>Nombre<\/td>\n<td>Marca<\/td>\n<td>Tiempo<\/td>\n<\/tr>\n<tr>\n<td>1<\/td>\n<td><a href=\"http:\/\/www.dakar.com\/dakar\/2015\/es\/piloto\/002.html\">2<\/a><\/td>\n<td>\u00b7\u00a0\u00a0\u00a0\u00a0\u00a0\u00a0\u00a0\u00a0\u00a0\u00a0\u00a0\u00a0\u00a0\u00a0\u00a0\u00a0\u00a0\u00a0\u00a0\u00a0\u00a0\u00a0\u00a0\u00a0 <a href=\"http:\/\/www.dakar.com\/dakar\/2015\/es\/piloto\/002.html\">BARREDA BORT (ESP)<\/a><\/td>\n<td>HONDA<\/td>\n<td>09:43:05<\/td>\n<\/tr>\n<tr>\n<td>2<\/td>\n<td><a href=\"http:\/\/www.dakar.com\/dakar\/2015\/es\/piloto\/007.html\">7<\/a><\/td>\n<td>\u00b7\u00a0\u00a0\u00a0\u00a0\u00a0\u00a0\u00a0\u00a0\u00a0\u00a0\u00a0\u00a0\u00a0\u00a0\u00a0\u00a0\u00a0\u00a0\u00a0\u00a0\u00a0\u00a0\u00a0\u00a0 <a href=\"http:\/\/www.dakar.com\/dakar\/2015\/es\/piloto\/007.html\">GONCALVES (PRT)<\/a><\/td>\n<td>HONDA<\/td>\n<td>09:48:38<\/td>\n<\/tr>\n<tr>\n<td>3<\/td>\n<td><a href=\"http:\/\/www.dakar.com\/dakar\/2015\/es\/piloto\/027.html\">27<\/a><\/td>\n<td>\u00b7\u00a0\u00a0\u00a0\u00a0\u00a0\u00a0\u00a0\u00a0\u00a0\u00a0\u00a0\u00a0\u00a0\u00a0\u00a0\u00a0\u00a0\u00a0\u00a0\u00a0\u00a0\u00a0\u00a0\u00a0 <a href=\"http:\/\/www.dakar.com\/dakar\/2015\/es\/piloto\/027.html\">WALKNER (AUT)<\/a><\/td>\n<td>KTM<\/td>\n<td>09:53:38<\/td>\n<\/tr>\n<tr>\n<td>4<\/td>\n<td><a href=\"http:\/\/www.dakar.com\/dakar\/2015\/es\/piloto\/001.html\">1<\/a><\/td>\n<td>\u00b7\u00a0\u00a0\u00a0\u00a0\u00a0\u00a0\u00a0\u00a0\u00a0\u00a0\u00a0\u00a0\u00a0\u00a0\u00a0\u00a0\u00a0\u00a0\u00a0\u00a0\u00a0\u00a0\u00a0\u00a0 <a href=\"http:\/\/www.dakar.com\/dakar\/2015\/es\/piloto\/001.html\">COMA (ESP)<\/a><\/td>\n<td>KTM<\/td>\n<td>09:53:55<\/td>\n<\/tr>\n<tr>\n<td>5<\/td>\n<td><a href=\"http:\/\/www.dakar.com\/dakar\/2015\/es\/piloto\/011.html\">11<\/a><\/td>\n<td>\u00b7\u00a0\u00a0\u00a0\u00a0\u00a0\u00a0\u00a0\u00a0\u00a0\u00a0\u00a0\u00a0\u00a0\u00a0\u00a0\u00a0\u00a0\u00a0\u00a0\u00a0\u00a0\u00a0\u00a0\u00a0 <a href=\"http:\/\/www.dakar.com\/dakar\/2015\/es\/piloto\/011.html\">FARIA (PRT)<\/a><\/td>\n<td>KTM<\/td>\n<td>09:55:15<\/td>\n<\/tr>\n<tr>\n<td>6<\/td>\n<td><a href=\"http:\/\/www.dakar.com\/dakar\/2015\/es\/piloto\/026.html\">26<\/a><\/td>\n<td>\u00b7\u00a0\u00a0\u00a0\u00a0\u00a0\u00a0\u00a0\u00a0\u00a0\u00a0\u00a0\u00a0\u00a0\u00a0\u00a0\u00a0\u00a0\u00a0\u00a0\u00a0\u00a0\u00a0\u00a0\u00a0 <a href=\"http:\/\/www.dakar.com\/dakar\/2015\/es\/piloto\/026.html\">PRICE (AUS)<\/a><\/td>\n<td>KTM<\/td>\n<td>09:55:29<\/td>\n<\/tr>\n<tr>\n<td>7<\/td>\n<td><a href=\"http:\/\/www.dakar.com\/dakar\/2015\/es\/piloto\/004.html\">4<\/a><\/td>\n<td>\u00b7\u00a0\u00a0\u00a0\u00a0\u00a0\u00a0\u00a0\u00a0\u00a0\u00a0\u00a0\u00a0\u00a0\u00a0\u00a0\u00a0\u00a0\u00a0\u00a0\u00a0\u00a0\u00a0\u00a0\u00a0 <a href=\"http:\/\/www.dakar.com\/dakar\/2015\/es\/piloto\/004.html\">VILADOMS (ESP)<\/a><\/td>\n<td>KTM<\/td>\n<td>09:57:12<\/td>\n<\/tr>\n<tr>\n<td>8<\/td>\n<td><a href=\"http:\/\/www.dakar.com\/dakar\/2015\/es\/piloto\/012.html\">12<\/a><\/td>\n<td>\u00b7\u00a0\u00a0\u00a0\u00a0\u00a0\u00a0\u00a0\u00a0\u00a0\u00a0\u00a0\u00a0\u00a0\u00a0\u00a0\u00a0\u00a0\u00a0\u00a0\u00a0\u00a0\u00a0\u00a0\u00a0 <a href=\"http:\/\/www.dakar.com\/dakar\/2015\/es\/piloto\/012.html\">ISRAEL ESQUERRE (CHL)<\/a><\/td>\n<td>HONDA<\/td>\n<td>10:01:38<\/td>\n<\/tr>\n<tr>\n<td>9<\/td>\n<td><a href=\"http:\/\/www.dakar.com\/dakar\/2015\/es\/piloto\/005.html\">5<\/a><\/td>\n<td>\u00b7\u00a0\u00a0\u00a0\u00a0\u00a0\u00a0\u00a0\u00a0\u00a0\u00a0\u00a0\u00a0\u00a0\u00a0\u00a0\u00a0\u00a0\u00a0\u00a0\u00a0\u00a0\u00a0\u00a0\u00a0 <a href=\"http:\/\/www.dakar.com\/dakar\/2015\/es\/piloto\/005.html\">RODRIGUES (PRT)<\/a><\/td>\n<td>HONDA<\/td>\n<td>10:01:39<\/td>\n<\/tr>\n<tr>\n<td>10<\/td>\n<td><a href=\"http:\/\/www.dakar.com\/dakar\/2015\/es\/piloto\/010.html\">10<\/a><\/td>\n<td>\u00b7\u00a0\u00a0\u00a0\u00a0\u00a0\u00a0\u00a0\u00a0\u00a0\u00a0\u00a0\u00a0\u00a0\u00a0\u00a0\u00a0\u00a0\u00a0\u00a0\u00a0\u00a0\u00a0\u00a0\u00a0 <a href=\"http:\/\/www.dakar.com\/dakar\/2015\/es\/piloto\/010.html\">PEDRERO GARCIA (ESP)<\/a><\/td>\n<td>YAMAHA<\/td>\n<td>10:06:07<\/td>\n<\/tr>\n<tr>\n<td>11<\/td>\n<td><a href=\"http:\/\/www.dakar.com\/dakar\/2015\/es\/piloto\/014.html\">14<\/a><\/td>\n<td>\u00b7\u00a0\u00a0\u00a0\u00a0\u00a0\u00a0\u00a0\u00a0\u00a0\u00a0\u00a0\u00a0\u00a0\u00a0\u00a0\u00a0\u00a0\u00a0\u00a0\u00a0\u00a0\u00a0\u00a0\u00a0 <a href=\"http:\/\/www.dakar.com\/dakar\/2015\/es\/piloto\/014.html\">DUCLOS (FRA)<\/a><\/td>\n<td>SHERCO TVS<\/td>\n<td>10:06:45<\/td>\n<\/tr>\n<tr>\n<td>12<\/td>\n<td>18<\/td>\n<td>\u00b7\u00a0\u00a0\u00a0\u00a0\u00a0\u00a0\u00a0\u00a0\u00a0\u00a0\u00a0\u00a0\u00a0\u00a0\u00a0\u00a0\u00a0\u00a0\u00a0\u00a0\u00a0\u00a0\u00a0\u00a0 SVITKO (SVK)<\/td>\n<td>KTM<\/td>\n<td>10:09:41<\/td>\n<\/tr>\n<tr>\n<td>13<\/td>\n<td><a href=\"http:\/\/www.dakar.com\/dakar\/2015\/es\/piloto\/031.html\">31<\/a><\/td>\n<td>\u00b7\u00a0\u00a0\u00a0\u00a0\u00a0\u00a0\u00a0\u00a0\u00a0\u00a0\u00a0\u00a0\u00a0\u00a0\u00a0\u00a0\u00a0\u00a0\u00a0\u00a0\u00a0\u00a0\u00a0\u00a0 <a href=\"http:\/\/www.dakar.com\/dakar\/2015\/es\/piloto\/031.html\">QUINTANILLA (CHL)<\/a><\/td>\n<td>KTM<\/td>\n<td>10:10:58<\/td>\n<\/tr>\n<tr>\n<td>14<\/td>\n<td><a href=\"http:\/\/www.dakar.com\/dakar\/2015\/es\/piloto\/009.html\">9<\/a><\/td>\n<td>\u00b7\u00a0\u00a0\u00a0\u00a0\u00a0\u00a0\u00a0\u00a0\u00a0\u00a0\u00a0\u00a0\u00a0\u00a0\u00a0\u00a0\u00a0\u00a0\u00a0\u00a0\u00a0\u00a0\u00a0\u00a0 <a href=\"http:\/\/www.dakar.com\/dakar\/2015\/es\/piloto\/009.html\">CASTEU (FRA)<\/a><\/td>\n<td>KTM<\/td>\n<td>10:15:21<\/td>\n<\/tr>\n<tr>\n<td>15<\/td>\n<td><a href=\"http:\/\/www.dakar.com\/dakar\/2015\/es\/piloto\/020.html\">20<\/a><\/td>\n<td>\u00b7\u00a0\u00a0\u00a0\u00a0\u00a0\u00a0\u00a0\u00a0\u00a0\u00a0\u00a0\u00a0\u00a0\u00a0\u00a0\u00a0\u00a0\u00a0\u00a0\u00a0\u00a0\u00a0\u00a0\u00a0 <a href=\"http:\/\/www.dakar.com\/dakar\/2015\/es\/piloto\/020.html\">VAN NIEKERK (ZAF)<\/a><\/td>\n<td>KTM<\/td>\n<td>10:17:16<\/td>\n<\/tr>\n<tr>\n<td>16<\/td>\n<td><a href=\"http:\/\/www.dakar.com\/dakar\/2015\/es\/piloto\/029.html\">29<\/a><\/td>\n<td>\u00b7\u00a0\u00a0\u00a0\u00a0\u00a0\u00a0\u00a0\u00a0\u00a0\u00a0\u00a0\u00a0\u00a0\u00a0\u00a0\u00a0\u00a0\u00a0\u00a0\u00a0\u00a0\u00a0\u00a0\u00a0 <a href=\"http:\/\/www.dakar.com\/dakar\/2015\/es\/piloto\/029.html\">SANZ PLA-GIRIBERT (ESP)<\/a><\/td>\n<td>HONDA<\/td>\n<td>10:17:19<\/td>\n<\/tr>\n<tr>\n<td>17<\/td>\n<td><a href=\"http:\/\/www.dakar.com\/dakar\/2015\/es\/piloto\/017.html\">17<\/a><\/td>\n<td>\u00b7\u00a0\u00a0\u00a0\u00a0\u00a0\u00a0\u00a0\u00a0\u00a0\u00a0\u00a0\u00a0\u00a0\u00a0\u00a0\u00a0\u00a0\u00a0\u00a0\u00a0\u00a0\u00a0\u00a0\u00a0 <a href=\"http:\/\/www.dakar.com\/dakar\/2015\/es\/piloto\/017.html\">METGE (FRA)<\/a><\/td>\n<td>YAMAHA<\/td>\n<td>10:18:27<\/td>\n<\/tr>\n<tr>\n<td>18<\/td>\n<td><a href=\"http:\/\/www.dakar.com\/dakar\/2015\/es\/piloto\/019.html\">19<\/a><\/td>\n<td>\u00b7\u00a0\u00a0\u00a0\u00a0\u00a0\u00a0\u00a0\u00a0\u00a0\u00a0\u00a0\u00a0\u00a0\u00a0\u00a0\u00a0\u00a0\u00a0\u00a0\u00a0\u00a0\u00a0\u00a0\u00a0 <a href=\"http:\/\/www.dakar.com\/dakar\/2015\/es\/piloto\/019.html\">BOTTURI (ITA)<\/a><\/td>\n<td>YAMAHA<\/td>\n<td>10:18:33<\/td>\n<\/tr>\n<tr>\n<td>19<\/td>\n<td><a href=\"http:\/\/www.dakar.com\/dakar\/2015\/es\/piloto\/003.html\">3<\/a><\/td>\n<td>\u00b7\u00a0\u00a0\u00a0\u00a0\u00a0\u00a0\u00a0\u00a0\u00a0\u00a0\u00a0\u00a0\u00a0\u00a0\u00a0\u00a0\u00a0\u00a0\u00a0\u00a0\u00a0\u00a0\u00a0\u00a0 <a href=\"http:\/\/www.dakar.com\/dakar\/2015\/es\/piloto\/003.html\">PAIN (FRA)<\/a><\/td>\n<td>YAMAHA<\/td>\n<td>10:20:59<\/td>\n<\/tr>\n<tr>\n<td>20<\/td>\n<td><a href=\"http:\/\/www.dakar.com\/dakar\/2015\/es\/piloto\/021.html\">21<\/a><\/td>\n<td>\u00b7\u00a0\u00a0\u00a0\u00a0\u00a0\u00a0\u00a0\u00a0\u00a0\u00a0\u00a0\u00a0\u00a0\u00a0\u00a0\u00a0\u00a0\u00a0\u00a0\u00a0\u00a0\u00a0\u00a0\u00a0 <a href=\"http:\/\/www.dakar.com\/dakar\/2015\/es\/piloto\/021.html\">JAKES (SVK)<\/a><\/td>\n<td>KTM<\/td>\n<td>10:26:14<\/td>\n<\/tr>\n<tr>\n<td>21<\/td>\n<td>37<\/td>\n<td>\u00b7\u00a0\u00a0\u00a0\u00a0\u00a0\u00a0\u00a0\u00a0\u00a0\u00a0\u00a0\u00a0\u00a0\u00a0\u00a0\u00a0\u00a0\u00a0\u00a0\u00a0\u00a0\u00a0\u00a0\u00a0 VOGELS (NLD)<\/td>\n<td>KTM<\/td>\n<td>10:38:05<\/td>\n<\/tr>\n<tr>\n<td>22<\/td>\n<td><a href=\"http:\/\/www.dakar.com\/dakar\/2015\/es\/piloto\/008.html\">8<\/a><\/td>\n<td>\u00b7\u00a0\u00a0\u00a0\u00a0\u00a0\u00a0\u00a0\u00a0\u00a0\u00a0\u00a0\u00a0\u00a0\u00a0\u00a0\u00a0\u00a0\u00a0\u00a0\u00a0\u00a0\u00a0\u00a0\u00a0 <a href=\"http:\/\/www.dakar.com\/dakar\/2015\/es\/piloto\/008.html\">PRZYGONSKI (POL)<\/a><\/td>\n<td>KTM<\/td>\n<td>10:38:41<\/td>\n<\/tr>\n<tr>\n<td>23<\/td>\n<td>44<\/td>\n<td>\u00b7\u00a0\u00a0\u00a0\u00a0\u00a0\u00a0\u00a0\u00a0\u00a0\u00a0\u00a0\u00a0\u00a0\u00a0\u00a0\u00a0\u00a0\u00a0\u00a0\u00a0\u00a0\u00a0\u00a0\u00a0 DE SOULTRAIT (FRA)<\/td>\n<td>YAMAHA<\/td>\n<td>10:38:47<\/td>\n<\/tr>\n<tr>\n<td>24<\/td>\n<td><a href=\"http:\/\/www.dakar.com\/dakar\/2015\/es\/piloto\/016.html\">16<\/a><\/td>\n<td>\u00b7\u00a0\u00a0\u00a0\u00a0\u00a0\u00a0\u00a0\u00a0\u00a0\u00a0\u00a0\u00a0\u00a0\u00a0\u00a0\u00a0\u00a0\u00a0\u00a0\u00a0\u00a0\u00a0\u00a0\u00a0 <a href=\"http:\/\/www.dakar.com\/dakar\/2015\/es\/piloto\/016.html\">GOUET (CHL)<\/a><\/td>\n<td>HONDA<\/td>\n<td>10:40:43<\/td>\n<\/tr>\n<tr>\n<td>25<\/td>\n<td><a href=\"http:\/\/www.dakar.com\/dakar\/2015\/es\/piloto\/025.html\">25<\/a><\/td>\n<td>\u00b7\u00a0\u00a0\u00a0\u00a0\u00a0\u00a0\u00a0\u00a0\u00a0\u00a0\u00a0\u00a0\u00a0\u00a0\u00a0\u00a0\u00a0\u00a0\u00a0\u00a0\u00a0\u00a0\u00a0\u00a0 <a href=\"http:\/\/www.dakar.com\/dakar\/2015\/es\/piloto\/025.html\">PLANET (FRA)<\/a><\/td>\n<td>SHERCO TVS<\/td>\n<td>10:42:54<\/td>\n<\/tr>\n<tr>\n<td>26<\/td>\n<td><a href=\"http:\/\/www.dakar.com\/dakar\/2015\/es\/piloto\/030.html\">30<\/a><\/td>\n<td>\u00b7\u00a0\u00a0\u00a0\u00a0\u00a0\u00a0\u00a0\u00a0\u00a0\u00a0\u00a0\u00a0\u00a0\u00a0\u00a0\u00a0\u00a0\u00a0\u00a0\u00a0\u00a0\u00a0\u00a0\u00a0 <a href=\"http:\/\/www.dakar.com\/dakar\/2015\/es\/piloto\/030.html\">GUASCH (ESP)<\/a><\/td>\n<td>YAMAHA<\/td>\n<td>10:54:08<\/td>\n<\/tr>\n<tr>\n<td>27<\/td>\n<td><a href=\"http:\/\/www.dakar.com\/dakar\/2015\/es\/piloto\/028.html\">28<\/a><\/td>\n<td>\u00b7\u00a0\u00a0\u00a0\u00a0\u00a0\u00a0\u00a0\u00a0\u00a0\u00a0\u00a0\u00a0\u00a0\u00a0\u00a0\u00a0\u00a0\u00a0\u00a0\u00a0\u00a0\u00a0\u00a0\u00a0 <a href=\"http:\/\/www.dakar.com\/dakar\/2015\/es\/piloto\/028.html\">SALVATIERRA (BOL)<\/a><\/td>\n<td>KTM<\/td>\n<td>10:58:56<\/td>\n<\/tr>\n<tr>\n<td>28<\/td>\n<td><a href=\"http:\/\/www.dakar.com\/dakar\/2015\/es\/piloto\/015.html\">15<\/a><\/td>\n<td>\u00b7\u00a0\u00a0\u00a0\u00a0\u00a0\u00a0\u00a0\u00a0\u00a0\u00a0\u00a0\u00a0\u00a0\u00a0\u00a0\u00a0\u00a0\u00a0\u00a0\u00a0\u00a0\u00a0\u00a0\u00a0 <a href=\"http:\/\/www.dakar.com\/dakar\/2015\/es\/piloto\/015.html\">VERHOEVEN (NLD)<\/a><\/td>\n<td>YAMAHA<\/td>\n<td>11:01:18<\/td>\n<\/tr>\n<tr>\n<td>29<\/td>\n<td><a href=\"http:\/\/www.dakar.com\/dakar\/2015\/es\/piloto\/024.html\">24<\/a><\/td>\n<td>\u00b7\u00a0\u00a0\u00a0\u00a0\u00a0\u00a0\u00a0\u00a0\u00a0\u00a0\u00a0\u00a0\u00a0\u00a0\u00a0\u00a0\u00a0\u00a0\u00a0\u00a0\u00a0\u00a0\u00a0\u00a0 <a href=\"http:\/\/www.dakar.com\/dakar\/2015\/es\/piloto\/024.html\">DE AZEVEDO (BRA)<\/a><\/td>\n<td>HONDA<\/td>\n<td>11:03:34<\/td>\n<\/tr>\n<tr>\n<td>30<\/td>\n<td><a href=\"http:\/\/www.dakar.com\/dakar\/2015\/es\/piloto\/062.html\">62<\/a><\/td>\n<td>\u00b7\u00a0\u00a0\u00a0\u00a0\u00a0\u00a0\u00a0\u00a0\u00a0\u00a0\u00a0\u00a0\u00a0\u00a0\u00a0\u00a0\u00a0\u00a0\u00a0\u00a0\u00a0\u00a0\u00a0\u00a0 <a href=\"http:\/\/www.dakar.com\/dakar\/2015\/es\/piloto\/062.html\">SOUVIGNET (FRA)<\/a><\/td>\n<td>KTM<\/td>\n<td>11:08:45<\/td>\n<\/tr>\n<tr>\n<td>31<\/td>\n<td><a href=\"http:\/\/www.dakar.com\/dakar\/2015\/es\/piloto\/088.html\">88<\/a><\/td>\n<td>\u00b7\u00a0\u00a0\u00a0\u00a0\u00a0\u00a0\u00a0\u00a0\u00a0\u00a0\u00a0\u00a0\u00a0\u00a0\u00a0\u00a0\u00a0\u00a0\u00a0\u00a0\u00a0\u00a0\u00a0\u00a0 <a href=\"http:\/\/www.dakar.com\/dakar\/2015\/es\/piloto\/088.html\">VERHOESTRAETE (COG)<\/a><\/td>\n<td>SHERCO<\/td>\n<td>11:11:16<\/td>\n<\/tr>\n<tr>\n<td>32<\/td>\n<td><a href=\"http:\/\/www.dakar.com\/dakar\/2015\/es\/piloto\/040.html\">40<\/a><\/td>\n<td>\u00b7\u00a0\u00a0\u00a0\u00a0\u00a0\u00a0\u00a0\u00a0\u00a0\u00a0\u00a0\u00a0\u00a0\u00a0\u00a0\u00a0\u00a0\u00a0\u00a0\u00a0\u00a0\u00a0\u00a0\u00a0 <a href=\"http:\/\/www.dakar.com\/dakar\/2015\/es\/piloto\/040.html\">PATRAO (PRT)<\/a><\/td>\n<td>SUZUKI<\/td>\n<td>11:11:26<\/td>\n<\/tr>\n<tr>\n<td>33<\/td>\n<td><a href=\"http:\/\/www.dakar.com\/dakar\/2015\/es\/piloto\/079.html\">79<\/a><\/td>\n<td>\u00b7\u00a0\u00a0\u00a0\u00a0\u00a0\u00a0\u00a0\u00a0\u00a0\u00a0\u00a0\u00a0\u00a0\u00a0\u00a0\u00a0\u00a0\u00a0\u00a0\u00a0\u00a0\u00a0\u00a0\u00a0 <a href=\"http:\/\/www.dakar.com\/dakar\/2015\/es\/piloto\/079.html\">ARANA COBEAGA (ESP)<\/a><\/td>\n<td>YAMAHA<\/td>\n<td>11:12:03<\/td>\n<\/tr>\n<tr>\n<td>34<\/td>\n<td><a href=\"http:\/\/www.dakar.com\/dakar\/2015\/es\/piloto\/032.html\">32<\/a><\/td>\n<td>\u00b7\u00a0\u00a0\u00a0\u00a0\u00a0\u00a0\u00a0\u00a0\u00a0\u00a0\u00a0\u00a0\u00a0\u00a0\u00a0\u00a0\u00a0\u00a0\u00a0\u00a0\u00a0\u00a0\u00a0\u00a0 <a href=\"http:\/\/www.dakar.com\/dakar\/2015\/es\/piloto\/032.html\">CECI (ITA)<\/a><\/td>\n<td>KTM<\/td>\n<td>11:14:32<\/td>\n<\/tr>\n<tr>\n<td>35<\/td>\n<td><a href=\"http:\/\/www.dakar.com\/dakar\/2015\/es\/piloto\/034.html\">34<\/a><\/td>\n<td>\u00b7\u00a0\u00a0\u00a0\u00a0\u00a0\u00a0\u00a0\u00a0\u00a0\u00a0\u00a0\u00a0\u00a0\u00a0\u00a0\u00a0\u00a0\u00a0\u00a0\u00a0\u00a0\u00a0\u00a0\u00a0 <a href=\"http:\/\/www.dakar.com\/dakar\/2015\/es\/piloto\/034.html\">PABISKA (CZE)<\/a><\/td>\n<td>KTM<\/td>\n<td>11:15:16<\/td>\n<\/tr>\n<tr>\n<td>36<\/td>\n<td><a href=\"http:\/\/www.dakar.com\/dakar\/2015\/es\/piloto\/038.html\">38<\/a><\/td>\n<td>\u00b7\u00a0\u00a0\u00a0\u00a0\u00a0\u00a0\u00a0\u00a0\u00a0\u00a0\u00a0\u00a0\u00a0\u00a0\u00a0\u00a0\u00a0\u00a0\u00a0\u00a0\u00a0\u00a0\u00a0\u00a0 <a href=\"http:\/\/www.dakar.com\/dakar\/2015\/es\/piloto\/038.html\">BERGLUND (SWE)<\/a><\/td>\n<td>KTM<\/td>\n<td>11:20:00<\/td>\n<\/tr>\n<tr>\n<td>37<\/td>\n<td><a href=\"http:\/\/www.dakar.com\/dakar\/2015\/es\/piloto\/160.html\">160<\/a><\/td>\n<td>\u00b7\u00a0\u00a0\u00a0\u00a0\u00a0\u00a0\u00a0\u00a0\u00a0\u00a0\u00a0\u00a0\u00a0\u00a0\u00a0\u00a0\u00a0\u00a0\u00a0\u00a0\u00a0\u00a0\u00a0\u00a0 <a href=\"http:\/\/www.dakar.com\/dakar\/2015\/es\/piloto\/160.html\">KLYMCIW (CZE)<\/a><\/td>\n<td>KTM<\/td>\n<td>11:25:31<\/td>\n<\/tr>\n<tr>\n<td>38<\/td>\n<td><a href=\"http:\/\/www.dakar.com\/dakar\/2015\/es\/piloto\/045.html\">45<\/a><\/td>\n<td>\u00b7\u00a0\u00a0\u00a0\u00a0\u00a0\u00a0\u00a0\u00a0\u00a0\u00a0\u00a0\u00a0\u00a0\u00a0\u00a0\u00a0\u00a0\u00a0\u00a0\u00a0\u00a0\u00a0\u00a0\u00a0 <a href=\"http:\/\/www.dakar.com\/dakar\/2015\/es\/piloto\/045.html\">DA COSTA (FRA)<\/a><\/td>\n<td>YAMAHA<\/td>\n<td>11:38:30<\/td>\n<\/tr>\n<tr>\n<td>39<\/td>\n<td><a href=\"http:\/\/www.dakar.com\/dakar\/2015\/es\/piloto\/161.html\">161<\/a><\/td>\n<td>\u00b7\u00a0\u00a0\u00a0\u00a0\u00a0\u00a0\u00a0\u00a0\u00a0\u00a0\u00a0\u00a0\u00a0\u00a0\u00a0\u00a0\u00a0\u00a0\u00a0\u00a0\u00a0\u00a0\u00a0\u00a0 <a href=\"http:\/\/www.dakar.com\/dakar\/2015\/es\/piloto\/161.html\">LOPEZ JOVE (ARG)<\/a><\/td>\n<td>KAWASAKI<\/td>\n<td>11:39:49<\/td>\n<\/tr>\n<tr>\n<td>40<\/td>\n<td>35<\/td>\n<td>\u00b7\u00a0\u00a0\u00a0\u00a0\u00a0\u00a0\u00a0\u00a0\u00a0\u00a0\u00a0\u00a0\u00a0\u00a0\u00a0\u00a0\u00a0\u00a0\u00a0\u00a0\u00a0\u00a0\u00a0\u00a0 STANOVNIK (SVN)<\/td>\n<td>KTM<\/td>\n<td>11:44:23<\/td>\n<\/tr>\n<tr>\n<td>41<\/td>\n<td><a href=\"http:\/\/www.dakar.com\/dakar\/2015\/es\/piloto\/065.html\">65<\/a><\/td>\n<td>\u00b7\u00a0\u00a0\u00a0\u00a0\u00a0\u00a0\u00a0\u00a0\u00a0\u00a0\u00a0\u00a0\u00a0\u00a0\u00a0\u00a0\u00a0\u00a0\u00a0\u00a0\u00a0\u00a0\u00a0\u00a0 <a href=\"http:\/\/www.dakar.com\/dakar\/2015\/es\/piloto\/065.html\">VAN DEN GOORBERGH (NLD)<\/a><\/td>\n<td>KTM<\/td>\n<td>11:50:50<\/td>\n<\/tr>\n<tr>\n<td>42<\/td>\n<td><a href=\"http:\/\/www.dakar.com\/dakar\/2015\/es\/piloto\/036.html\">36<\/a><\/td>\n<td>\u00b7\u00a0\u00a0\u00a0\u00a0\u00a0\u00a0\u00a0\u00a0\u00a0\u00a0\u00a0\u00a0\u00a0\u00a0\u00a0\u00a0\u00a0\u00a0\u00a0\u00a0\u00a0\u00a0\u00a0\u00a0 <a href=\"http:\/\/www.dakar.com\/dakar\/2015\/es\/piloto\/036.html\">PIATEK (POL)<\/a><\/td>\n<td>KTM<\/td>\n<td>11:52:05<\/td>\n<\/tr>\n<tr>\n<td>43<\/td>\n<td><a href=\"http:\/\/www.dakar.com\/dakar\/2015\/es\/piloto\/060.html\">60<\/a><\/td>\n<td>\u00b7\u00a0\u00a0\u00a0\u00a0\u00a0\u00a0\u00a0\u00a0\u00a0\u00a0\u00a0\u00a0\u00a0\u00a0\u00a0\u00a0\u00a0\u00a0\u00a0\u00a0\u00a0\u00a0\u00a0\u00a0 <a href=\"http:\/\/www.dakar.com\/dakar\/2015\/es\/piloto\/060.html\">CABRERA (CHL)<\/a><\/td>\n<td>KAWASAKI<\/td>\n<td>11:54:43<\/td>\n<\/tr>\n<tr>\n<td>44<\/td>\n<td><a href=\"http:\/\/www.dakar.com\/dakar\/2015\/es\/piloto\/069.html\">69<\/a><\/td>\n<td>\u00b7\u00a0\u00a0\u00a0\u00a0\u00a0\u00a0\u00a0\u00a0\u00a0\u00a0\u00a0\u00a0\u00a0\u00a0\u00a0\u00a0\u00a0\u00a0\u00a0\u00a0\u00a0\u00a0\u00a0\u00a0 <a href=\"http:\/\/www.dakar.com\/dakar\/2015\/es\/piloto\/069.html\">PAYEN (FRA)<\/a><\/td>\n<td>YAMAHA<\/td>\n<td>11:57:54<\/td>\n<\/tr>\n<tr>\n<td>45<\/td>\n<td><a href=\"http:\/\/www.dakar.com\/dakar\/2015\/es\/piloto\/049.html\">49<\/a><\/td>\n<td>\u00b7\u00a0\u00a0\u00a0\u00a0\u00a0\u00a0\u00a0\u00a0\u00a0\u00a0\u00a0\u00a0\u00a0\u00a0\u00a0\u00a0\u00a0\u00a0\u00a0\u00a0\u00a0\u00a0\u00a0\u00a0 <a href=\"http:\/\/www.dakar.com\/dakar\/2015\/es\/piloto\/049.html\">GYENES (ROU)<\/a><\/td>\n<td>KTM<\/td>\n<td>12:01:18<\/td>\n<\/tr>\n<tr>\n<td>46<\/td>\n<td><a href=\"http:\/\/www.dakar.com\/dakar\/2015\/es\/piloto\/046.html\">46<\/a><\/td>\n<td>\u00b7\u00a0\u00a0\u00a0\u00a0\u00a0\u00a0\u00a0\u00a0\u00a0\u00a0\u00a0\u00a0\u00a0\u00a0\u00a0\u00a0\u00a0\u00a0\u00a0\u00a0\u00a0\u00a0\u00a0\u00a0 <a href=\"http:\/\/www.dakar.com\/dakar\/2015\/es\/piloto\/046.html\">GOMEZ (ARG)<\/a><\/td>\n<td>YAMAHA<\/td>\n<td>12:02:11<\/td>\n<\/tr>\n<tr>\n<td>47<\/td>\n<td>151<\/td>\n<td>\u00b7\u00a0\u00a0\u00a0\u00a0\u00a0\u00a0\u00a0\u00a0\u00a0\u00a0\u00a0\u00a0\u00a0\u00a0\u00a0\u00a0\u00a0\u00a0\u00a0\u00a0\u00a0\u00a0\u00a0\u00a0 ENGEL (CZE)<\/td>\n<td>KTM<\/td>\n<td>12:02:35<\/td>\n<\/tr>\n<tr>\n<td>48<\/td>\n<td><a href=\"http:\/\/www.dakar.com\/dakar\/2015\/es\/piloto\/103.html\">103<\/a><\/td>\n<td>\u00b7\u00a0\u00a0\u00a0\u00a0\u00a0\u00a0\u00a0\u00a0\u00a0\u00a0\u00a0\u00a0\u00a0\u00a0\u00a0\u00a0\u00a0\u00a0\u00a0\u00a0\u00a0\u00a0\u00a0\u00a0 <a href=\"http:\/\/www.dakar.com\/dakar\/2015\/es\/piloto\/103.html\">REEVE (ZMB)<\/a><\/td>\n<td>KTM<\/td>\n<td>12:08:00<\/td>\n<\/tr>\n<tr>\n<td>49<\/td>\n<td><a href=\"http:\/\/www.dakar.com\/dakar\/2015\/es\/piloto\/074.html\">74<\/a><\/td>\n<td>\u00b7\u00a0\u00a0\u00a0\u00a0\u00a0\u00a0\u00a0\u00a0\u00a0\u00a0\u00a0\u00a0\u00a0\u00a0\u00a0\u00a0\u00a0\u00a0\u00a0\u00a0\u00a0\u00a0\u00a0\u00a0 <a href=\"http:\/\/www.dakar.com\/dakar\/2015\/es\/piloto\/074.html\">FERNANDEZ EROSTARBE (URY)<\/a><\/td>\n<td>KAWASAKI<\/td>\n<td>12:08:47<\/td>\n<\/tr>\n<tr>\n<td>50<\/td>\n<td><a href=\"http:\/\/www.dakar.com\/dakar\/2015\/es\/piloto\/006.html\">6<\/a><\/td>\n<td>\u00b7\u00a0\u00a0\u00a0\u00a0\u00a0\u00a0\u00a0\u00a0\u00a0\u00a0\u00a0\u00a0\u00a0\u00a0\u00a0\u00a0\u00a0\u00a0\u00a0\u00a0\u00a0\u00a0\u00a0\u00a0 <a href=\"http:\/\/www.dakar.com\/dakar\/2015\/es\/piloto\/006.html\">SUNDERLAND (GBR)<\/a><\/td>\n<td>KTM<\/td>\n<td>12:11:42<\/td>\n<\/tr>\n<tr>\n<td>51<\/td>\n<td><a href=\"http:\/\/www.dakar.com\/dakar\/2015\/es\/piloto\/078.html\">78<\/a><\/td>\n<td>\u00b7\u00a0\u00a0\u00a0\u00a0\u00a0\u00a0\u00a0\u00a0\u00a0\u00a0\u00a0\u00a0\u00a0\u00a0\u00a0\u00a0\u00a0\u00a0\u00a0\u00a0\u00a0\u00a0\u00a0\u00a0 <a href=\"http:\/\/www.dakar.com\/dakar\/2015\/es\/piloto\/078.html\">PASCUAL (ARG)<\/a><\/td>\n<td>KTM<\/td>\n<td>12:14:59<\/td>\n<\/tr>\n<tr>\n<td>52<\/td>\n<td><a href=\"http:\/\/www.dakar.com\/dakar\/2015\/es\/piloto\/129.html\">129<\/a><\/td>\n<td>\u00b7\u00a0\u00a0\u00a0\u00a0\u00a0\u00a0\u00a0\u00a0\u00a0\u00a0\u00a0\u00a0\u00a0\u00a0\u00a0\u00a0\u00a0\u00a0\u00a0\u00a0\u00a0\u00a0\u00a0\u00a0 <a href=\"http:\/\/www.dakar.com\/dakar\/2015\/es\/piloto\/129.html\">VAN GERVEN (NLD)<\/a><\/td>\n<td>KTM<\/td>\n<td>12:19:39<\/td>\n<\/tr>\n<tr>\n<td>53<\/td>\n<td><a href=\"http:\/\/www.dakar.com\/dakar\/2015\/es\/piloto\/059.html\">59<\/a><\/td>\n<td>\u00b7\u00a0\u00a0\u00a0\u00a0\u00a0\u00a0\u00a0\u00a0\u00a0\u00a0\u00a0\u00a0\u00a0\u00a0\u00a0\u00a0\u00a0\u00a0\u00a0\u00a0\u00a0\u00a0\u00a0\u00a0 <a href=\"http:\/\/www.dakar.com\/dakar\/2015\/es\/piloto\/059.html\">CHUNCHUNGUPPE SHIVASHANKAR (IND)<\/a><\/td>\n<td>KTM<\/td>\n<td>12:21:30<\/td>\n<\/tr>\n<tr>\n<td>54<\/td>\n<td><a href=\"http:\/\/www.dakar.com\/dakar\/2015\/es\/piloto\/048.html\">48<\/a><\/td>\n<td>\u00b7\u00a0\u00a0\u00a0\u00a0\u00a0\u00a0\u00a0\u00a0\u00a0\u00a0\u00a0\u00a0\u00a0\u00a0\u00a0\u00a0\u00a0\u00a0\u00a0\u00a0\u00a0\u00a0\u00a0\u00a0 <a href=\"http:\/\/www.dakar.com\/dakar\/2015\/es\/piloto\/048.html\">RIOS (PER)<\/a><\/td>\n<td>KTM<\/td>\n<td>12:25:46<\/td>\n<\/tr>\n<tr>\n<td>55<\/td>\n<td><a href=\"http:\/\/www.dakar.com\/dakar\/2015\/es\/piloto\/113.html\">113<\/a><\/td>\n<td>\u00b7\u00a0\u00a0\u00a0\u00a0\u00a0\u00a0\u00a0\u00a0\u00a0\u00a0\u00a0\u00a0\u00a0\u00a0\u00a0\u00a0\u00a0\u00a0\u00a0\u00a0\u00a0\u00a0\u00a0\u00a0 <a href=\"http:\/\/www.dakar.com\/dakar\/2015\/es\/piloto\/113.html\">BRIOSCHI (ITA)<\/a><\/td>\n<td>KTM<\/td>\n<td>12:26:22<\/td>\n<\/tr>\n<tr>\n<td>56<\/td>\n<td><a href=\"http:\/\/www.dakar.com\/dakar\/2015\/es\/piloto\/057.html\">57<\/a><\/td>\n<td>\u00b7\u00a0\u00a0\u00a0\u00a0\u00a0\u00a0\u00a0\u00a0\u00a0\u00a0\u00a0\u00a0\u00a0\u00a0\u00a0\u00a0\u00a0\u00a0\u00a0\u00a0\u00a0\u00a0\u00a0\u00a0 <a href=\"http:\/\/www.dakar.com\/dakar\/2015\/es\/piloto\/057.html\">LAZARD (URY)<\/a><\/td>\n<td>KTM<\/td>\n<td>12:27:10<\/td>\n<\/tr>\n<tr>\n<td>57<\/td>\n<td><a href=\"http:\/\/www.dakar.com\/dakar\/2015\/es\/piloto\/063.html\">63<\/a><\/td>\n<td>\u00b7\u00a0\u00a0\u00a0\u00a0\u00a0\u00a0\u00a0\u00a0\u00a0\u00a0\u00a0\u00a0\u00a0\u00a0\u00a0\u00a0\u00a0\u00a0\u00a0\u00a0\u00a0\u00a0\u00a0\u00a0 <a href=\"http:\/\/www.dakar.com\/dakar\/2015\/es\/piloto\/063.html\">CARILLON (FRA)<\/a><\/td>\n<td>KTM<\/td>\n<td>12:35:53<\/td>\n<\/tr>\n<tr>\n<td>58<\/td>\n<td><a href=\"http:\/\/www.dakar.com\/dakar\/2015\/es\/piloto\/081.html\">81<\/a><\/td>\n<td>\u00b7\u00a0\u00a0\u00a0\u00a0\u00a0\u00a0\u00a0\u00a0\u00a0\u00a0\u00a0\u00a0\u00a0\u00a0\u00a0\u00a0\u00a0\u00a0\u00a0\u00a0\u00a0\u00a0\u00a0\u00a0 <a href=\"http:\/\/www.dakar.com\/dakar\/2015\/es\/piloto\/081.html\">FUENTES (BOL)<\/a><\/td>\n<td>KTM<\/td>\n<td>12:36:12<\/td>\n<\/tr>\n<tr>\n<td>59<\/td>\n<td>54<\/td>\n<td>\u00b7\u00a0\u00a0\u00a0\u00a0\u00a0\u00a0\u00a0\u00a0\u00a0\u00a0\u00a0\u00a0\u00a0\u00a0\u00a0\u00a0\u00a0\u00a0\u00a0\u00a0\u00a0\u00a0\u00a0\u00a0 ARREDONDO (GTM)<\/td>\n<td>KTM<\/td>\n<td>12:40:14<\/td>\n<\/tr>\n<tr>\n<td>60<\/td>\n<td><a href=\"http:\/\/www.dakar.com\/dakar\/2015\/es\/piloto\/146.html\">146<\/a><\/td>\n<td>\u00b7\u00a0\u00a0\u00a0\u00a0\u00a0\u00a0\u00a0\u00a0\u00a0\u00a0\u00a0\u00a0\u00a0\u00a0\u00a0\u00a0\u00a0\u00a0\u00a0\u00a0\u00a0\u00a0\u00a0\u00a0 <a href=\"http:\/\/www.dakar.com\/dakar\/2015\/es\/piloto\/146.html\">AYESA (ARG)<\/a><\/td>\n<td>YAMAHA<\/td>\n<td>12:42:12<\/td>\n<\/tr>\n<tr>\n<td>61<\/td>\n<td><a href=\"http:\/\/www.dakar.com\/dakar\/2015\/es\/piloto\/055.html\">55<\/a><\/td>\n<td>\u00b7\u00a0\u00a0\u00a0\u00a0\u00a0\u00a0\u00a0\u00a0\u00a0\u00a0\u00a0\u00a0\u00a0\u00a0\u00a0\u00a0\u00a0\u00a0\u00a0\u00a0\u00a0\u00a0\u00a0\u00a0 <a href=\"http:\/\/www.dakar.com\/dakar\/2015\/es\/piloto\/055.html\">HEINRICH (PER)<\/a><\/td>\n<td>SUZUKI<\/td>\n<td>12:43:35<\/td>\n<\/tr>\n<tr>\n<td>62<\/td>\n<td><a href=\"http:\/\/www.dakar.com\/dakar\/2015\/es\/piloto\/067.html\">67<\/a><\/td>\n<td>\u00b7\u00a0\u00a0\u00a0\u00a0\u00a0\u00a0\u00a0\u00a0\u00a0\u00a0\u00a0\u00a0\u00a0\u00a0\u00a0\u00a0\u00a0\u00a0\u00a0\u00a0\u00a0\u00a0\u00a0\u00a0 <a href=\"http:\/\/www.dakar.com\/dakar\/2015\/es\/piloto\/067.html\">DESI (HUN)<\/a><\/td>\n<td>KTM<\/td>\n<td>12:44:20<\/td>\n<\/tr>\n<tr>\n<td>63<\/td>\n<td><a href=\"http:\/\/www.dakar.com\/dakar\/2015\/es\/piloto\/109.html\">109<\/a><\/td>\n<td>\u00b7\u00a0\u00a0\u00a0\u00a0\u00a0\u00a0\u00a0\u00a0\u00a0\u00a0\u00a0\u00a0\u00a0\u00a0\u00a0\u00a0\u00a0\u00a0\u00a0\u00a0\u00a0\u00a0\u00a0\u00a0 <a href=\"http:\/\/www.dakar.com\/dakar\/2015\/es\/piloto\/109.html\">LACUNZA (ARG)<\/a><\/td>\n<td>KTM<\/td>\n<td>12:47:44<\/td>\n<\/tr>\n<tr>\n<td>64<\/td>\n<td><a href=\"http:\/\/www.dakar.com\/dakar\/2015\/es\/piloto\/072.html\">72<\/a><\/td>\n<td>\u00b7\u00a0\u00a0\u00a0\u00a0\u00a0\u00a0\u00a0\u00a0\u00a0\u00a0\u00a0\u00a0\u00a0\u00a0\u00a0\u00a0\u00a0\u00a0\u00a0\u00a0\u00a0\u00a0\u00a0\u00a0 <a href=\"http:\/\/www.dakar.com\/dakar\/2015\/es\/piloto\/072.html\">CAVELIUS (FRA)<\/a><\/td>\n<td>KTM<\/td>\n<td>12:50:24<\/td>\n<\/tr>\n<tr>\n<td>65<\/td>\n<td><a href=\"http:\/\/www.dakar.com\/dakar\/2015\/es\/piloto\/084.html\">84<\/a><\/td>\n<td>\u00b7\u00a0\u00a0\u00a0\u00a0\u00a0\u00a0\u00a0\u00a0\u00a0\u00a0\u00a0\u00a0\u00a0\u00a0\u00a0\u00a0\u00a0\u00a0\u00a0\u00a0\u00a0\u00a0\u00a0\u00a0 <a href=\"http:\/\/www.dakar.com\/dakar\/2015\/es\/piloto\/084.html\">MARTENS (NLD)<\/a><\/td>\n<td>KTM<\/td>\n<td>12:50:42<\/td>\n<\/tr>\n<tr>\n<td>66<\/td>\n<td><a href=\"http:\/\/www.dakar.com\/dakar\/2015\/es\/piloto\/114.html\">114<\/a><\/td>\n<td>\u00b7\u00a0\u00a0\u00a0\u00a0\u00a0\u00a0\u00a0\u00a0\u00a0\u00a0\u00a0\u00a0\u00a0\u00a0\u00a0\u00a0\u00a0\u00a0\u00a0\u00a0\u00a0\u00a0\u00a0\u00a0 <a href=\"http:\/\/www.dakar.com\/dakar\/2015\/es\/piloto\/114.html\">BRIOSCHI (ITA)<\/a><\/td>\n<td>KTM<\/td>\n<td>13:01:01<\/td>\n<\/tr>\n<tr>\n<td>67<\/td>\n<td><a href=\"http:\/\/www.dakar.com\/dakar\/2015\/es\/piloto\/125.html\">125<\/a><\/td>\n<td>\u00b7\u00a0\u00a0\u00a0\u00a0\u00a0\u00a0\u00a0\u00a0\u00a0\u00a0\u00a0\u00a0\u00a0\u00a0\u00a0\u00a0\u00a0\u00a0\u00a0\u00a0\u00a0\u00a0\u00a0\u00a0 <a href=\"http:\/\/www.dakar.com\/dakar\/2015\/es\/piloto\/125.html\">HINTENAUS (ZAF)<\/a><\/td>\n<td>KTM<\/td>\n<td>13:02:56<\/td>\n<\/tr>\n<tr>\n<td>68<\/td>\n<td><a href=\"http:\/\/www.dakar.com\/dakar\/2015\/es\/piloto\/068.html\">68<\/a><\/td>\n<td>\u00b7\u00a0\u00a0\u00a0\u00a0\u00a0\u00a0\u00a0\u00a0\u00a0\u00a0\u00a0\u00a0\u00a0\u00a0\u00a0\u00a0\u00a0\u00a0\u00a0\u00a0\u00a0\u00a0\u00a0\u00a0 <a href=\"http:\/\/www.dakar.com\/dakar\/2015\/es\/piloto\/068.html\">VESELY (CZE)<\/a><\/td>\n<td>KTM<\/td>\n<td>13:05:53<\/td>\n<\/tr>\n<tr>\n<td>69<\/td>\n<td>50<\/td>\n<td>\u00b7\u00a0\u00a0\u00a0\u00a0\u00a0\u00a0\u00a0\u00a0\u00a0\u00a0\u00a0\u00a0\u00a0\u00a0\u00a0\u00a0\u00a0\u00a0\u00a0\u00a0\u00a0\u00a0\u00a0\u00a0 BUTUZA (ROU)<\/td>\n<td>KTM<\/td>\n<td>13:10:15<\/td>\n<\/tr>\n<tr>\n<td>70<\/td>\n<td><a href=\"http:\/\/www.dakar.com\/dakar\/2015\/es\/piloto\/071.html\">71<\/a><\/td>\n<td>\u00b7\u00a0\u00a0\u00a0\u00a0\u00a0\u00a0\u00a0\u00a0\u00a0\u00a0\u00a0\u00a0\u00a0\u00a0\u00a0\u00a0\u00a0\u00a0\u00a0\u00a0\u00a0\u00a0\u00a0\u00a0 <a href=\"http:\/\/www.dakar.com\/dakar\/2015\/es\/piloto\/071.html\">VAYSSADE (FRA)<\/a><\/td>\n<td>SHERCO<\/td>\n<td>13:14:16<\/td>\n<\/tr>\n<tr>\n<td>71<\/td>\n<td><a href=\"http:\/\/www.dakar.com\/dakar\/2015\/es\/piloto\/080.html\">80<\/a><\/td>\n<td>\u00b7\u00a0\u00a0\u00a0\u00a0\u00a0\u00a0\u00a0\u00a0\u00a0\u00a0\u00a0\u00a0\u00a0\u00a0\u00a0\u00a0\u00a0\u00a0\u00a0\u00a0\u00a0\u00a0\u00a0\u00a0 <a href=\"http:\/\/www.dakar.com\/dakar\/2015\/es\/piloto\/080.html\">SARMIENTO CERON (COL)<\/a><\/td>\n<td>YAMAHA<\/td>\n<td>13:16:23<\/td>\n<\/tr>\n<tr>\n<td>72<\/td>\n<td><a href=\"http:\/\/www.dakar.com\/dakar\/2015\/es\/piloto\/073.html\">73<\/a><\/td>\n<td>\u00b7\u00a0\u00a0\u00a0\u00a0\u00a0\u00a0\u00a0\u00a0\u00a0\u00a0\u00a0\u00a0\u00a0\u00a0\u00a0\u00a0\u00a0\u00a0\u00a0\u00a0\u00a0\u00a0\u00a0\u00a0 <a href=\"http:\/\/www.dakar.com\/dakar\/2015\/es\/piloto\/073.html\">ERRAZURIZ (CHL)<\/a><\/td>\n<td>HUQSVARNA<\/td>\n<td>13:23:48<\/td>\n<\/tr>\n<tr>\n<td>73<\/td>\n<td><a href=\"http:\/\/www.dakar.com\/dakar\/2015\/es\/piloto\/168.html\">168<\/a><\/td>\n<td>\u00b7\u00a0\u00a0\u00a0\u00a0\u00a0\u00a0\u00a0\u00a0\u00a0\u00a0\u00a0\u00a0\u00a0\u00a0\u00a0\u00a0\u00a0\u00a0\u00a0\u00a0\u00a0\u00a0\u00a0\u00a0 <a href=\"http:\/\/www.dakar.com\/dakar\/2015\/es\/piloto\/168.html\">MORENO KRISTIANSEN (COL)<\/a><\/td>\n<td>KTM<\/td>\n<td>13:30:44<\/td>\n<\/tr>\n<tr>\n<td>74<\/td>\n<td>144<\/td>\n<td>\u00b7\u00a0\u00a0\u00a0\u00a0\u00a0\u00a0\u00a0\u00a0\u00a0\u00a0\u00a0\u00a0\u00a0\u00a0\u00a0\u00a0\u00a0\u00a0\u00a0\u00a0\u00a0\u00a0\u00a0\u00a0 UDRY (CHE)<\/td>\n<td>KTM<\/td>\n<td>13:30:52<\/td>\n<\/tr>\n<tr>\n<td>75<\/td>\n<td><a href=\"http:\/\/www.dakar.com\/dakar\/2015\/es\/piloto\/023.html\">23<\/a><\/td>\n<td>\u00b7\u00a0\u00a0\u00a0\u00a0\u00a0\u00a0\u00a0\u00a0\u00a0\u00a0\u00a0\u00a0\u00a0\u00a0\u00a0\u00a0\u00a0\u00a0\u00a0\u00a0\u00a0\u00a0\u00a0\u00a0 <a href=\"http:\/\/www.dakar.com\/dakar\/2015\/es\/piloto\/023.html\">FARRES GUELL (ESP)<\/a><\/td>\n<td>GASGAS<\/td>\n<td>13:43:21<\/td>\n<\/tr>\n<tr>\n<td>76<\/td>\n<td><a href=\"http:\/\/www.dakar.com\/dakar\/2015\/es\/piloto\/051.html\">51<\/a><\/td>\n<td>\u00b7\u00a0\u00a0\u00a0\u00a0\u00a0\u00a0\u00a0\u00a0\u00a0\u00a0\u00a0\u00a0\u00a0\u00a0\u00a0\u00a0\u00a0\u00a0\u00a0\u00a0\u00a0\u00a0\u00a0\u00a0 <a href=\"http:\/\/www.dakar.com\/dakar\/2015\/es\/piloto\/051.html\">MEERU (EST)<\/a><\/td>\n<td>HONDA<\/td>\n<td>13:44:42<\/td>\n<\/tr>\n<tr>\n<td>77<\/td>\n<td><a href=\"http:\/\/www.dakar.com\/dakar\/2015\/es\/piloto\/075.html\">75<\/a><\/td>\n<td>\u00b7\u00a0\u00a0\u00a0\u00a0\u00a0\u00a0\u00a0\u00a0\u00a0\u00a0\u00a0\u00a0\u00a0\u00a0\u00a0\u00a0\u00a0\u00a0\u00a0\u00a0\u00a0\u00a0\u00a0\u00a0 <a href=\"http:\/\/www.dakar.com\/dakar\/2015\/es\/piloto\/075.html\">SULLIVAN-PAVEY (AUS)<\/a><\/td>\n<td>KTM<\/td>\n<td>13:59:27<\/td>\n<\/tr>\n<tr>\n<td>78<\/td>\n<td><a href=\"http:\/\/www.dakar.com\/dakar\/2015\/es\/piloto\/076.html\">76<\/a><\/td>\n<td>\u00b7\u00a0\u00a0\u00a0\u00a0\u00a0\u00a0\u00a0\u00a0\u00a0\u00a0\u00a0\u00a0\u00a0\u00a0\u00a0\u00a0\u00a0\u00a0\u00a0\u00a0\u00a0\u00a0\u00a0\u00a0 <a href=\"http:\/\/www.dakar.com\/dakar\/2015\/es\/piloto\/076.html\">PAVEY (AUS)<\/a><\/td>\n<td>KTM<\/td>\n<td>14:06:49<\/td>\n<\/tr>\n<tr>\n<td>79<\/td>\n<td><a href=\"http:\/\/www.dakar.com\/dakar\/2015\/es\/piloto\/022.html\">22<\/a><\/td>\n<td>\u00b7\u00a0\u00a0\u00a0\u00a0\u00a0\u00a0\u00a0\u00a0\u00a0\u00a0\u00a0\u00a0\u00a0\u00a0\u00a0\u00a0\u00a0\u00a0\u00a0\u00a0\u00a0\u00a0\u00a0\u00a0 <a href=\"http:\/\/www.dakar.com\/dakar\/2015\/es\/piloto\/022.html\">PIZZOLITO (ARG)<\/a><\/td>\n<td>HONDA<\/td>\n<td>14:08:30<\/td>\n<\/tr>\n<tr>\n<td>80<\/td>\n<td><a href=\"http:\/\/www.dakar.com\/dakar\/2015\/es\/piloto\/077.html\">77<\/a><\/td>\n<td>\u00b7\u00a0\u00a0\u00a0\u00a0\u00a0\u00a0\u00a0\u00a0\u00a0\u00a0\u00a0\u00a0\u00a0\u00a0\u00a0\u00a0\u00a0\u00a0\u00a0\u00a0\u00a0\u00a0\u00a0\u00a0 <a href=\"http:\/\/www.dakar.com\/dakar\/2015\/es\/piloto\/077.html\">GUIRAL (ARG)<\/a><\/td>\n<td>HONDA<\/td>\n<td>14:25:27<\/td>\n<\/tr>\n<tr>\n<td>81<\/td>\n<td><a href=\"http:\/\/www.dakar.com\/dakar\/2015\/es\/piloto\/070.html\">70<\/a><\/td>\n<td>\u00b7\u00a0\u00a0\u00a0\u00a0\u00a0\u00a0\u00a0\u00a0\u00a0\u00a0\u00a0\u00a0\u00a0\u00a0\u00a0\u00a0\u00a0\u00a0\u00a0\u00a0\u00a0\u00a0\u00a0\u00a0 <a href=\"http:\/\/www.dakar.com\/dakar\/2015\/es\/piloto\/070.html\">STASIACZEK (POL)<\/a><\/td>\n<td>KTM<\/td>\n<td>14:25:39<\/td>\n<\/tr>\n<tr>\n<td>82<\/td>\n<td><a href=\"http:\/\/www.dakar.com\/dakar\/2015\/es\/piloto\/087.html\">87<\/a><\/td>\n<td>\u00b7\u00a0\u00a0\u00a0\u00a0\u00a0\u00a0\u00a0\u00a0\u00a0\u00a0\u00a0\u00a0\u00a0\u00a0\u00a0\u00a0\u00a0\u00a0\u00a0\u00a0\u00a0\u00a0\u00a0\u00a0 <a href=\"http:\/\/www.dakar.com\/dakar\/2015\/es\/piloto\/087.html\">REINIKE (CHL)<\/a><\/td>\n<td>KTM<\/td>\n<td>14:27:13<\/td>\n<\/tr>\n<tr>\n<td>83<\/td>\n<td><a href=\"http:\/\/www.dakar.com\/dakar\/2015\/es\/piloto\/058.html\">58<\/a><\/td>\n<td>\u00b7\u00a0\u00a0\u00a0\u00a0\u00a0\u00a0\u00a0\u00a0\u00a0\u00a0\u00a0\u00a0\u00a0\u00a0\u00a0\u00a0\u00a0\u00a0\u00a0\u00a0\u00a0\u00a0\u00a0\u00a0 <a href=\"http:\/\/www.dakar.com\/dakar\/2015\/es\/piloto\/058.html\">PUERTAS (ESP)<\/a><\/td>\n<td>KTM<\/td>\n<td>14:41:16<\/td>\n<\/tr>\n<tr>\n<td>84<\/td>\n<td>61<\/td>\n<td>\u00b7\u00a0\u00a0\u00a0\u00a0\u00a0\u00a0\u00a0\u00a0\u00a0\u00a0\u00a0\u00a0\u00a0\u00a0\u00a0\u00a0\u00a0\u00a0\u00a0\u00a0\u00a0\u00a0\u00a0\u00a0 ONTIVEROS (ARG)<\/td>\n<td>BETA<\/td>\n<td>14:42:54<\/td>\n<\/tr>\n<tr>\n<td>85<\/td>\n<td><a href=\"http:\/\/www.dakar.com\/dakar\/2015\/es\/piloto\/112.html\">112<\/a><\/td>\n<td>\u00b7\u00a0\u00a0\u00a0\u00a0\u00a0\u00a0\u00a0\u00a0\u00a0\u00a0\u00a0\u00a0\u00a0\u00a0\u00a0\u00a0\u00a0\u00a0\u00a0\u00a0\u00a0\u00a0\u00a0\u00a0 <a href=\"http:\/\/www.dakar.com\/dakar\/2015\/es\/piloto\/112.html\">ECHEVESTE (ARG)<\/a><\/td>\n<td>HONDA<\/td>\n<td>14:46:32<\/td>\n<\/tr>\n<tr>\n<td>86<\/td>\n<td>100<\/td>\n<td>\u00b7\u00a0\u00a0\u00a0\u00a0\u00a0\u00a0\u00a0\u00a0\u00a0\u00a0\u00a0\u00a0\u00a0\u00a0\u00a0\u00a0\u00a0\u00a0\u00a0\u00a0\u00a0\u00a0\u00a0\u00a0 CROQUELOIS (FRA)<\/td>\n<td>KTM<\/td>\n<td>14:54:01<\/td>\n<\/tr>\n<tr>\n<td>87<\/td>\n<td><a href=\"http:\/\/www.dakar.com\/dakar\/2015\/es\/piloto\/098.html\">98<\/a><\/td>\n<td>\u00b7\u00a0\u00a0\u00a0\u00a0\u00a0\u00a0\u00a0\u00a0\u00a0\u00a0\u00a0\u00a0\u00a0\u00a0\u00a0\u00a0\u00a0\u00a0\u00a0\u00a0\u00a0\u00a0\u00a0\u00a0 <a href=\"http:\/\/www.dakar.com\/dakar\/2015\/es\/piloto\/098.html\">GULDMAN GONZALEZ (CHL)<\/a><\/td>\n<td>KAWASAKI<\/td>\n<td>14:58:48<\/td>\n<\/tr>\n<tr>\n<td>88<\/td>\n<td><a href=\"http:\/\/www.dakar.com\/dakar\/2015\/es\/piloto\/165.html\">165<\/a><\/td>\n<td>\u00b7\u00a0\u00a0\u00a0\u00a0\u00a0\u00a0\u00a0\u00a0\u00a0\u00a0\u00a0\u00a0\u00a0\u00a0\u00a0\u00a0\u00a0\u00a0\u00a0\u00a0\u00a0\u00a0\u00a0\u00a0 <a href=\"http:\/\/www.dakar.com\/dakar\/2015\/es\/piloto\/165.html\">OZDEMIR (TUR)<\/a><\/td>\n<td>KTM<\/td>\n<td>15:07:35<\/td>\n<\/tr>\n<tr>\n<td>89<\/td>\n<td><a href=\"http:\/\/www.dakar.com\/dakar\/2015\/es\/piloto\/053.html\">53<\/a><\/td>\n<td>\u00b7\u00a0\u00a0\u00a0\u00a0\u00a0\u00a0\u00a0\u00a0\u00a0\u00a0\u00a0\u00a0\u00a0\u00a0\u00a0\u00a0\u00a0\u00a0\u00a0\u00a0\u00a0\u00a0\u00a0\u00a0 <a href=\"http:\/\/www.dakar.com\/dakar\/2015\/es\/piloto\/053.html\">PISANO (FRA)<\/a><\/td>\n<td>KTM<\/td>\n<td>15:08:23<\/td>\n<\/tr>\n<tr>\n<td>90<\/td>\n<td><a href=\"http:\/\/www.dakar.com\/dakar\/2015\/es\/piloto\/156.html\">156<\/a><\/td>\n<td>\u00b7\u00a0\u00a0\u00a0\u00a0\u00a0\u00a0\u00a0\u00a0\u00a0\u00a0\u00a0\u00a0\u00a0\u00a0\u00a0\u00a0\u00a0\u00a0\u00a0\u00a0\u00a0\u00a0\u00a0\u00a0 <a href=\"http:\/\/www.dakar.com\/dakar\/2015\/es\/piloto\/156.html\">SENKALAYCI (TUR)<\/a><\/td>\n<td>KTM<\/td>\n<td>15:13:00<\/td>\n<\/tr>\n<tr>\n<td>91<\/td>\n<td>126<\/td>\n<td>\u00b7\u00a0\u00a0\u00a0\u00a0\u00a0\u00a0\u00a0\u00a0\u00a0\u00a0\u00a0\u00a0\u00a0\u00a0\u00a0\u00a0\u00a0\u00a0\u00a0\u00a0\u00a0\u00a0\u00a0\u00a0 VAN HEERTUM (NLD)<\/td>\n<td>KTM<\/td>\n<td>15:16:11<\/td>\n<\/tr>\n<tr>\n<td>92<\/td>\n<td><a href=\"http:\/\/www.dakar.com\/dakar\/2015\/es\/piloto\/064.html\">64<\/a><\/td>\n<td>\u00b7\u00a0\u00a0\u00a0\u00a0\u00a0\u00a0\u00a0\u00a0\u00a0\u00a0\u00a0\u00a0\u00a0\u00a0\u00a0\u00a0\u00a0\u00a0\u00a0\u00a0\u00a0\u00a0\u00a0\u00a0 <a href=\"http:\/\/www.dakar.com\/dakar\/2015\/es\/piloto\/064.html\">NIJEN TWILHAAR (NLD)<\/a><\/td>\n<td>KTM<\/td>\n<td>15:19:43<\/td>\n<\/tr>\n<tr>\n<td>93<\/td>\n<td>158<\/td>\n<td>\u00b7\u00a0\u00a0\u00a0\u00a0\u00a0\u00a0\u00a0\u00a0\u00a0\u00a0\u00a0\u00a0\u00a0\u00a0\u00a0\u00a0\u00a0\u00a0\u00a0\u00a0\u00a0\u00a0\u00a0\u00a0 MARTENS (NLD)<\/td>\n<td>KTM<\/td>\n<td>15:20:58<\/td>\n<\/tr>\n<tr>\n<td>94<\/td>\n<td><a href=\"http:\/\/www.dakar.com\/dakar\/2015\/es\/piloto\/132.html\">132<\/a><\/td>\n<td>\u00b7\u00a0\u00a0\u00a0\u00a0\u00a0\u00a0\u00a0\u00a0\u00a0\u00a0\u00a0\u00a0\u00a0\u00a0\u00a0\u00a0\u00a0\u00a0\u00a0\u00a0\u00a0\u00a0\u00a0\u00a0 <a href=\"http:\/\/www.dakar.com\/dakar\/2015\/es\/piloto\/132.html\">VAN HEERTUM (NLD)<\/a><\/td>\n<td>KTM<\/td>\n<td>15:23:16<\/td>\n<\/tr>\n<tr>\n<td>95<\/td>\n<td>153<\/td>\n<td>\u00b7\u00a0\u00a0\u00a0\u00a0\u00a0\u00a0\u00a0\u00a0\u00a0\u00a0\u00a0\u00a0\u00a0\u00a0\u00a0\u00a0\u00a0\u00a0\u00a0\u00a0\u00a0\u00a0\u00a0\u00a0 PETRONE (ARG)<\/td>\n<td>YAMAHA<\/td>\n<td>15:24:47<\/td>\n<\/tr>\n<tr>\n<td>96<\/td>\n<td><a href=\"http:\/\/www.dakar.com\/dakar\/2015\/es\/piloto\/138.html\">138<\/a><\/td>\n<td>\u00b7\u00a0\u00a0\u00a0\u00a0\u00a0\u00a0\u00a0\u00a0\u00a0\u00a0\u00a0\u00a0\u00a0\u00a0\u00a0\u00a0\u00a0\u00a0\u00a0\u00a0\u00a0\u00a0\u00a0\u00a0 <a href=\"http:\/\/www.dakar.com\/dakar\/2015\/es\/piloto\/138.html\">SCHELLEKENS (NLD)<\/a><\/td>\n<td>KTM<\/td>\n<td>15:26:08<\/td>\n<\/tr>\n<tr>\n<td>97<\/td>\n<td>83<\/td>\n<td>\u00b7\u00a0\u00a0\u00a0\u00a0\u00a0\u00a0\u00a0\u00a0\u00a0\u00a0\u00a0\u00a0\u00a0\u00a0\u00a0\u00a0\u00a0\u00a0\u00a0\u00a0\u00a0\u00a0\u00a0\u00a0 DAMDINKHORLOO (MNG)<\/td>\n<td>KTM<\/td>\n<td>15:27:03<\/td>\n<\/tr>\n<tr>\n<td>98<\/td>\n<td><a href=\"http:\/\/www.dakar.com\/dakar\/2015\/es\/piloto\/056.html\">56<\/a><\/td>\n<td>\u00b7\u00a0\u00a0\u00a0\u00a0\u00a0\u00a0\u00a0\u00a0\u00a0\u00a0\u00a0\u00a0\u00a0\u00a0\u00a0\u00a0\u00a0\u00a0\u00a0\u00a0\u00a0\u00a0\u00a0\u00a0 <a href=\"http:\/\/www.dakar.com\/dakar\/2015\/es\/piloto\/056.html\">MENARD (FRA)<\/a><\/td>\n<td>KTM<\/td>\n<td>15:27:48<\/td>\n<\/tr>\n<tr>\n<td>99<\/td>\n<td><a href=\"http:\/\/www.dakar.com\/dakar\/2015\/es\/piloto\/152.html\">152<\/a><\/td>\n<td>\u00b7\u00a0\u00a0\u00a0\u00a0\u00a0\u00a0\u00a0\u00a0\u00a0\u00a0\u00a0\u00a0\u00a0\u00a0\u00a0\u00a0\u00a0\u00a0\u00a0\u00a0\u00a0\u00a0\u00a0\u00a0 <a href=\"http:\/\/www.dakar.com\/dakar\/2015\/es\/piloto\/152.html\">GAJDOSECH (ARG)<\/a><\/td>\n<td>YAMAHA<\/td>\n<td>15:40:27<\/td>\n<\/tr>\n<tr>\n<td>101<\/td>\n<td>139<\/td>\n<td>\u00b7\u00a0\u00a0\u00a0\u00a0\u00a0\u00a0\u00a0\u00a0\u00a0\u00a0\u00a0\u00a0\u00a0\u00a0\u00a0\u00a0\u00a0\u00a0\u00a0\u00a0\u00a0\u00a0\u00a0\u00a0 VAN BERGEIJK (NLD)<\/td>\n<td>HUSABERG<\/td>\n<td>15:40:30<\/td>\n<\/tr>\n<tr>\n<td>102<\/td>\n<td><a href=\"http:\/\/www.dakar.com\/dakar\/2015\/es\/piloto\/154.html\">154<\/a><\/td>\n<td>\u00b7\u00a0\u00a0\u00a0\u00a0\u00a0\u00a0\u00a0\u00a0\u00a0\u00a0\u00a0\u00a0\u00a0\u00a0\u00a0\u00a0\u00a0\u00a0\u00a0\u00a0\u00a0\u00a0\u00a0\u00a0 <a href=\"http:\/\/www.dakar.com\/dakar\/2015\/es\/piloto\/154.html\">PEDROLA (ESP)<\/a><\/td>\n<td>YAMAHA<\/td>\n<td>15:43:08<\/td>\n<\/tr>\n<tr>\n<td>103<\/td>\n<td><a href=\"http:\/\/www.dakar.com\/dakar\/2015\/es\/piloto\/096.html\">96<\/a><\/td>\n<td>\u00b7\u00a0\u00a0\u00a0\u00a0\u00a0\u00a0\u00a0\u00a0\u00a0\u00a0\u00a0\u00a0\u00a0\u00a0\u00a0\u00a0\u00a0\u00a0\u00a0\u00a0\u00a0\u00a0\u00a0\u00a0 <a href=\"http:\/\/www.dakar.com\/dakar\/2015\/es\/piloto\/096.html\">ROMERO FONT (ESP)<\/a><\/td>\n<td>KTM<\/td>\n<td>15:51:44<\/td>\n<\/tr>\n<tr>\n<td>104<\/td>\n<td>97<\/td>\n<td>\u00b7\u00a0\u00a0\u00a0\u00a0\u00a0\u00a0\u00a0\u00a0\u00a0\u00a0\u00a0\u00a0\u00a0\u00a0\u00a0\u00a0\u00a0\u00a0\u00a0\u00a0\u00a0\u00a0\u00a0\u00a0 GIMENO GARC\u00cdA (ESP)<\/td>\n<td>KTM<\/td>\n<td>15:57:20<\/td>\n<\/tr>\n<tr>\n<td>105<\/td>\n<td><a href=\"http:\/\/www.dakar.com\/dakar\/2015\/es\/piloto\/150.html\">150<\/a><\/td>\n<td>\u00b7\u00a0\u00a0\u00a0\u00a0\u00a0\u00a0\u00a0\u00a0\u00a0\u00a0\u00a0\u00a0\u00a0\u00a0\u00a0\u00a0\u00a0\u00a0\u00a0\u00a0\u00a0\u00a0\u00a0\u00a0 <a href=\"http:\/\/www.dakar.com\/dakar\/2015\/es\/piloto\/150.html\">CASUCCIO (ITA)<\/a><\/td>\n<td>GASGAS<\/td>\n<td>16:06:31<\/td>\n<\/tr>\n<tr>\n<td>106<\/td>\n<td><a href=\"http:\/\/www.dakar.com\/dakar\/2015\/es\/piloto\/133.html\">133<\/a><\/td>\n<td>\u00b7\u00a0\u00a0\u00a0\u00a0\u00a0\u00a0\u00a0\u00a0\u00a0\u00a0\u00a0\u00a0\u00a0\u00a0\u00a0\u00a0\u00a0\u00a0\u00a0\u00a0\u00a0\u00a0\u00a0\u00a0 <a href=\"http:\/\/www.dakar.com\/dakar\/2015\/es\/piloto\/133.html\">DOMENACH (FRA)<\/a><\/td>\n<td>KTM<\/td>\n<td>16:12:52<\/td>\n<\/tr>\n<tr>\n<td>107<\/td>\n<td><a href=\"http:\/\/www.dakar.com\/dakar\/2015\/es\/piloto\/127.html\">127<\/a><\/td>\n<td>\u00b7\u00a0\u00a0\u00a0\u00a0\u00a0\u00a0\u00a0\u00a0\u00a0\u00a0\u00a0\u00a0\u00a0\u00a0\u00a0\u00a0\u00a0\u00a0\u00a0\u00a0\u00a0\u00a0\u00a0\u00a0 <a href=\"http:\/\/www.dakar.com\/dakar\/2015\/es\/piloto\/127.html\">FERNANDEZ (ESP)<\/a><\/td>\n<td>KTM<\/td>\n<td>16:19:22<\/td>\n<\/tr>\n<tr>\n<td>108<\/td>\n<td><a href=\"http:\/\/www.dakar.com\/dakar\/2015\/es\/piloto\/128.html\">128<\/a><\/td>\n<td>\u00b7\u00a0\u00a0\u00a0\u00a0\u00a0\u00a0\u00a0\u00a0\u00a0\u00a0\u00a0\u00a0\u00a0\u00a0\u00a0\u00a0\u00a0\u00a0\u00a0\u00a0\u00a0\u00a0\u00a0\u00a0 <a href=\"http:\/\/www.dakar.com\/dakar\/2015\/es\/piloto\/128.html\">FERNANDEZ MENDEZ (ESP)<\/a><\/td>\n<td>KTM<\/td>\n<td>16:19:23<\/td>\n<\/tr>\n<tr>\n<td>109<\/td>\n<td>107<\/td>\n<td>\u00b7\u00a0\u00a0\u00a0\u00a0\u00a0\u00a0\u00a0\u00a0\u00a0\u00a0\u00a0\u00a0\u00a0\u00a0\u00a0\u00a0\u00a0\u00a0\u00a0\u00a0\u00a0\u00a0\u00a0\u00a0 TOIA (ITA)<\/td>\n<td>KTM<\/td>\n<td>16:19:40<\/td>\n<\/tr>\n<tr>\n<td>110<\/td>\n<td><a href=\"http:\/\/www.dakar.com\/dakar\/2015\/es\/piloto\/086.html\">86<\/a><\/td>\n<td>\u00b7\u00a0\u00a0\u00a0\u00a0\u00a0\u00a0\u00a0\u00a0\u00a0\u00a0\u00a0\u00a0\u00a0\u00a0\u00a0\u00a0\u00a0\u00a0\u00a0\u00a0\u00a0\u00a0\u00a0\u00a0 <a href=\"http:\/\/www.dakar.com\/dakar\/2015\/es\/piloto\/086.html\">GRACIDA GARZA (MEX)<\/a><\/td>\n<td>KTM<\/td>\n<td>16:29:10<\/td>\n<\/tr>\n<tr>\n<td>111<\/td>\n<td><a href=\"http:\/\/www.dakar.com\/dakar\/2015\/es\/piloto\/167.html\">167<\/a><\/td>\n<td>\u00b7\u00a0\u00a0\u00a0\u00a0\u00a0\u00a0\u00a0\u00a0\u00a0\u00a0\u00a0\u00a0\u00a0\u00a0\u00a0\u00a0\u00a0\u00a0\u00a0\u00a0\u00a0\u00a0\u00a0\u00a0 <a href=\"http:\/\/www.dakar.com\/dakar\/2015\/es\/piloto\/167.html\">RIEZEBOS (NLD)<\/a><\/td>\n<td>KTM<\/td>\n<td>16:30:39<\/td>\n<\/tr>\n<tr>\n<td>112<\/td>\n<td><a href=\"http:\/\/www.dakar.com\/dakar\/2015\/es\/piloto\/135.html\">135<\/a><\/td>\n<td>\u00b7\u00a0\u00a0\u00a0\u00a0\u00a0\u00a0\u00a0\u00a0\u00a0\u00a0\u00a0\u00a0\u00a0\u00a0\u00a0\u00a0\u00a0\u00a0\u00a0\u00a0\u00a0\u00a0\u00a0\u00a0 <a href=\"http:\/\/www.dakar.com\/dakar\/2015\/es\/piloto\/135.html\">VAN DAELE (NLD)<\/a><\/td>\n<td>HONDA<\/td>\n<td>16:30:45<\/td>\n<\/tr>\n<tr>\n<td>113<\/td>\n<td><a href=\"http:\/\/www.dakar.com\/dakar\/2015\/es\/piloto\/095.html\">95<\/a><\/td>\n<td>\u00b7\u00a0\u00a0\u00a0\u00a0\u00a0\u00a0\u00a0\u00a0\u00a0\u00a0\u00a0\u00a0\u00a0\u00a0\u00a0\u00a0\u00a0\u00a0\u00a0\u00a0\u00a0\u00a0\u00a0\u00a0 <a href=\"http:\/\/www.dakar.com\/dakar\/2015\/es\/piloto\/095.html\">VELLUTINO (PER)<\/a><\/td>\n<td>KTM<\/td>\n<td>16:31:11<\/td>\n<\/tr>\n<tr>\n<td>114<\/td>\n<td>111<\/td>\n<td>\u00b7\u00a0\u00a0\u00a0\u00a0\u00a0\u00a0\u00a0\u00a0\u00a0\u00a0\u00a0\u00a0\u00a0\u00a0\u00a0\u00a0\u00a0\u00a0\u00a0\u00a0\u00a0\u00a0\u00a0\u00a0 CUYPERS (FRA)<\/td>\n<td>KTM<\/td>\n<td>16:36:02<\/td>\n<\/tr>\n<tr>\n<td>115<\/td>\n<td><a href=\"http:\/\/www.dakar.com\/dakar\/2015\/es\/piloto\/149.html\">149<\/a><\/td>\n<td>\u00b7\u00a0\u00a0\u00a0\u00a0\u00a0\u00a0\u00a0\u00a0\u00a0\u00a0\u00a0\u00a0\u00a0\u00a0\u00a0\u00a0\u00a0\u00a0\u00a0\u00a0\u00a0\u00a0\u00a0\u00a0 <a href=\"http:\/\/www.dakar.com\/dakar\/2015\/es\/piloto\/149.html\">BERGLUND (SWE)<\/a><\/td>\n<td>HUSABERG<\/td>\n<td>16:37:14<\/td>\n<\/tr>\n<tr>\n<td>116<\/td>\n<td><a href=\"http:\/\/www.dakar.com\/dakar\/2015\/es\/piloto\/118.html\">118<\/a><\/td>\n<td>\u00b7\u00a0\u00a0\u00a0\u00a0\u00a0\u00a0\u00a0\u00a0\u00a0\u00a0\u00a0\u00a0\u00a0\u00a0\u00a0\u00a0\u00a0\u00a0\u00a0\u00a0\u00a0\u00a0\u00a0\u00a0 <a href=\"http:\/\/www.dakar.com\/dakar\/2015\/es\/piloto\/118.html\">AMESPIL (ARG)<\/a><\/td>\n<td>YAMAHA<\/td>\n<td>16:39:01<\/td>\n<\/tr>\n<tr>\n<td>117<\/td>\n<td><a href=\"http:\/\/www.dakar.com\/dakar\/2015\/es\/piloto\/091.html\">91<\/a><\/td>\n<td>\u00b7\u00a0\u00a0\u00a0\u00a0\u00a0\u00a0\u00a0\u00a0\u00a0\u00a0\u00a0\u00a0\u00a0\u00a0\u00a0\u00a0\u00a0\u00a0\u00a0\u00a0\u00a0\u00a0\u00a0\u00a0 <a href=\"http:\/\/www.dakar.com\/dakar\/2015\/es\/piloto\/091.html\">HEILENKOTTER (CHL)<\/a><\/td>\n<td>HUQSVARNA<\/td>\n<td>16:45:10<\/td>\n<\/tr>\n<tr>\n<td>118<\/td>\n<td><a href=\"http:\/\/www.dakar.com\/dakar\/2015\/es\/piloto\/105.html\">105<\/a><\/td>\n<td>\u00b7\u00a0\u00a0\u00a0\u00a0\u00a0\u00a0\u00a0\u00a0\u00a0\u00a0\u00a0\u00a0\u00a0\u00a0\u00a0\u00a0\u00a0\u00a0\u00a0\u00a0\u00a0\u00a0\u00a0\u00a0 <a href=\"http:\/\/www.dakar.com\/dakar\/2015\/es\/piloto\/105.html\">CATANESE (ITA)<\/a><\/td>\n<td>YAMAHA<\/td>\n<td>16:48:13<\/td>\n<\/tr>\n<tr>\n<td>119<\/td>\n<td><a href=\"http:\/\/www.dakar.com\/dakar\/2015\/es\/piloto\/148.html\">148<\/a><\/td>\n<td>\u00b7\u00a0\u00a0\u00a0\u00a0\u00a0\u00a0\u00a0\u00a0\u00a0\u00a0\u00a0\u00a0\u00a0\u00a0\u00a0\u00a0\u00a0\u00a0\u00a0\u00a0\u00a0\u00a0\u00a0\u00a0 <a href=\"http:\/\/www.dakar.com\/dakar\/2015\/es\/piloto\/148.html\">BERGLUND (SWE)<\/a><\/td>\n<td>KTM<\/td>\n<td>17:03:17<\/td>\n<\/tr>\n<tr>\n<td>120<\/td>\n<td><a href=\"http:\/\/www.dakar.com\/dakar\/2015\/es\/piloto\/134.html\">134<\/a><\/td>\n<td>\u00b7\u00a0\u00a0\u00a0\u00a0\u00a0\u00a0\u00a0\u00a0\u00a0\u00a0\u00a0\u00a0\u00a0\u00a0\u00a0\u00a0\u00a0\u00a0\u00a0\u00a0\u00a0\u00a0\u00a0\u00a0 <a href=\"http:\/\/www.dakar.com\/dakar\/2015\/es\/piloto\/134.html\">JACOBSEN (AUS)<\/a><\/td>\n<td>KTM<\/td>\n<td>17:15:38<\/td>\n<\/tr>\n<tr>\n<td>121<\/td>\n<td><a href=\"http:\/\/www.dakar.com\/dakar\/2015\/es\/piloto\/108.html\">108<\/a><\/td>\n<td>\u00b7\u00a0\u00a0\u00a0\u00a0\u00a0\u00a0\u00a0\u00a0\u00a0\u00a0\u00a0\u00a0\u00a0\u00a0\u00a0\u00a0\u00a0\u00a0\u00a0\u00a0\u00a0\u00a0\u00a0\u00a0 <a href=\"http:\/\/www.dakar.com\/dakar\/2015\/es\/piloto\/108.html\">MONIER (FRA)<\/a><\/td>\n<td>KTM<\/td>\n<td>17:25:06<\/td>\n<\/tr>\n<tr>\n<td>122<\/td>\n<td><a href=\"http:\/\/www.dakar.com\/dakar\/2015\/es\/piloto\/104.html\">104<\/a><\/td>\n<td>\u00b7\u00a0\u00a0\u00a0\u00a0\u00a0\u00a0\u00a0\u00a0\u00a0\u00a0\u00a0\u00a0\u00a0\u00a0\u00a0\u00a0\u00a0\u00a0\u00a0\u00a0\u00a0\u00a0\u00a0\u00a0 <a href=\"http:\/\/www.dakar.com\/dakar\/2015\/es\/piloto\/104.html\">CORK (GBR)<\/a><\/td>\n<td>HUSQVARNA<\/td>\n<td>17:29:54<\/td>\n<\/tr>\n<tr>\n<td>123<\/td>\n<td><a href=\"http:\/\/www.dakar.com\/dakar\/2015\/es\/piloto\/099.html\">99<\/a><\/td>\n<td>\u00b7\u00a0\u00a0\u00a0\u00a0\u00a0\u00a0\u00a0\u00a0\u00a0\u00a0\u00a0\u00a0\u00a0\u00a0\u00a0\u00a0\u00a0\u00a0\u00a0\u00a0\u00a0\u00a0\u00a0\u00a0 <a href=\"http:\/\/www.dakar.com\/dakar\/2015\/es\/piloto\/099.html\">CHERPIN (FRA)<\/a><\/td>\n<td>KTM<\/td>\n<td>17:36:14<\/td>\n<\/tr>\n<tr>\n<td>124<\/td>\n<td><a href=\"http:\/\/www.dakar.com\/dakar\/2015\/es\/piloto\/145.html\">145<\/a><\/td>\n<td>\u00b7\u00a0\u00a0\u00a0\u00a0\u00a0\u00a0\u00a0\u00a0\u00a0\u00a0\u00a0\u00a0\u00a0\u00a0\u00a0\u00a0\u00a0\u00a0\u00a0\u00a0\u00a0\u00a0\u00a0\u00a0 <a href=\"http:\/\/www.dakar.com\/dakar\/2015\/es\/piloto\/145.html\">GARCIA (ESP)<\/a><\/td>\n<td>YAMAHA<\/td>\n<td>17:36:49<\/td>\n<\/tr>\n<tr>\n<td>125<\/td>\n<td><a href=\"http:\/\/www.dakar.com\/dakar\/2015\/es\/piloto\/141.html\">141<\/a><\/td>\n<td>\u00b7\u00a0\u00a0\u00a0\u00a0\u00a0\u00a0\u00a0\u00a0\u00a0\u00a0\u00a0\u00a0\u00a0\u00a0\u00a0\u00a0\u00a0\u00a0\u00a0\u00a0\u00a0\u00a0\u00a0\u00a0 <a href=\"http:\/\/www.dakar.com\/dakar\/2015\/es\/piloto\/141.html\">KLOMP (NLD)<\/a><\/td>\n<td>HONDA<\/td>\n<td>17:37:51<\/td>\n<\/tr>\n<tr>\n<td>126<\/td>\n<td><a href=\"http:\/\/www.dakar.com\/dakar\/2015\/es\/piloto\/155.html\">155<\/a><\/td>\n<td>\u00b7\u00a0\u00a0\u00a0\u00a0\u00a0\u00a0\u00a0\u00a0\u00a0\u00a0\u00a0\u00a0\u00a0\u00a0\u00a0\u00a0\u00a0\u00a0\u00a0\u00a0\u00a0\u00a0\u00a0\u00a0 <a href=\"http:\/\/www.dakar.com\/dakar\/2015\/es\/piloto\/155.html\">SUAREZ ZAPATA (ARG)<\/a><\/td>\n<td>KAWASAKI<\/td>\n<td>17:49:57<\/td>\n<\/tr>\n<tr>\n<td>127<\/td>\n<td>121<\/td>\n<td>\u00b7\u00a0\u00a0\u00a0\u00a0\u00a0\u00a0\u00a0\u00a0\u00a0\u00a0\u00a0\u00a0\u00a0\u00a0\u00a0\u00a0\u00a0\u00a0\u00a0\u00a0\u00a0\u00a0\u00a0\u00a0 SENNVANBASEL (NLD)<\/td>\n<td>KTM<\/td>\n<td>17:52:22<\/td>\n<\/tr>\n<tr>\n<td>128<\/td>\n<td><a href=\"http:\/\/www.dakar.com\/dakar\/2015\/es\/piloto\/102.html\">102<\/a><\/td>\n<td>\u00b7\u00a0\u00a0\u00a0\u00a0\u00a0\u00a0\u00a0\u00a0\u00a0\u00a0\u00a0\u00a0\u00a0\u00a0\u00a0\u00a0\u00a0\u00a0\u00a0\u00a0\u00a0\u00a0\u00a0\u00a0 <a href=\"http:\/\/www.dakar.com\/dakar\/2015\/es\/piloto\/102.html\">URQUIA (ARG)<\/a><\/td>\n<td>YAMAHA<\/td>\n<td>17:55:02<\/td>\n<\/tr>\n<tr>\n<td>129<\/td>\n<td><a href=\"http:\/\/www.dakar.com\/dakar\/2015\/es\/piloto\/136.html\">136<\/a><\/td>\n<td>\u00b7\u00a0\u00a0\u00a0\u00a0\u00a0\u00a0\u00a0\u00a0\u00a0\u00a0\u00a0\u00a0\u00a0\u00a0\u00a0\u00a0\u00a0\u00a0\u00a0\u00a0\u00a0\u00a0\u00a0\u00a0 <a href=\"http:\/\/www.dakar.com\/dakar\/2015\/es\/piloto\/136.html\">PENALVA (ARG)<\/a><\/td>\n<td>YAMAHA<\/td>\n<td>18:16:30<\/td>\n<\/tr>\n<tr>\n<td>130<\/td>\n<td><a href=\"http:\/\/www.dakar.com\/dakar\/2015\/es\/piloto\/117.html\">117<\/a><\/td>\n<td>\u00b7\u00a0\u00a0\u00a0\u00a0\u00a0\u00a0\u00a0\u00a0\u00a0\u00a0\u00a0\u00a0\u00a0\u00a0\u00a0\u00a0\u00a0\u00a0\u00a0\u00a0\u00a0\u00a0\u00a0\u00a0 <a href=\"http:\/\/www.dakar.com\/dakar\/2015\/es\/piloto\/117.html\">CHINBATAAR (MNG)<\/a><\/td>\n<td>KTM<\/td>\n<td>18:18:19<\/td>\n<\/tr>\n<tr>\n<td>131<\/td>\n<td><a href=\"http:\/\/www.dakar.com\/dakar\/2015\/es\/piloto\/131.html\">131<\/a><\/td>\n<td>\u00b7\u00a0\u00a0\u00a0\u00a0\u00a0\u00a0\u00a0\u00a0\u00a0\u00a0\u00a0\u00a0\u00a0\u00a0\u00a0\u00a0\u00a0\u00a0\u00a0\u00a0\u00a0\u00a0\u00a0\u00a0 <a href=\"http:\/\/www.dakar.com\/dakar\/2015\/es\/piloto\/131.html\">BEKTAS (TUR)<\/a><\/td>\n<td>KTM<\/td>\n<td>18:29:50<\/td>\n<\/tr>\n<tr>\n<td>132<\/td>\n<td><a href=\"http:\/\/www.dakar.com\/dakar\/2015\/es\/piloto\/162.html\">162<\/a><\/td>\n<td>\u00b7\u00a0\u00a0\u00a0\u00a0\u00a0\u00a0\u00a0\u00a0\u00a0\u00a0\u00a0\u00a0\u00a0\u00a0\u00a0\u00a0\u00a0\u00a0\u00a0\u00a0\u00a0\u00a0\u00a0\u00a0 <a href=\"http:\/\/www.dakar.com\/dakar\/2015\/es\/piloto\/162.html\">MARTINELLI (ARG)<\/a><\/td>\n<td>KAWASAKI<\/td>\n<td>18:41:22<\/td>\n<\/tr>\n<tr>\n<td>133<\/td>\n<td>164<\/td>\n<td>\u00b7\u00a0\u00a0\u00a0\u00a0\u00a0\u00a0\u00a0\u00a0\u00a0\u00a0\u00a0\u00a0\u00a0\u00a0\u00a0\u00a0\u00a0\u00a0\u00a0\u00a0\u00a0\u00a0\u00a0\u00a0 NARINO (USA)<\/td>\n<td>HUSQVARNA<\/td>\n<td>18:46:43<\/td>\n<\/tr>\n<tr>\n<td>134<\/td>\n<td><a href=\"http:\/\/www.dakar.com\/dakar\/2015\/es\/piloto\/124.html\">124<\/a><\/td>\n<td>\u00b7\u00a0\u00a0\u00a0\u00a0\u00a0\u00a0\u00a0\u00a0\u00a0\u00a0\u00a0\u00a0\u00a0\u00a0\u00a0\u00a0\u00a0\u00a0\u00a0\u00a0\u00a0\u00a0\u00a0\u00a0 <a href=\"http:\/\/www.dakar.com\/dakar\/2015\/es\/piloto\/124.html\">REYNAUD (FRA)<\/a><\/td>\n<td>HONDA<\/td>\n<td>19:02:22<\/td>\n<\/tr>\n<tr>\n<td>135<\/td>\n<td><a href=\"http:\/\/www.dakar.com\/dakar\/2015\/es\/piloto\/166.html\">166<\/a><\/td>\n<td>\u00b7\u00a0\u00a0\u00a0\u00a0\u00a0\u00a0\u00a0\u00a0\u00a0\u00a0\u00a0\u00a0\u00a0\u00a0\u00a0\u00a0\u00a0\u00a0\u00a0\u00a0\u00a0\u00a0\u00a0\u00a0 <a href=\"http:\/\/www.dakar.com\/dakar\/2015\/es\/piloto\/166.html\">OZKAPLAN (TUR)<\/a><\/td>\n<td>KTM<\/td>\n<td>19:15:27<\/td>\n<\/tr>\n<tr>\n<td>136<\/td>\n<td><a href=\"http:\/\/www.dakar.com\/dakar\/2015\/es\/piloto\/123.html\">123<\/a><\/td>\n<td>\u00b7\u00a0\u00a0\u00a0\u00a0\u00a0\u00a0\u00a0\u00a0\u00a0\u00a0\u00a0\u00a0\u00a0\u00a0\u00a0\u00a0\u00a0\u00a0\u00a0\u00a0\u00a0\u00a0\u00a0\u00a0 <a href=\"http:\/\/www.dakar.com\/dakar\/2015\/es\/piloto\/123.html\">DELAUNAY (FRA)<\/a><\/td>\n<td>HONDA<\/td>\n<td>19:16:50<\/td>\n<\/tr>\n<tr>\n<td>137<\/td>\n<td><a href=\"http:\/\/www.dakar.com\/dakar\/2015\/es\/piloto\/092.html\">92<\/a><\/td>\n<td>\u00b7\u00a0\u00a0\u00a0\u00a0\u00a0\u00a0\u00a0\u00a0\u00a0\u00a0\u00a0\u00a0\u00a0\u00a0\u00a0\u00a0\u00a0\u00a0\u00a0\u00a0\u00a0\u00a0\u00a0\u00a0 <a href=\"http:\/\/www.dakar.com\/dakar\/2015\/es\/piloto\/092.html\">TORO (COL)<\/a><\/td>\n<td>KAWASAKI<\/td>\n<td>20:32:25<\/td>\n<\/tr>\n<tr>\n<td>138<\/td>\n<td><a href=\"http:\/\/www.dakar.com\/dakar\/2015\/es\/piloto\/140.html\">140<\/a><\/td>\n<td>\u00b7\u00a0\u00a0\u00a0\u00a0\u00a0\u00a0\u00a0\u00a0\u00a0\u00a0\u00a0\u00a0\u00a0\u00a0\u00a0\u00a0\u00a0\u00a0\u00a0\u00a0\u00a0\u00a0\u00a0\u00a0 <a href=\"http:\/\/www.dakar.com\/dakar\/2015\/es\/piloto\/140.html\">GOTTVALD (CZE)<\/a><\/td>\n<td>HUSQVARNA<\/td>\n<td>20:47:07<\/td>\n<\/tr>\n<tr>\n<td>139<\/td>\n<td><a href=\"http:\/\/www.dakar.com\/dakar\/2015\/es\/piloto\/093.html\">93<\/a><\/td>\n<td>\u00b7\u00a0\u00a0\u00a0\u00a0\u00a0\u00a0\u00a0\u00a0\u00a0\u00a0\u00a0\u00a0\u00a0\u00a0\u00a0\u00a0\u00a0\u00a0\u00a0\u00a0\u00a0\u00a0\u00a0\u00a0 <a href=\"http:\/\/www.dakar.com\/dakar\/2015\/es\/piloto\/093.html\">MILLET (FRA)<\/a><\/td>\n<td>KTM<\/td>\n<td>24:47:26<\/td>\n<\/tr>\n<tr>\n<td>140<\/td>\n<td><a href=\"http:\/\/www.dakar.com\/dakar\/2015\/es\/piloto\/143.html\">143<\/a><\/td>\n<td>\u00b7\u00a0\u00a0\u00a0\u00a0\u00a0\u00a0\u00a0\u00a0\u00a0\u00a0\u00a0\u00a0\u00a0\u00a0\u00a0\u00a0\u00a0\u00a0\u00a0\u00a0\u00a0\u00a0\u00a0\u00a0 <a href=\"http:\/\/www.dakar.com\/dakar\/2015\/es\/piloto\/143.html\">BOSMAN (ZAF)<\/a><\/td>\n<td>KTM<\/td>\n<td>28:56:28<\/td>\n<\/tr>\n<\/tbody>\n<\/table>\n<p><strong>\u00a0<\/strong><\/p>\n<p><strong>\u00a0<\/strong><\/p>\n<p><strong>CUATRIS:<\/strong><\/p>\n<p><strong>\u00a0<\/strong><\/p>\n<table width=\"470\">\n<tbody>\n<tr>\n<td><strong>Pos.<\/strong><\/td>\n<td>N\u00b0<\/td>\n<td>Nombre<\/td>\n<td>Marca<\/td>\n<td>Tiempo<\/td>\n<\/tr>\n<tr>\n<td>1<\/td>\n<td><a href=\"http:\/\/www.dakar.com\/dakar\/2015\/es\/piloto\/252.html\">252<\/a><\/td>\n<td>\u00b7\u00a0\u00a0\u00a0\u00a0\u00a0\u00a0\u00a0\u00a0\u00a0\u00a0\u00a0\u00a0\u00a0\u00a0\u00a0\u00a0\u00a0\u00a0\u00a0\u00a0\u00a0\u00a0\u00a0\u00a0 <a href=\"http:\/\/www.dakar.com\/dakar\/2015\/es\/piloto\/252.html\">LAFUENTE (URY)<\/a><\/td>\n<td>YAMAHA<\/td>\n<td>11:43:15<\/td>\n<\/tr>\n<tr>\n<td>2<\/td>\n<td><a href=\"http:\/\/www.dakar.com\/dakar\/2015\/es\/piloto\/255.html\">255<\/a><\/td>\n<td>\u00b7\u00a0\u00a0\u00a0\u00a0\u00a0\u00a0\u00a0\u00a0\u00a0\u00a0\u00a0\u00a0\u00a0\u00a0\u00a0\u00a0\u00a0\u00a0\u00a0\u00a0\u00a0\u00a0\u00a0\u00a0 <a href=\"http:\/\/www.dakar.com\/dakar\/2015\/es\/piloto\/255.html\">HALPERN (ARG)<\/a><\/td>\n<td>YAMAHA<\/td>\n<td>11:50:43<\/td>\n<\/tr>\n<tr>\n<td>3<\/td>\n<td><a href=\"http:\/\/www.dakar.com\/dakar\/2015\/es\/piloto\/251.html\">251<\/a><\/td>\n<td>\u00b7\u00a0\u00a0\u00a0\u00a0\u00a0\u00a0\u00a0\u00a0\u00a0\u00a0\u00a0\u00a0\u00a0\u00a0\u00a0\u00a0\u00a0\u00a0\u00a0\u00a0\u00a0\u00a0\u00a0\u00a0 <a href=\"http:\/\/www.dakar.com\/dakar\/2015\/es\/piloto\/251.html\">SONIK (POL)<\/a><\/td>\n<td>YAMAHA<\/td>\n<td>11:53:20<\/td>\n<\/tr>\n<tr>\n<td>4<\/td>\n<td><a href=\"http:\/\/www.dakar.com\/dakar\/2015\/es\/piloto\/253.html\">253<\/a><\/td>\n<td>\u00b7\u00a0\u00a0\u00a0\u00a0\u00a0\u00a0\u00a0\u00a0\u00a0\u00a0\u00a0\u00a0\u00a0\u00a0\u00a0\u00a0\u00a0\u00a0\u00a0\u00a0\u00a0\u00a0\u00a0\u00a0 <a href=\"http:\/\/www.dakar.com\/dakar\/2015\/es\/piloto\/253.html\">ABU-ISSA (QAT)<\/a><\/td>\n<td>HONDA<\/td>\n<td>11:59:53<\/td>\n<\/tr>\n<tr>\n<td>5<\/td>\n<td><a href=\"http:\/\/www.dakar.com\/dakar\/2015\/es\/piloto\/250.html\">250<\/a><\/td>\n<td>\u00b7\u00a0\u00a0\u00a0\u00a0\u00a0\u00a0\u00a0\u00a0\u00a0\u00a0\u00a0\u00a0\u00a0\u00a0\u00a0\u00a0\u00a0\u00a0\u00a0\u00a0\u00a0\u00a0\u00a0\u00a0 <a href=\"http:\/\/www.dakar.com\/dakar\/2015\/es\/piloto\/250.html\">CASALE (CHL)<\/a><\/td>\n<td>YAMAHA<\/td>\n<td>12:03:26<\/td>\n<\/tr>\n<tr>\n<td>6<\/td>\n<td><a href=\"http:\/\/www.dakar.com\/dakar\/2015\/es\/piloto\/269.html\">269<\/a><\/td>\n<td>\u00b7\u00a0\u00a0\u00a0\u00a0\u00a0\u00a0\u00a0\u00a0\u00a0\u00a0\u00a0\u00a0\u00a0\u00a0\u00a0\u00a0\u00a0\u00a0\u00a0\u00a0\u00a0\u00a0\u00a0\u00a0 <a href=\"http:\/\/www.dakar.com\/dakar\/2015\/es\/piloto\/269.html\">GONZALEZ (ARG)<\/a><\/td>\n<td>YAMAHA<\/td>\n<td>12:05:44<\/td>\n<\/tr>\n<tr>\n<td>7<\/td>\n<td><a href=\"http:\/\/www.dakar.com\/dakar\/2015\/es\/piloto\/256.html\">256<\/a><\/td>\n<td>\u00b7\u00a0\u00a0\u00a0\u00a0\u00a0\u00a0\u00a0\u00a0\u00a0\u00a0\u00a0\u00a0\u00a0\u00a0\u00a0\u00a0\u00a0\u00a0\u00a0\u00a0\u00a0\u00a0\u00a0\u00a0 <a href=\"http:\/\/www.dakar.com\/dakar\/2015\/es\/piloto\/256.html\">SANABRIA GALEANO (PRY)<\/a><\/td>\n<td>YAMAHA<\/td>\n<td>12:20:54<\/td>\n<\/tr>\n<tr>\n<td>8<\/td>\n<td><a href=\"http:\/\/www.dakar.com\/dakar\/2015\/es\/piloto\/262.html\">262<\/a><\/td>\n<td>\u00b7\u00a0\u00a0\u00a0\u00a0\u00a0\u00a0\u00a0\u00a0\u00a0\u00a0\u00a0\u00a0\u00a0\u00a0\u00a0\u00a0\u00a0\u00a0\u00a0\u00a0\u00a0\u00a0\u00a0\u00a0 <a href=\"http:\/\/www.dakar.com\/dakar\/2015\/es\/piloto\/262.html\">KARYAKIN (RUS)<\/a><\/td>\n<td>YAMAHA<\/td>\n<td>12:23:24<\/td>\n<\/tr>\n<tr>\n<td>9<\/td>\n<td><a href=\"http:\/\/www.dakar.com\/dakar\/2015\/es\/piloto\/283.html\">283<\/a><\/td>\n<td>\u00b7\u00a0\u00a0\u00a0\u00a0\u00a0\u00a0\u00a0\u00a0\u00a0\u00a0\u00a0\u00a0\u00a0\u00a0\u00a0\u00a0\u00a0\u00a0\u00a0\u00a0\u00a0\u00a0\u00a0\u00a0 <a href=\"http:\/\/www.dakar.com\/dakar\/2015\/es\/piloto\/283.html\">NOSIGLIA (BOL)<\/a><\/td>\n<td>HONDA<\/td>\n<td>12:27:39<\/td>\n<\/tr>\n<tr>\n<td>10<\/td>\n<td><a href=\"http:\/\/www.dakar.com\/dakar\/2015\/es\/piloto\/272.html\">272<\/a><\/td>\n<td>\u00b7\u00a0\u00a0\u00a0\u00a0\u00a0\u00a0\u00a0\u00a0\u00a0\u00a0\u00a0\u00a0\u00a0\u00a0\u00a0\u00a0\u00a0\u00a0\u00a0\u00a0\u00a0\u00a0\u00a0\u00a0 <a href=\"http:\/\/www.dakar.com\/dakar\/2015\/es\/piloto\/272.html\">COPETTI (ARG)<\/a><\/td>\n<td>YAMAHA<\/td>\n<td>12:28:04<\/td>\n<\/tr>\n<tr>\n<td>11<\/td>\n<td><a href=\"http:\/\/www.dakar.com\/dakar\/2015\/es\/piloto\/274.html\">274<\/a><\/td>\n<td>\u00b7\u00a0\u00a0\u00a0\u00a0\u00a0\u00a0\u00a0\u00a0\u00a0\u00a0\u00a0\u00a0\u00a0\u00a0\u00a0\u00a0\u00a0\u00a0\u00a0\u00a0\u00a0\u00a0\u00a0\u00a0 <a href=\"http:\/\/www.dakar.com\/dakar\/2015\/es\/piloto\/274.html\">KOOLEN (NLD)<\/a><\/td>\n<td>HONDA<\/td>\n<td>12:30:58<\/td>\n<\/tr>\n<tr>\n<td>12<\/td>\n<td><a href=\"http:\/\/www.dakar.com\/dakar\/2015\/es\/piloto\/261.html\">261<\/a><\/td>\n<td>\u00b7\u00a0\u00a0\u00a0\u00a0\u00a0\u00a0\u00a0\u00a0\u00a0\u00a0\u00a0\u00a0\u00a0\u00a0\u00a0\u00a0\u00a0\u00a0\u00a0\u00a0\u00a0\u00a0\u00a0\u00a0 <a href=\"http:\/\/www.dakar.com\/dakar\/2015\/es\/piloto\/261.html\">GONZALEZ FERIOLI (ARG)<\/a><\/td>\n<td>YAMAHA<\/td>\n<td>12:40:38<\/td>\n<\/tr>\n<tr>\n<td>13<\/td>\n<td><a href=\"http:\/\/www.dakar.com\/dakar\/2015\/es\/piloto\/258.html\">258<\/a><\/td>\n<td>\u00b7\u00a0\u00a0\u00a0\u00a0\u00a0\u00a0\u00a0\u00a0\u00a0\u00a0\u00a0\u00a0\u00a0\u00a0\u00a0\u00a0\u00a0\u00a0\u00a0\u00a0\u00a0\u00a0\u00a0\u00a0 <a href=\"http:\/\/www.dakar.com\/dakar\/2015\/es\/piloto\/258.html\">BONETTO (ARG)<\/a><\/td>\n<td>HONDA<\/td>\n<td>12:42:21<\/td>\n<\/tr>\n<tr>\n<td>14<\/td>\n<td><a href=\"http:\/\/www.dakar.com\/dakar\/2015\/es\/piloto\/270.html\">270<\/a><\/td>\n<td>\u00b7\u00a0\u00a0\u00a0\u00a0\u00a0\u00a0\u00a0\u00a0\u00a0\u00a0\u00a0\u00a0\u00a0\u00a0\u00a0\u00a0\u00a0\u00a0\u00a0\u00a0\u00a0\u00a0\u00a0\u00a0 <a href=\"http:\/\/www.dakar.com\/dakar\/2015\/es\/piloto\/270.html\">DOMASZEWSKI (ARG)<\/a><\/td>\n<td>HONDA<\/td>\n<td>12:52:45<\/td>\n<\/tr>\n<tr>\n<td>15<\/td>\n<td><a href=\"http:\/\/www.dakar.com\/dakar\/2015\/es\/piloto\/254.html\">254<\/a><\/td>\n<td>\u00b7\u00a0\u00a0\u00a0\u00a0\u00a0\u00a0\u00a0\u00a0\u00a0\u00a0\u00a0\u00a0\u00a0\u00a0\u00a0\u00a0\u00a0\u00a0\u00a0\u00a0\u00a0\u00a0\u00a0\u00a0 <a href=\"http:\/\/www.dakar.com\/dakar\/2015\/es\/piloto\/254.html\">GALLEGOS LOZIC (CHL)<\/a><\/td>\n<td>HONDA<\/td>\n<td>12:53:53<\/td>\n<\/tr>\n<tr>\n<td>16<\/td>\n<td>277<\/td>\n<td>\u00b7\u00a0\u00a0\u00a0\u00a0\u00a0\u00a0\u00a0\u00a0\u00a0\u00a0\u00a0\u00a0\u00a0\u00a0\u00a0\u00a0\u00a0\u00a0\u00a0\u00a0\u00a0\u00a0\u00a0\u00a0 VINET (CHL)<\/td>\n<td>CAN-AM<\/td>\n<td>12:56:51<\/td>\n<\/tr>\n<tr>\n<td>17<\/td>\n<td><a href=\"http:\/\/www.dakar.com\/dakar\/2015\/es\/piloto\/263.html\">263<\/a><\/td>\n<td>\u00b7\u00a0\u00a0\u00a0\u00a0\u00a0\u00a0\u00a0\u00a0\u00a0\u00a0\u00a0\u00a0\u00a0\u00a0\u00a0\u00a0\u00a0\u00a0\u00a0\u00a0\u00a0\u00a0\u00a0\u00a0 <a href=\"http:\/\/www.dakar.com\/dakar\/2015\/es\/piloto\/263.html\">MAZZUCCO (ARG)<\/a><\/td>\n<td>CAN-AM<\/td>\n<td>13:05:26<\/td>\n<\/tr>\n<tr>\n<td>18<\/td>\n<td><a href=\"http:\/\/www.dakar.com\/dakar\/2015\/es\/piloto\/260.html\">260<\/a><\/td>\n<td>\u00b7\u00a0\u00a0\u00a0\u00a0\u00a0\u00a0\u00a0\u00a0\u00a0\u00a0\u00a0\u00a0\u00a0\u00a0\u00a0\u00a0\u00a0\u00a0\u00a0\u00a0\u00a0\u00a0\u00a0\u00a0 <a href=\"http:\/\/www.dakar.com\/dakar\/2015\/es\/piloto\/260.html\">DECLERCK (FRA)<\/a><\/td>\n<td>YAMAHA<\/td>\n<td>13:09:25<\/td>\n<\/tr>\n<tr>\n<td>19<\/td>\n<td><a href=\"http:\/\/www.dakar.com\/dakar\/2015\/es\/piloto\/265.html\">265<\/a><\/td>\n<td>\u00b7\u00a0\u00a0\u00a0\u00a0\u00a0\u00a0\u00a0\u00a0\u00a0\u00a0\u00a0\u00a0\u00a0\u00a0\u00a0\u00a0\u00a0\u00a0\u00a0\u00a0\u00a0\u00a0\u00a0\u00a0 <a href=\"http:\/\/www.dakar.com\/dakar\/2015\/es\/piloto\/265.html\">HANSEN (ARG)<\/a><\/td>\n<td>HONDA<\/td>\n<td>13:22:14<\/td>\n<\/tr>\n<tr>\n<td>20<\/td>\n<td><a href=\"http:\/\/www.dakar.com\/dakar\/2015\/es\/piloto\/257.html\">257<\/a><\/td>\n<td>\u00b7\u00a0\u00a0\u00a0\u00a0\u00a0\u00a0\u00a0\u00a0\u00a0\u00a0\u00a0\u00a0\u00a0\u00a0\u00a0\u00a0\u00a0\u00a0\u00a0\u00a0\u00a0\u00a0\u00a0\u00a0 <a href=\"http:\/\/www.dakar.com\/dakar\/2015\/es\/piloto\/257.html\">PALMA (CHL)<\/a><\/td>\n<td>CAN-AM<\/td>\n<td>14:42:07<\/td>\n<\/tr>\n<tr>\n<td>21<\/td>\n<td><a href=\"http:\/\/www.dakar.com\/dakar\/2015\/es\/piloto\/286.html\">286<\/a><\/td>\n<td>\u00b7\u00a0\u00a0\u00a0\u00a0\u00a0\u00a0\u00a0\u00a0\u00a0\u00a0\u00a0\u00a0\u00a0\u00a0\u00a0\u00a0\u00a0\u00a0\u00a0\u00a0\u00a0\u00a0\u00a0\u00a0 <a href=\"http:\/\/www.dakar.com\/dakar\/2015\/es\/piloto\/286.html\">SAAIJMAN (ZAF)<\/a><\/td>\n<td>YAMAHA<\/td>\n<td>14:43:34<\/td>\n<\/tr>\n<tr>\n<td>22<\/td>\n<td>268<\/td>\n<td>\u00b7\u00a0\u00a0\u00a0\u00a0\u00a0\u00a0\u00a0\u00a0\u00a0\u00a0\u00a0\u00a0\u00a0\u00a0\u00a0\u00a0\u00a0\u00a0\u00a0\u00a0\u00a0\u00a0\u00a0\u00a0 GIORDANA (ARG)<\/td>\n<td>YAMAHA<\/td>\n<td>15:18:10<\/td>\n<\/tr>\n<tr>\n<td>23<\/td>\n<td>288<\/td>\n<td>\u00b7\u00a0\u00a0\u00a0\u00a0\u00a0\u00a0\u00a0\u00a0\u00a0\u00a0\u00a0\u00a0\u00a0\u00a0\u00a0\u00a0\u00a0\u00a0\u00a0\u00a0\u00a0\u00a0\u00a0\u00a0 THAMAS (FRA)<\/td>\n<td>YAMAHA<\/td>\n<td>15:29:33<\/td>\n<\/tr>\n<tr>\n<td>24<\/td>\n<td><a href=\"http:\/\/www.dakar.com\/dakar\/2015\/es\/piloto\/295.html\">295<\/a><\/td>\n<td>\u00b7\u00a0\u00a0\u00a0\u00a0\u00a0\u00a0\u00a0\u00a0\u00a0\u00a0\u00a0\u00a0\u00a0\u00a0\u00a0\u00a0\u00a0\u00a0\u00a0\u00a0\u00a0\u00a0\u00a0\u00a0 <a href=\"http:\/\/www.dakar.com\/dakar\/2015\/es\/piloto\/295.html\">SUGUITA (BRA)<\/a><\/td>\n<td>CAN-AM<\/td>\n<td>15:46:28<\/td>\n<\/tr>\n<tr>\n<td>25<\/td>\n<td><a href=\"http:\/\/www.dakar.com\/dakar\/2015\/es\/piloto\/259.html\">259<\/a><\/td>\n<td>\u00b7\u00a0\u00a0\u00a0\u00a0\u00a0\u00a0\u00a0\u00a0\u00a0\u00a0\u00a0\u00a0\u00a0\u00a0\u00a0\u00a0\u00a0\u00a0\u00a0\u00a0\u00a0\u00a0\u00a0\u00a0 <a href=\"http:\/\/www.dakar.com\/dakar\/2015\/es\/piloto\/259.html\">LIPAROTI (FRA)<\/a><\/td>\n<td>YAMAHA<\/td>\n<td>16:08:09<\/td>\n<\/tr>\n<tr>\n<td>26<\/td>\n<td><a href=\"http:\/\/www.dakar.com\/dakar\/2015\/es\/piloto\/290.html\">290<\/a><\/td>\n<td>\u00b7\u00a0\u00a0\u00a0\u00a0\u00a0\u00a0\u00a0\u00a0\u00a0\u00a0\u00a0\u00a0\u00a0\u00a0\u00a0\u00a0\u00a0\u00a0\u00a0\u00a0\u00a0\u00a0\u00a0\u00a0 <a href=\"http:\/\/www.dakar.com\/dakar\/2015\/es\/piloto\/290.html\">BUSTAMANTE (ARG)<\/a><\/td>\n<td>CAN-AM<\/td>\n<td>16:37:30<\/td>\n<\/tr>\n<tr>\n<td>27<\/td>\n<td>278<\/td>\n<td>\u00b7\u00a0\u00a0\u00a0\u00a0\u00a0\u00a0\u00a0\u00a0\u00a0\u00a0\u00a0\u00a0\u00a0\u00a0\u00a0\u00a0\u00a0\u00a0\u00a0\u00a0\u00a0\u00a0\u00a0\u00a0 CARIGNANI (ITA)<\/td>\n<td>YAMAHA<\/td>\n<td>16:44:07<\/td>\n<\/tr>\n<tr>\n<td>28<\/td>\n<td><a href=\"http:\/\/www.dakar.com\/dakar\/2015\/es\/piloto\/287.html\">287<\/a><\/td>\n<td>\u00b7\u00a0\u00a0\u00a0\u00a0\u00a0\u00a0\u00a0\u00a0\u00a0\u00a0\u00a0\u00a0\u00a0\u00a0\u00a0\u00a0\u00a0\u00a0\u00a0\u00a0\u00a0\u00a0\u00a0\u00a0 <a href=\"http:\/\/www.dakar.com\/dakar\/2015\/es\/piloto\/287.html\">CAJICA PINTO (COL)<\/a><\/td>\n<td>CAN-AM<\/td>\n<td>17:33:42<\/td>\n<\/tr>\n<tr>\n<td>29<\/td>\n<td><a href=\"http:\/\/www.dakar.com\/dakar\/2015\/es\/piloto\/291.html\">291<\/a><\/td>\n<td>\u00b7\u00a0\u00a0\u00a0\u00a0\u00a0\u00a0\u00a0\u00a0\u00a0\u00a0\u00a0\u00a0\u00a0\u00a0\u00a0\u00a0\u00a0\u00a0\u00a0\u00a0\u00a0\u00a0\u00a0\u00a0 <a href=\"http:\/\/www.dakar.com\/dakar\/2015\/es\/piloto\/291.html\">MITA (BOL)<\/a><\/td>\n<td>YAMAHA<\/td>\n<td>17:39:08<\/td>\n<\/tr>\n<tr>\n<td>30<\/td>\n<td>297<\/td>\n<td>\u00b7\u00a0\u00a0\u00a0\u00a0\u00a0\u00a0\u00a0\u00a0\u00a0\u00a0\u00a0\u00a0\u00a0\u00a0\u00a0\u00a0\u00a0\u00a0\u00a0\u00a0\u00a0\u00a0\u00a0\u00a0 SALAVERRY (PER)<\/td>\n<td>CAN-AM<\/td>\n<td>17:44:36<\/td>\n<\/tr>\n<tr>\n<td>31<\/td>\n<td><a href=\"http:\/\/www.dakar.com\/dakar\/2015\/es\/piloto\/293.html\">293<\/a><\/td>\n<td>\u00b7\u00a0\u00a0\u00a0\u00a0\u00a0\u00a0\u00a0\u00a0\u00a0\u00a0\u00a0\u00a0\u00a0\u00a0\u00a0\u00a0\u00a0\u00a0\u00a0\u00a0\u00a0\u00a0\u00a0\u00a0 <a href=\"http:\/\/www.dakar.com\/dakar\/2015\/es\/piloto\/293.html\">BAYER (ARG)<\/a><\/td>\n<td>YAMAHA<\/td>\n<td>18:06:12<\/td>\n<\/tr>\n<tr>\n<td>32<\/td>\n<td><a href=\"http:\/\/www.dakar.com\/dakar\/2015\/es\/piloto\/285.html\">285<\/a><\/td>\n<td>\u00b7\u00a0\u00a0\u00a0\u00a0\u00a0\u00a0\u00a0\u00a0\u00a0\u00a0\u00a0\u00a0\u00a0\u00a0\u00a0\u00a0\u00a0\u00a0\u00a0\u00a0\u00a0\u00a0\u00a0\u00a0 <a href=\"http:\/\/www.dakar.com\/dakar\/2015\/es\/piloto\/285.html\">FERNANDEZ DIEGO (URY)<\/a><\/td>\n<td>CAN-AM<\/td>\n<td>18:07:23<\/td>\n<\/tr>\n<tr>\n<td>33<\/td>\n<td>281<\/td>\n<td>\u00b7\u00a0\u00a0\u00a0\u00a0\u00a0\u00a0\u00a0\u00a0\u00a0\u00a0\u00a0\u00a0\u00a0\u00a0\u00a0\u00a0\u00a0\u00a0\u00a0\u00a0\u00a0\u00a0\u00a0\u00a0 VERZA (ARG)<\/td>\n<td>YAMAHA<\/td>\n<td>18:38:05<\/td>\n<\/tr>\n<tr>\n<td>34<\/td>\n<td><a href=\"http:\/\/www.dakar.com\/dakar\/2015\/es\/piloto\/299.html\">299<\/a><\/td>\n<td>\u00b7\u00a0\u00a0\u00a0\u00a0\u00a0\u00a0\u00a0\u00a0\u00a0\u00a0\u00a0\u00a0\u00a0\u00a0\u00a0\u00a0\u00a0\u00a0\u00a0\u00a0\u00a0\u00a0\u00a0\u00a0 <a href=\"http:\/\/www.dakar.com\/dakar\/2015\/es\/piloto\/299.html\">GALVEZ (CHL)<\/a><\/td>\n<td>CAN-AM<\/td>\n<td>19:10:35<\/td>\n<\/tr>\n<tr>\n<td>35<\/td>\n<td><a href=\"http:\/\/www.dakar.com\/dakar\/2015\/es\/piloto\/279.html\">279<\/a><\/td>\n<td>\u00b7\u00a0\u00a0\u00a0\u00a0\u00a0\u00a0\u00a0\u00a0\u00a0\u00a0\u00a0\u00a0\u00a0\u00a0\u00a0\u00a0\u00a0\u00a0\u00a0\u00a0\u00a0\u00a0\u00a0\u00a0 <a href=\"http:\/\/www.dakar.com\/dakar\/2015\/es\/piloto\/279.html\">INNOCENTE (ARG)<\/a><\/td>\n<td>CAN-AM<\/td>\n<td>19:41:55<\/td>\n<\/tr>\n<tr>\n<td>36<\/td>\n<td><a href=\"http:\/\/www.dakar.com\/dakar\/2015\/es\/piloto\/271.html\">271<\/a><\/td>\n<td>\u00b7\u00a0\u00a0\u00a0\u00a0\u00a0\u00a0\u00a0\u00a0\u00a0\u00a0\u00a0\u00a0\u00a0\u00a0\u00a0\u00a0\u00a0\u00a0\u00a0\u00a0\u00a0\u00a0\u00a0\u00a0 <a href=\"http:\/\/www.dakar.com\/dakar\/2015\/es\/piloto\/271.html\">ESPINOSA (ESP)<\/a><\/td>\n<td>CAN-AM<\/td>\n<td>21:38:53<\/td>\n<\/tr>\n<tr>\n<td>37<\/td>\n<td><a href=\"http:\/\/www.dakar.com\/dakar\/2015\/es\/piloto\/289.html\">289<\/a><\/td>\n<td>\u00b7\u00a0\u00a0\u00a0\u00a0\u00a0\u00a0\u00a0\u00a0\u00a0\u00a0\u00a0\u00a0\u00a0\u00a0\u00a0\u00a0\u00a0\u00a0\u00a0\u00a0\u00a0\u00a0\u00a0\u00a0 <a href=\"http:\/\/www.dakar.com\/dakar\/2015\/es\/piloto\/289.html\">VEGA (ARG)<\/a><\/td>\n<td>YAMAHA<\/td>\n<td>21:43:49<\/td>\n<\/tr>\n<\/tbody>\n<\/table>\n<p><strong>\u00a0<\/strong><\/p>\n<p><strong>AUTOS:<\/strong><\/p>\n<table width=\"473\">\n<tbody>\n<tr>\n<td width=\"39\"><strong>Pos.<\/strong><\/td>\n<td width=\"71\">N\u00b0<\/td>\n<td width=\"203\">Nombre<\/td>\n<td width=\"160\">Marca<\/td>\n<\/tr>\n<tr>\n<td width=\"39\">3<\/td>\n<td width=\"71\"><a href=\"http:\/\/www.dakar.com\/dakar\/2015\/es\/piloto\/305.html\">305<\/a><\/td>\n<td width=\"203\">\u00b7\u00a0\u00a0\u00a0\u00a0\u00a0\u00a0\u00a0\u00a0\u00a0\u00a0\u00a0\u00a0\u00a0\u00a0\u00a0\u00a0\u00a0\u00a0\u00a0\u00a0\u00a0\u00a0\u00a0\u00a0 <a href=\"http:\/\/www.dakar.com\/dakar\/2015\/es\/piloto\/305.html\">TERRANOVA (ARG)<\/a><\/p>\n<p>\u00b7\u00a0\u00a0\u00a0\u00a0\u00a0\u00a0\u00a0\u00a0\u00a0\u00a0\u00a0\u00a0\u00a0\u00a0\u00a0\u00a0\u00a0\u00a0\u00a0\u00a0\u00a0\u00a0\u00a0\u00a0 <a href=\"http:\/\/www.dakar.com\/dakar\/2015\/es\/piloto\/305.html\">GRAUE (ARG)<\/a><\/td>\n<td width=\"160\">MINI<\/td>\n<\/tr>\n<tr>\n<td width=\"39\">18<\/td>\n<td width=\"71\"><a href=\"http:\/\/www.dakar.com\/dakar\/2015\/es\/piloto\/316.html\">316<\/a><\/td>\n<td width=\"203\">\u00b7\u00a0\u00a0\u00a0\u00a0\u00a0\u00a0\u00a0\u00a0\u00a0\u00a0\u00a0\u00a0\u00a0\u00a0\u00a0\u00a0\u00a0\u00a0\u00a0\u00a0\u00a0\u00a0\u00a0\u00a0 <a href=\"http:\/\/www.dakar.com\/dakar\/2015\/es\/piloto\/316.html\">SPATARO (ARG)<\/a><\/p>\n<p>\u00b7\u00a0\u00a0\u00a0\u00a0\u00a0\u00a0\u00a0\u00a0\u00a0\u00a0\u00a0\u00a0\u00a0\u00a0\u00a0\u00a0\u00a0\u00a0\u00a0\u00a0\u00a0\u00a0\u00a0\u00a0 <a href=\"http:\/\/www.dakar.com\/dakar\/2015\/es\/piloto\/316.html\">LOZADA (ARG)<\/a><\/td>\n<td width=\"160\">RENAULT<\/td>\n<\/tr>\n<tr>\n<td width=\"39\">23<\/td>\n<td width=\"71\"><a href=\"http:\/\/www.dakar.com\/dakar\/2015\/es\/piloto\/336.html\">336<\/a><\/td>\n<td width=\"203\">\u00b7\u00a0\u00a0\u00a0\u00a0\u00a0\u00a0\u00a0\u00a0\u00a0\u00a0\u00a0\u00a0\u00a0\u00a0\u00a0\u00a0\u00a0\u00a0\u00a0\u00a0\u00a0\u00a0\u00a0\u00a0 <a href=\"http:\/\/www.dakar.com\/dakar\/2015\/es\/piloto\/336.html\">SILVA (ARG)<\/a><\/p>\n<p>\u00b7\u00a0\u00a0\u00a0\u00a0\u00a0\u00a0\u00a0\u00a0\u00a0\u00a0\u00a0\u00a0\u00a0\u00a0\u00a0\u00a0\u00a0\u00a0\u00a0\u00a0\u00a0\u00a0\u00a0\u00a0 <a href=\"http:\/\/www.dakar.com\/dakar\/2015\/es\/piloto\/336.html\">JUAN PABLO (ARG)<\/a><\/td>\n<td width=\"160\">MERCEDES<\/td>\n<\/tr>\n<tr>\n<td width=\"39\">29<\/td>\n<td width=\"71\"><a href=\"http:\/\/www.dakar.com\/dakar\/2015\/es\/piloto\/337.html\">337<\/a><\/td>\n<td width=\"203\">\u00b7\u00a0\u00a0\u00a0\u00a0\u00a0\u00a0\u00a0\u00a0\u00a0\u00a0\u00a0\u00a0\u00a0\u00a0\u00a0\u00a0\u00a0\u00a0\u00a0\u00a0\u00a0\u00a0\u00a0\u00a0 <a href=\"http:\/\/www.dakar.com\/dakar\/2015\/es\/piloto\/337.html\">GARCIA (ARG)<\/a><\/p>\n<p>\u00b7\u00a0\u00a0\u00a0\u00a0\u00a0\u00a0\u00a0\u00a0\u00a0\u00a0\u00a0\u00a0\u00a0\u00a0\u00a0\u00a0\u00a0\u00a0\u00a0\u00a0\u00a0\u00a0\u00a0\u00a0 <a href=\"http:\/\/www.dakar.com\/dakar\/2015\/es\/piloto\/337.html\">MALANO (ARG)<\/a><\/td>\n<td width=\"160\">RENAULT<\/td>\n<\/tr>\n<tr>\n<td width=\"39\">34<\/td>\n<td width=\"71\">335<\/td>\n<td width=\"203\">\u00b7\u00a0\u00a0\u00a0\u00a0\u00a0\u00a0\u00a0\u00a0\u00a0\u00a0\u00a0\u00a0\u00a0\u00a0\u00a0\u00a0\u00a0\u00a0\u00a0\u00a0\u00a0\u00a0\u00a0\u00a0 YACOPINI (ARG)<\/p>\n<p>\u00b7\u00a0\u00a0\u00a0\u00a0\u00a0\u00a0\u00a0\u00a0\u00a0\u00a0\u00a0\u00a0\u00a0\u00a0\u00a0\u00a0\u00a0\u00a0\u00a0\u00a0\u00a0\u00a0\u00a0\u00a0 TORLASCHI (ARG)<\/td>\n<td width=\"160\">VOLKSWAGEN<\/td>\n<\/tr>\n<\/tbody>\n<\/table>\n<p><strong>\u00a0<\/strong><\/p>\n<p><strong>CAMIONES:<\/strong><\/p>\n<p><strong>\u00a0<\/strong><\/p>\n<p><strong>\u00a0<\/strong><\/p>\n<p><strong>\u00a0<\/strong><\/p>\n<table width=\"333\">\n<tbody>\n<tr>\n<td width=\"34\"><strong>Pos.<\/strong><\/td>\n<td width=\"27\">N\u00b0<\/td>\n<td width=\"171\">Nombre<\/td>\n<td width=\"100\">Marca<\/td>\n<\/tr>\n<tr>\n<td>29<\/td>\n<td width=\"27\"><a href=\"http:\/\/www.dakar.com\/dakar\/2015\/es\/piloto\/526.html\">526<\/a><\/td>\n<td width=\"171\">\u00b7\u00a0\u00a0\u00a0\u00a0\u00a0\u00a0\u00a0\u00a0\u00a0\u00a0\u00a0\u00a0\u00a0\u00a0\u00a0\u00a0\u00a0\u00a0\u00a0\u00a0\u00a0\u00a0\u00a0\u00a0 <a href=\"http:\/\/www.dakar.com\/dakar\/2015\/es\/piloto\/526.html\">GERMANO (ARG)<\/a><\/p>\n<p>\u00b7\u00a0\u00a0\u00a0\u00a0\u00a0\u00a0\u00a0\u00a0\u00a0\u00a0\u00a0\u00a0\u00a0\u00a0\u00a0\u00a0\u00a0\u00a0\u00a0\u00a0\u00a0\u00a0\u00a0\u00a0 <a href=\"http:\/\/www.dakar.com\/dakar\/2015\/es\/piloto\/526.html\">GERMANO (ARG)<\/a><\/p>\n<p>\u00b7\u00a0\u00a0\u00a0\u00a0\u00a0\u00a0\u00a0\u00a0\u00a0\u00a0\u00a0\u00a0\u00a0\u00a0\u00a0\u00a0\u00a0\u00a0\u00a0\u00a0\u00a0\u00a0\u00a0\u00a0 <a href=\"http:\/\/www.dakar.com\/dakar\/2015\/es\/piloto\/526.html\">CAMARA ORDONEZ (ESP)<\/a><\/td>\n<td width=\"100\">MAN<\/td>\n<\/tr>\n<\/tbody>\n<\/table>\n<p><strong>\u00a0<\/strong><\/p>\n","protected":false},"excerpt":{"rendered":"<p>Debido a la tormenta del d\u00eda de ayer, con falta de energ\u00eda el\u00e9ctrica e internet,&#8230;<\/p>\n","protected":false},"author":2,"featured_media":0,"comment_status":"open","ping_status":"open","sticky":false,"template":"","format":"standard","meta":{"om_disable_all_campaigns":false,"_monsterinsights_skip_tracking":false,"_monsterinsights_sitenote_active":false,"_monsterinsights_sitenote_note":"","_monsterinsights_sitenote_category":0,"_uf_show_specific_survey":0,"_uf_disable_surveys":false,"footnotes":""},"categories":[11],"tags":[6],"class_list":["post-7766","post","type-post","status-publish","format-standard","hentry","category-dakar","tag-text"],"aioseo_notices":[],"_links":{"self":[{"href":"https:\/\/www.crossprensa.com.ar\/news\/wp-json\/wp\/v2\/posts\/7766","targetHints":{"allow":["GET"]}}],"collection":[{"href":"https:\/\/www.crossprensa.com.ar\/news\/wp-json\/wp\/v2\/posts"}],"about":[{"href":"https:\/\/www.crossprensa.com.ar\/news\/wp-json\/wp\/v2\/types\/post"}],"author":[{"embeddable":true,"href":"https:\/\/www.crossprensa.com.ar\/news\/wp-json\/wp\/v2\/users\/2"}],"replies":[{"embeddable":true,"href":"https:\/\/www.crossprensa.com.ar\/news\/wp-json\/wp\/v2\/comments?post=7766"}],"version-history":[{"count":1,"href":"https:\/\/www.crossprensa.com.ar\/news\/wp-json\/wp\/v2\/posts\/7766\/revisions"}],"predecessor-version":[{"id":7767,"href":"https:\/\/www.crossprensa.com.ar\/news\/wp-json\/wp\/v2\/posts\/7766\/revisions\/7767"}],"wp:attachment":[{"href":"https:\/\/www.crossprensa.com.ar\/news\/wp-json\/wp\/v2\/media?parent=7766"}],"wp:term":[{"taxonomy":"category","embeddable":true,"href":"https:\/\/www.crossprensa.com.ar\/news\/wp-json\/wp\/v2\/categories?post=7766"},{"taxonomy":"post_tag","embeddable":true,"href":"https:\/\/www.crossprensa.com.ar\/news\/wp-json\/wp\/v2\/tags?post=7766"}],"curies":[{"name":"wp","href":"https:\/\/api.w.org\/{rel}","templated":true}]}}