{"id":7756,"date":"2015-01-06T22:19:40","date_gmt":"2015-01-07T01:19:40","guid":{"rendered":"http:\/\/www.crossprensa.com.ar\/news\/?p=7756"},"modified":"2015-01-06T22:19:40","modified_gmt":"2015-01-07T01:19:40","slug":"fallece-en-el-dakar-michal-hernik","status":"publish","type":"post","link":"https:\/\/www.crossprensa.com.ar\/news\/fallece-en-el-dakar-michal-hernik\/dakar\/","title":{"rendered":"Fallece en el Dakar Michal Hernik"},"content":{"rendered":"<h2>El piloto polaco portaba el n\u00famero 82 y falleci\u00f3 en la tercera etapa de la dura prueba a su paso por la provincia de La Rioja<\/h2>\n<p><!--more--><\/p>\n<p>El piloto polaco de motos Michal Hernik falleci\u00f3 este martes mientras <strong>disputaba la tercera etapa del Dakar, entre San Juan y Chilecito,<\/strong> inform\u00f3 la organizaci\u00f3n del rally. El debutante, de 39 a\u00f1os, con el dorsal 82, muri\u00f3 en el kil\u00f3metro 206 de la Cuesta del Miranda, en la provincia de La Rioja, a las 14:37 hora local.<\/p>\n<p>Hernik hab\u00eda nacido el 30 de enero de 1975 en la ciudad polaca de Cracovia. Seg\u00fan consta en el comunicado oficial, un helic\u00f3ptero m\u00e9dico <strong>encontr\u00f3 el cuerpo de Hernik a 300 metros de la pista<\/strong> y todav\u00eda se desconocen las razones de su muerte.<\/p>\n<p>El polaco hab\u00eda participado como preparaci\u00f3n de este Dakar <strong>en la prueba L&#8217;Abu Dhabi Desert Challenge<\/strong> el a\u00f1o pasado y el <strong>Rally de Marruecos de 2013.<\/strong> De esta manera, la legendaria prueba de origen europeo-africana sum\u00f3 su quinta muerte desde su desembarco en tierras sudamericanas, con los antecedentes del franc\u00e9s Thierry Pascal en 2009, el argentino Jorge Mart\u00ednez Boero en 2012, el franc\u00e9s Thomas Bourgin en 2013 y el belga Eric Palante el a\u00f1o pasado.<\/p>\n","protected":false},"excerpt":{"rendered":"<p>El piloto polaco portaba el n\u00famero 82 y falleci\u00f3 en la tercera etapa de la&#8230;<\/p>\n","protected":false},"author":2,"featured_media":0,"comment_status":"open","ping_status":"open","sticky":false,"template":"","format":"standard","meta":{"om_disable_all_campaigns":false,"_monsterinsights_skip_tracking":false,"_monsterinsights_sitenote_active":false,"_monsterinsights_sitenote_note":"","_monsterinsights_sitenote_category":0,"_uf_show_specific_survey":0,"_uf_disable_surveys":false,"footnotes":""},"categories":[11],"tags":[5],"class_list":["post-7756","post","type-post","status-publish","format-standard","hentry","category-dakar","tag-slice"],"aioseo_notices":[],"_links":{"self":[{"href":"https:\/\/www.crossprensa.com.ar\/news\/wp-json\/wp\/v2\/posts\/7756","targetHints":{"allow":["GET"]}}],"collection":[{"href":"https:\/\/www.crossprensa.com.ar\/news\/wp-json\/wp\/v2\/posts"}],"about":[{"href":"https:\/\/www.crossprensa.com.ar\/news\/wp-json\/wp\/v2\/types\/post"}],"author":[{"embeddable":true,"href":"https:\/\/www.crossprensa.com.ar\/news\/wp-json\/wp\/v2\/users\/2"}],"replies":[{"embeddable":true,"href":"https:\/\/www.crossprensa.com.ar\/news\/wp-json\/wp\/v2\/comments?post=7756"}],"version-history":[{"count":1,"href":"https:\/\/www.crossprensa.com.ar\/news\/wp-json\/wp\/v2\/posts\/7756\/revisions"}],"predecessor-version":[{"id":7762,"href":"https:\/\/www.crossprensa.com.ar\/news\/wp-json\/wp\/v2\/posts\/7756\/revisions\/7762"}],"wp:attachment":[{"href":"https:\/\/www.crossprensa.com.ar\/news\/wp-json\/wp\/v2\/media?parent=7756"}],"wp:term":[{"taxonomy":"category","embeddable":true,"href":"https:\/\/www.crossprensa.com.ar\/news\/wp-json\/wp\/v2\/categories?post=7756"},{"taxonomy":"post_tag","embeddable":true,"href":"https:\/\/www.crossprensa.com.ar\/news\/wp-json\/wp\/v2\/tags?post=7756"}],"curies":[{"name":"wp","href":"https:\/\/api.w.org\/{rel}","templated":true}]}}