{"id":77526,"date":"2025-08-14T07:26:03","date_gmt":"2025-08-14T10:26:03","guid":{"rendered":"https:\/\/www.crossprensa.com.ar\/news\/?p=77526"},"modified":"2025-08-14T07:26:03","modified_gmt":"2025-08-14T10:26:03","slug":"deegan-desmiente-que-vaya-a-correr-en-450","status":"publish","type":"post","link":"https:\/\/www.crossprensa.com.ar\/news\/deegan-desmiente-que-vaya-a-correr-en-450\/ama-motocross\/","title":{"rendered":"DEEGAN DESMIENTE QUE VAYA A CORRER EN 450."},"content":{"rendered":"<p>Despu\u00e9s de que Brian Deegan desmintiera los rumores: <em><strong>&#8220;qu\u00e9? \u00bfPasarse a una 450 para la \u00faltima carrera de la temporada si gana con una carrera de sobra?&#8221;<\/strong><\/em><\/p>\n<p>Al parecer, solo fue un rumor iniciado por alguien de su equipo&#8230; o quiz\u00e1s \u00e9l mismo lo inici\u00f3 para generar expectativa&#8230; Pero Ricky Carmichael dijo que cree que ser\u00eda una gran idea que Deegan corriera una 450 en Budds Creek si gana el t\u00edtulo de Pro Motocross 250 en Unadilla este fin de semana.<\/p>\n<p><!--more--><\/p>\n<p><strong><span dir=\"auto\">Carmichael tuite\u00f3:\u00a0<\/span><\/strong><em><span dir=\"auto\">\u00abSi Haiden logra ganar el t\u00edtulo ahora, personalmente creo que deber\u00eda correr en una 450 en la carrera final de ProMotocross. Entiendo el riesgo, por supuesto. Pero creo que tiene la autodisciplina para no ponerse en una mala situaci\u00f3n. Creo que podr\u00eda aprender mucho\u00bb.<\/span><\/em><\/p>\n<p><span dir=\"auto\">Hist\u00f3ricamente, no era raro que los pilotos de 125cc compitieran con motos de 250cc en la d\u00e9cada de 1990, y Carmichael ya hab\u00eda dicho que tambi\u00e9n quer\u00eda hacerlo. Bradshaw, McGrath, Huffman y Lusk lo consiguieron, y Kevin Windham incluso gan\u00f3 una carrera de 250cc cuando a\u00fan pilotaba 125cc en 1997, e incluso corri\u00f3 una de 250cc en 1996 a los 17 a\u00f1os, \u00a1tras convertirse en profesional con Yamaha en 1995!<\/span><\/p>\n<p><span dir=\"auto\">M\u00e1s recientemente, Ryan Dungey hizo su debut en 450 al aire libre en 2009 en el MXoN y lo gan\u00f3, con Webb tambi\u00e9n impresionando en un 450 en el GP de EE. UU. y el MXoN, por lo que ha sucedido antes y Deegan no tiene nada que perder, si lo hace bien es una ventaja y, como dice Ricky Carmichael, puede aprender mucho para 2026.<\/span><\/p>\n<p>Mira a Deegan en la 450 de f\u00e1brica que estaba probando durante el descanso&#8230; \u00bfa\u00fan hay posibilidades? Con la familia Deegan, nunca se sabe. Haiden dijo que fue tres segundos m\u00e1s r\u00e1pido con la 450&#8230; \u00bfLograr\u00e1 con esto alcanzar el ritmo de Jett Lawrence?<\/p>\n<p><iframe title=\"Haiden Deegan Rides Factory 450 | First Look!\" width=\"640\" height=\"360\" src=\"https:\/\/www.youtube.com\/embed\/JpEkmpnWQ_I?start=2&#038;feature=oembed\" frameborder=\"0\" allow=\"accelerometer; autoplay; clipboard-write; encrypted-media; gyroscope; picture-in-picture; web-share\" referrerpolicy=\"strict-origin-when-cross-origin\" allowfullscreen><\/iframe><\/p>\n","protected":false},"excerpt":{"rendered":"<p>Despu\u00e9s de que Brian Deegan desmintiera los rumores: &#8220;qu\u00e9? \u00bfPasarse a una 450 para la&#8230;<\/p>\n","protected":false},"author":2,"featured_media":77527,"comment_status":"closed","ping_status":"closed","sticky":false,"template":"","format":"standard","meta":{"om_disable_all_campaigns":false,"_monsterinsights_skip_tracking":false,"_monsterinsights_sitenote_active":false,"_monsterinsights_sitenote_note":"","_monsterinsights_sitenote_category":0,"_uf_show_specific_survey":0,"_uf_disable_surveys":false,"footnotes":""},"categories":[25],"tags":[],"class_list":["post-77526","post","type-post","status-publish","format-standard","has-post-thumbnail","hentry","category-ama-motocross"],"aioseo_notices":[],"_links":{"self":[{"href":"https:\/\/www.crossprensa.com.ar\/news\/wp-json\/wp\/v2\/posts\/77526","targetHints":{"allow":["GET"]}}],"collection":[{"href":"https:\/\/www.crossprensa.com.ar\/news\/wp-json\/wp\/v2\/posts"}],"about":[{"href":"https:\/\/www.crossprensa.com.ar\/news\/wp-json\/wp\/v2\/types\/post"}],"author":[{"embeddable":true,"href":"https:\/\/www.crossprensa.com.ar\/news\/wp-json\/wp\/v2\/users\/2"}],"replies":[{"embeddable":true,"href":"https:\/\/www.crossprensa.com.ar\/news\/wp-json\/wp\/v2\/comments?post=77526"}],"version-history":[{"count":1,"href":"https:\/\/www.crossprensa.com.ar\/news\/wp-json\/wp\/v2\/posts\/77526\/revisions"}],"predecessor-version":[{"id":77528,"href":"https:\/\/www.crossprensa.com.ar\/news\/wp-json\/wp\/v2\/posts\/77526\/revisions\/77528"}],"wp:featuredmedia":[{"embeddable":true,"href":"https:\/\/www.crossprensa.com.ar\/news\/wp-json\/wp\/v2\/media\/77527"}],"wp:attachment":[{"href":"https:\/\/www.crossprensa.com.ar\/news\/wp-json\/wp\/v2\/media?parent=77526"}],"wp:term":[{"taxonomy":"category","embeddable":true,"href":"https:\/\/www.crossprensa.com.ar\/news\/wp-json\/wp\/v2\/categories?post=77526"},{"taxonomy":"post_tag","embeddable":true,"href":"https:\/\/www.crossprensa.com.ar\/news\/wp-json\/wp\/v2\/tags?post=77526"}],"curies":[{"name":"wp","href":"https:\/\/api.w.org\/{rel}","templated":true}]}}