{"id":77501,"date":"2025-08-11T17:36:47","date_gmt":"2025-08-11T20:36:47","guid":{"rendered":"https:\/\/www.crossprensa.com.ar\/news\/?p=77501"},"modified":"2025-08-11T21:15:20","modified_gmt":"2025-08-12T00:15:20","slug":"el-estado-de-salud-de-lucas-dunka","status":"publish","type":"post","link":"https:\/\/www.crossprensa.com.ar\/news\/el-estado-de-salud-de-lucas-dunka\/sin-categoria\/","title":{"rendered":"EL ESTADO DE SALUD DE LUCAS DUNKA."},"content":{"rendered":"<p>El piloto brasile\u00f1o del equipo de Comodoro Rivadavia SM MOTOS, sufri\u00f3 una dur\u00edsima ca\u00edda en el transcurso de la primera manga, por lo que debi\u00f3 pararse la carrera con bandera roja y darla por finalizada, cuando ven\u00eda en la 3ra. posici\u00f3n y acerc\u00e1ndose a los hnos. Poli que estaban dominando.<\/p>\n<p><!--more--><\/p>\n<p>La moto se va de punta, lo larga por arriba (como se puede ver en el video del que desconozco la autor\u00eda, por eso no lo nombramos y nos lleg\u00f3 v\u00eda whatsapp). Qued\u00f3 inconsciente en el suelo, siendo prontamente atendido por el equipo de asistencia.<\/p>\n<p>En la ma\u00f1ana de hoy tomamos contacto con Jorge Bucemo, director del equipo y nos dijo que a\u00fan estaba internado en el hospital SAMIC, en una sala normal y muy bien atendido. Adem\u00e1s, siempre la gente del equipo cerca para lo que pueda necesitar. Adem\u00e1s, el Sr. Bucemo agradeci\u00f3 el compromiso tanto de CAMoD como de la Intendencia local preocupados por el estado de salud del brasile\u00f1o.<\/p>\n<p><a href=\"https:\/\/www.instagram.com\/gasgas.argentina\/\"><img fetchpriority=\"high\" decoding=\"async\" class=\"alignnone wp-image-65474 size-full\" src=\"https:\/\/www.crossprensa.com.ar\/news\/wp-content\/uploads\/2023\/08\/GASGAS.png\" alt=\"\" width=\"1201\" height=\"101\" srcset=\"https:\/\/www.crossprensa.com.ar\/news\/wp-content\/uploads\/2023\/08\/GASGAS.png 1201w, https:\/\/www.crossprensa.com.ar\/news\/wp-content\/uploads\/2023\/08\/GASGAS-300x25.png 300w, https:\/\/www.crossprensa.com.ar\/news\/wp-content\/uploads\/2023\/08\/GASGAS-620x52.png 620w, https:\/\/www.crossprensa.com.ar\/news\/wp-content\/uploads\/2023\/08\/GASGAS-768x65.png 768w, https:\/\/www.crossprensa.com.ar\/news\/wp-content\/uploads\/2023\/08\/GASGAS-750x63.png 750w, https:\/\/www.crossprensa.com.ar\/news\/wp-content\/uploads\/2023\/08\/GASGAS-1140x96.png 1140w\" sizes=\"(max-width: 1201px) 100vw, 1201px\" \/><\/a><\/p>\n<p>Estaban esperando para esta tarde una tomograf\u00eda computada y una resonancia magn\u00e9tica, pero se descartaron en un 99% lesiones mas graves que el golpe y ese breve lapso de inconsciencia por el que fue derivado al centro de salud.<\/p>\n<p>Cuando haya m\u00e1s novedades, ampliaremos la informaci\u00f3n.<\/p>\n<div style=\"width: 476px;\" class=\"wp-video\"><!--[if lt IE 9]><script>document.createElement('video');<\/script><![endif]-->\n<video class=\"wp-video-shortcode\" id=\"video-77501-1\" width=\"476\" height=\"848\" preload=\"metadata\" controls=\"controls\"><source type=\"video\/mp4\" src=\"https:\/\/www.crossprensa.com.ar\/news\/wp-content\/uploads\/2025\/08\/WhatsApp-Video-2025-08-11-at-10.26.13.mp4?_=1\" \/><a href=\"https:\/\/www.crossprensa.com.ar\/news\/wp-content\/uploads\/2025\/08\/WhatsApp-Video-2025-08-11-at-10.26.13.mp4\">https:\/\/www.crossprensa.com.ar\/news\/wp-content\/uploads\/2025\/08\/WhatsApp-Video-2025-08-11-at-10.26.13.mp4<\/a><\/video><\/div>\n<p>&nbsp;<\/p>\n","protected":false},"excerpt":{"rendered":"<p>El piloto brasile\u00f1o del equipo de Comodoro Rivadavia SM MOTOS, sufri\u00f3 una dur\u00edsima ca\u00edda en&#8230;<\/p>\n","protected":false},"author":2,"featured_media":77453,"comment_status":"closed","ping_status":"closed","sticky":false,"template":"","format":"standard","meta":{"om_disable_all_campaigns":false,"_monsterinsights_skip_tracking":false,"_monsterinsights_sitenote_active":false,"_monsterinsights_sitenote_note":"","_monsterinsights_sitenote_category":0,"_uf_show_specific_survey":0,"_uf_disable_surveys":false,"footnotes":""},"categories":[1],"tags":[],"class_list":["post-77501","post","type-post","status-publish","format-standard","has-post-thumbnail","hentry","category-sin-categoria"],"aioseo_notices":[],"_links":{"self":[{"href":"https:\/\/www.crossprensa.com.ar\/news\/wp-json\/wp\/v2\/posts\/77501","targetHints":{"allow":["GET"]}}],"collection":[{"href":"https:\/\/www.crossprensa.com.ar\/news\/wp-json\/wp\/v2\/posts"}],"about":[{"href":"https:\/\/www.crossprensa.com.ar\/news\/wp-json\/wp\/v2\/types\/post"}],"author":[{"embeddable":true,"href":"https:\/\/www.crossprensa.com.ar\/news\/wp-json\/wp\/v2\/users\/2"}],"replies":[{"embeddable":true,"href":"https:\/\/www.crossprensa.com.ar\/news\/wp-json\/wp\/v2\/comments?post=77501"}],"version-history":[{"count":2,"href":"https:\/\/www.crossprensa.com.ar\/news\/wp-json\/wp\/v2\/posts\/77501\/revisions"}],"predecessor-version":[{"id":77507,"href":"https:\/\/www.crossprensa.com.ar\/news\/wp-json\/wp\/v2\/posts\/77501\/revisions\/77507"}],"wp:featuredmedia":[{"embeddable":true,"href":"https:\/\/www.crossprensa.com.ar\/news\/wp-json\/wp\/v2\/media\/77453"}],"wp:attachment":[{"href":"https:\/\/www.crossprensa.com.ar\/news\/wp-json\/wp\/v2\/media?parent=77501"}],"wp:term":[{"taxonomy":"category","embeddable":true,"href":"https:\/\/www.crossprensa.com.ar\/news\/wp-json\/wp\/v2\/categories?post=77501"},{"taxonomy":"post_tag","embeddable":true,"href":"https:\/\/www.crossprensa.com.ar\/news\/wp-json\/wp\/v2\/tags?post=77501"}],"curies":[{"name":"wp","href":"https:\/\/api.w.org\/{rel}","templated":true}]}}