{"id":77367,"date":"2025-07-30T16:34:04","date_gmt":"2025-07-30T19:34:04","guid":{"rendered":"https:\/\/www.crossprensa.com.ar\/news\/?p=77367"},"modified":"2025-07-30T16:34:33","modified_gmt":"2025-07-30T19:34:33","slug":"este-fin-de-semana-probamos-con-kawasaki","status":"publish","type":"post","link":"https:\/\/www.crossprensa.com.ar\/news\/este-fin-de-semana-probamos-con-kawasaki\/motocross\/","title":{"rendered":"Este fin de semana, probamos con Kawasaki!"},"content":{"rendered":"<p>Ca\u00f1ada de G\u00f3mez es el lugar elegido para que nuestro amigo Jorge Martin junto a la gente de Kawasaki Funes, brinde un curso solo para usuarios Kawasaki con los modelos KLX 300, KLX 250, y Versis X 300. Ah\u00ed vamos a estar desde el mediod\u00eda para que Uds. no se pierdan NADA!!! Y tambi\u00e9n les mostraremos una pista que deber\u00eda estar en el calendario del MX Santafesino!<\/p>\n<p>Vamos?<\/p>\n<p><!--more--><\/p>\n<p>Y vamos a estar bien protegidos con cascos e indumentaria LS2! Ya pediste lo tuyo? Click abajo!<\/p>\n<p><a href=\"https:\/\/ls2.921.com.ar\/\"><img fetchpriority=\"high\" decoding=\"async\" class=\"alignnone wp-image-77361 size-full\" src=\"https:\/\/www.crossprensa.com.ar\/news\/wp-content\/uploads\/2025\/07\/ls2nvo.gif\" alt=\"\" width=\"1200\" height=\"100\" \/><\/a><\/p>\n<p><a href=\"https:\/\/www.instagram.com\/kawasaki.argentina\/\"><img decoding=\"async\" class=\"alignnone wp-image-76526 size-full\" src=\"https:\/\/www.crossprensa.com.ar\/news\/wp-content\/uploads\/2025\/05\/Banner-Kawasaki-Klx450-1200x100px-1.gif\" alt=\"\" width=\"1200\" height=\"100\" \/><\/a><\/p>\n<p>Formulario de Inscripci\u00f3n: Click en la im\u00e1gen!<\/p>\n<p><a href=\"https:\/\/docs.google.com\/forms\/d\/e\/1FAIpQLSdRkWvb9WgXNxGnUn5GyrPuLS3olhzuoL86PSBl5q7wlIlguw\/viewform\"><img decoding=\"async\" class=\"aligncenter wp-image-77368\" src=\"https:\/\/www.crossprensa.com.ar\/news\/wp-content\/uploads\/2025\/07\/WhatsApp-Image-2025-07-30-at-15.12.13.jpeg\" alt=\"\" width=\"480\" height=\"799\" srcset=\"https:\/\/www.crossprensa.com.ar\/news\/wp-content\/uploads\/2025\/07\/WhatsApp-Image-2025-07-30-at-15.12.13.jpeg 313w, https:\/\/www.crossprensa.com.ar\/news\/wp-content\/uploads\/2025\/07\/WhatsApp-Image-2025-07-30-at-15.12.13-180x300.jpeg 180w, https:\/\/www.crossprensa.com.ar\/news\/wp-content\/uploads\/2025\/07\/WhatsApp-Image-2025-07-30-at-15.12.13-240x400.jpeg 240w\" sizes=\"(max-width: 480px) 100vw, 480px\" \/><\/a><\/p>\n<p>&nbsp;<\/p>\n","protected":false},"excerpt":{"rendered":"<p>Ca\u00f1ada de G\u00f3mez es el lugar elegido para que nuestro amigo Jorge Martin junto a&#8230;<\/p>\n","protected":false},"author":2,"featured_media":77369,"comment_status":"closed","ping_status":"closed","sticky":false,"template":"","format":"standard","meta":{"om_disable_all_campaigns":false,"_monsterinsights_skip_tracking":false,"_monsterinsights_sitenote_active":false,"_monsterinsights_sitenote_note":"","_monsterinsights_sitenote_category":0,"_uf_show_specific_survey":0,"_uf_disable_surveys":false,"footnotes":""},"categories":[57],"tags":[],"class_list":["post-77367","post","type-post","status-publish","format-standard","has-post-thumbnail","hentry","category-motocross"],"aioseo_notices":[],"_links":{"self":[{"href":"https:\/\/www.crossprensa.com.ar\/news\/wp-json\/wp\/v2\/posts\/77367","targetHints":{"allow":["GET"]}}],"collection":[{"href":"https:\/\/www.crossprensa.com.ar\/news\/wp-json\/wp\/v2\/posts"}],"about":[{"href":"https:\/\/www.crossprensa.com.ar\/news\/wp-json\/wp\/v2\/types\/post"}],"author":[{"embeddable":true,"href":"https:\/\/www.crossprensa.com.ar\/news\/wp-json\/wp\/v2\/users\/2"}],"replies":[{"embeddable":true,"href":"https:\/\/www.crossprensa.com.ar\/news\/wp-json\/wp\/v2\/comments?post=77367"}],"version-history":[{"count":2,"href":"https:\/\/www.crossprensa.com.ar\/news\/wp-json\/wp\/v2\/posts\/77367\/revisions"}],"predecessor-version":[{"id":77371,"href":"https:\/\/www.crossprensa.com.ar\/news\/wp-json\/wp\/v2\/posts\/77367\/revisions\/77371"}],"wp:featuredmedia":[{"embeddable":true,"href":"https:\/\/www.crossprensa.com.ar\/news\/wp-json\/wp\/v2\/media\/77369"}],"wp:attachment":[{"href":"https:\/\/www.crossprensa.com.ar\/news\/wp-json\/wp\/v2\/media?parent=77367"}],"wp:term":[{"taxonomy":"category","embeddable":true,"href":"https:\/\/www.crossprensa.com.ar\/news\/wp-json\/wp\/v2\/categories?post=77367"},{"taxonomy":"post_tag","embeddable":true,"href":"https:\/\/www.crossprensa.com.ar\/news\/wp-json\/wp\/v2\/tags?post=77367"}],"curies":[{"name":"wp","href":"https:\/\/api.w.org\/{rel}","templated":true}]}}