{"id":7735,"date":"2015-01-05T14:59:58","date_gmt":"2015-01-05T17:59:58","guid":{"rendered":"http:\/\/www.crossprensa.com.ar\/news\/?p=7735"},"modified":"2015-01-05T20:51:07","modified_gmt":"2015-01-05T23:51:07","slug":"dakar-2da-etapa-motos-y-quads","status":"publish","type":"post","link":"https:\/\/www.crossprensa.com.ar\/news\/dakar-2da-etapa-motos-y-quads\/dakar\/","title":{"rendered":"DAKAR: 2da. ETAPA MOTOS Y QUADS"},"content":{"rendered":"<p style=\"text-align: justify;\">Hoy entre Villa Carlos Paz y San Juan, se desarroll\u00f3 con mucho calor la 2da. etapa del Dakar 2015. En las motos Joan Barreda Bort fue el ganador, y el checo Rafal Sonic gana en los quads. Entre los Argentinos el mejor de hoy fue Est\u00e9ban Lopez Jov\u00e9 con la Kawasaki que arm\u00f3 Armando Lelli, quedando en el puesto 39. En Quads Gast\u00f3n Gonzales queda 5to.<\/p>\n<p><!--more--><\/p>\n<p>&nbsp;<\/p>\n<h3>ATENCION: IREMOS AMPLIANDO LA CLASIFICACION EN ESTA MISMA NOTA A MEDIDA QUE VAYAN ARRIBANDO A LA META.<\/h3>\n<p><a href=\"http:\/\/www.crossprensa.com.ar\/news\/wp-content\/uploads\/2015\/01\/Gr\u00e1fico5.jpg\"><img fetchpriority=\"high\" decoding=\"async\" class=\"aligncenter size-large wp-image-7736\" src=\"http:\/\/www.crossprensa.com.ar\/news\/wp-content\/uploads\/2015\/01\/Gr\u00e1fico5-514x400.jpg\" alt=\"Gr\u00e1fico5\" width=\"514\" height=\"400\" \/><\/a><\/p>\n<p>&nbsp;<\/p>\n<h2>FINAL DE ETAPA PARA LOS ARGENTINOS<\/h2>\n<p><a href=\"http:\/\/www.crossprensa.com.ar\/news\/wp-content\/uploads\/2015\/01\/Gr\u00e1fico3.jpg\"><img decoding=\"async\" class=\"aligncenter size-large wp-image-7752\" src=\"http:\/\/www.crossprensa.com.ar\/news\/wp-content\/uploads\/2015\/01\/Gr\u00e1fico3-544x400.jpg\" alt=\"Gr\u00e1fico3\" width=\"544\" height=\"400\" \/><\/a><\/p>\n<p>&nbsp;<\/p>\n<p><a href=\"http:\/\/www.crossprensa.com.ar\/news\/wp-content\/uploads\/2015\/01\/Gr\u00e1fico6.jpg\"><img decoding=\"async\" class=\"aligncenter size-large wp-image-7737\" src=\"http:\/\/www.crossprensa.com.ar\/news\/wp-content\/uploads\/2015\/01\/Gr\u00e1fico6-620x324.jpg\" alt=\"Gr\u00e1fico6\" width=\"620\" height=\"324\" \/><\/a><\/p>\n","protected":false},"excerpt":{"rendered":"<p>Hoy entre Villa Carlos Paz y San Juan, se desarroll\u00f3 con mucho calor la 2da&#8230;.<\/p>\n","protected":false},"author":2,"featured_media":0,"comment_status":"open","ping_status":"open","sticky":false,"template":"","format":"standard","meta":{"om_disable_all_campaigns":false,"_monsterinsights_skip_tracking":false,"_monsterinsights_sitenote_active":false,"_monsterinsights_sitenote_note":"","_monsterinsights_sitenote_category":0,"_uf_show_specific_survey":0,"_uf_disable_surveys":false,"footnotes":""},"categories":[11],"tags":[5],"class_list":["post-7735","post","type-post","status-publish","format-standard","hentry","category-dakar","tag-slice"],"aioseo_notices":[],"_links":{"self":[{"href":"https:\/\/www.crossprensa.com.ar\/news\/wp-json\/wp\/v2\/posts\/7735","targetHints":{"allow":["GET"]}}],"collection":[{"href":"https:\/\/www.crossprensa.com.ar\/news\/wp-json\/wp\/v2\/posts"}],"about":[{"href":"https:\/\/www.crossprensa.com.ar\/news\/wp-json\/wp\/v2\/types\/post"}],"author":[{"embeddable":true,"href":"https:\/\/www.crossprensa.com.ar\/news\/wp-json\/wp\/v2\/users\/2"}],"replies":[{"embeddable":true,"href":"https:\/\/www.crossprensa.com.ar\/news\/wp-json\/wp\/v2\/comments?post=7735"}],"version-history":[{"count":3,"href":"https:\/\/www.crossprensa.com.ar\/news\/wp-json\/wp\/v2\/posts\/7735\/revisions"}],"predecessor-version":[{"id":7753,"href":"https:\/\/www.crossprensa.com.ar\/news\/wp-json\/wp\/v2\/posts\/7735\/revisions\/7753"}],"wp:attachment":[{"href":"https:\/\/www.crossprensa.com.ar\/news\/wp-json\/wp\/v2\/media?parent=7735"}],"wp:term":[{"taxonomy":"category","embeddable":true,"href":"https:\/\/www.crossprensa.com.ar\/news\/wp-json\/wp\/v2\/categories?post=7735"},{"taxonomy":"post_tag","embeddable":true,"href":"https:\/\/www.crossprensa.com.ar\/news\/wp-json\/wp\/v2\/tags?post=7735"}],"curies":[{"name":"wp","href":"https:\/\/api.w.org\/{rel}","templated":true}]}}