{"id":77298,"date":"2025-07-25T08:51:56","date_gmt":"2025-07-25T11:51:56","guid":{"rendered":"https:\/\/www.crossprensa.com.ar\/news\/?p=77298"},"modified":"2025-07-25T08:51:56","modified_gmt":"2025-07-25T11:51:56","slug":"supercross-de-paris-sera-impresionante-en-2025","status":"publish","type":"post","link":"https:\/\/www.crossprensa.com.ar\/news\/supercross-de-paris-sera-impresionante-en-2025\/sx-paris\/","title":{"rendered":"SUPERCROSS DE PAR\u00cdS: Ser\u00e1 impresionante en 2025!"},"content":{"rendered":"<p><b class=\"\"><span class=\"\" lang=\"EN-US\" data-olk-copy-source=\"MessageBody\">Este a\u00f1o, los organizadores de Paris Supercross<\/span><\/b><b class=\"\">\u00a0<span class=\"\" lang=\"EN\">han vuelto a reunir a las mejores estrellas de Supercross del mundo para esta edici\u00f3n de 2025, que volver\u00e1 a tener lugar en el ultramoderno Paris La D\u00e9fense Arena los d\u00edas 15 y 16 de noviembre.\u00a0Junto a los tres \u00faltimos ganadores del evento, Jett Lawrence, Cooper Webb y Tom Vialle, veremos a Hunter Lawrence y Aaaron Plessinger al comienzo de esta 42\u00aa edici\u00f3n.<\/span><\/b><\/p>\n<p><!--more--><\/p>\n<p class=\"x_MsoNormal\"><span class=\"\" lang=\"EN\" data-olk-copy-source=\"MessageBody\">&#8220;Mejor, a\u00fan mejor, siempre mejor&#8221; siempre ha sido el objetivo de los organizadores del \u00faltimo Supercross celebrado en Europa.\u00a0Y este a\u00f1o han logrado asegurar la presencia de un quinteto importante de la disciplina con cinco pilotos que han tenido una gran temporada en los campeonatos de Supercross y Motocross de EE. UU.\u00a0Con el estadounidense Cooper Webb, que triunf\u00f3 en la clase 450, y el franc\u00e9s Tom Vialle, que gan\u00f3 un segundo t\u00edtulo de 250 en la costa este, veremos a dos campeones de SX de EE. UU. 2025 en la pista; \u00a1Cooper y Tom tambi\u00e9n son el Rey y el Pr\u00edncipe reinantes de Par\u00eds!<\/span><\/p>\n<p class=\"x_MsoNormal\"><span class=\"\" lang=\"EN\">Junto a ellos, los australianos Jett y Hunter Lawrence regresan a Par\u00eds por tercer a\u00f1o consecutivo con Jett buscando vengarse del a\u00f1o pasado, cuando domin\u00f3 claramente al ganar las primeras cinco de seis carreras, pero perdi\u00f3 el t\u00edtulo de Rey al caer en una de las finales.\u00a0Una lesi\u00f3n le impidi\u00f3 defender el t\u00edtulo de Supercross de EE. UU. este a\u00f1o, pero, junto con su hermano mayor Hunter, actualmente domina la temporada de motocross al aire libre de EE. UU. y ambos regresar\u00e1n al modo de supercross en Par\u00eds el 15 y 16 de noviembre.<\/span><\/p>\n<p class=\"x_MsoNormal\"><span class=\"\" lang=\"EN\">Adem\u00e1s de este cuarteto, un quinto hombre cruzar\u00e1 el Atl\u00e1ntico a mediados de noviembre para venir a descubrir Par\u00eds y su Supercross.\u00a0El piloto oficial de KTM, Aaron Plessinger, aumentar\u00e1 significativamente la anticipaci\u00f3n en la Arena, ya que, adem\u00e1s de su talento para montar, el nativo de Ohio es un showman empedernido que traer\u00e1 consigo su traje de vaquero.\u00a0Frente a este quinteto, que por supuesto competir\u00e1 en la clase 450, una primicia para Tom Vialle, encontraremos a los mejores pilotos franceses y europeos de Supercross, todos compitiendo en una pista completamente nueva dise\u00f1ada por uno de los principales especialistas europeos, el equipo de C\u00e9dric Lucas y Jean-Luc Fouchet.<\/span><\/p>\n<p class=\"x_MsoNormal\"><span class=\"\" lang=\"EN\">Mientras que la categor\u00eda SX1 volver\u00e1 a ser el evento principal que disputar\u00e1 el t\u00edtulo de &#8216;Rey de Par\u00eds&#8217;, otras dos categor\u00edas estar\u00e1n en el programa con el SX2 &#8216;Campeonato de Francia \/ SX Tour 250&#8217; y el SX Tour Junior. En estas dos clases, los mejores pilotos del campeonato franc\u00e9s antes del evento de Par\u00eds (es decir, los doce primeros en SX2 y los diez primeros en Junior) se unir\u00e1n a varios &#8220;wild cards&#8221; seleccionados por el organizador. En total, se disputar\u00e1n no menos de siete finales cada noche, tambi\u00e9n dos sesiones Superpole en SX1 y SX2 y, por supuesto, el espect\u00e1culo FMX que contar\u00e1 con los principales actores de la temporada 2025.<\/span><\/p>\n","protected":false},"excerpt":{"rendered":"<p>Este a\u00f1o, los organizadores de Paris Supercross\u00a0han vuelto a reunir a las mejores estrellas de&#8230;<\/p>\n","protected":false},"author":2,"featured_media":77299,"comment_status":"closed","ping_status":"closed","sticky":false,"template":"","format":"standard","meta":{"om_disable_all_campaigns":false,"_monsterinsights_skip_tracking":false,"_monsterinsights_sitenote_active":false,"_monsterinsights_sitenote_note":"","_monsterinsights_sitenote_category":0,"_uf_show_specific_survey":0,"_uf_disable_surveys":false,"footnotes":""},"categories":[114],"tags":[],"class_list":["post-77298","post","type-post","status-publish","format-standard","has-post-thumbnail","hentry","category-sx-paris"],"aioseo_notices":[],"_links":{"self":[{"href":"https:\/\/www.crossprensa.com.ar\/news\/wp-json\/wp\/v2\/posts\/77298","targetHints":{"allow":["GET"]}}],"collection":[{"href":"https:\/\/www.crossprensa.com.ar\/news\/wp-json\/wp\/v2\/posts"}],"about":[{"href":"https:\/\/www.crossprensa.com.ar\/news\/wp-json\/wp\/v2\/types\/post"}],"author":[{"embeddable":true,"href":"https:\/\/www.crossprensa.com.ar\/news\/wp-json\/wp\/v2\/users\/2"}],"replies":[{"embeddable":true,"href":"https:\/\/www.crossprensa.com.ar\/news\/wp-json\/wp\/v2\/comments?post=77298"}],"version-history":[{"count":1,"href":"https:\/\/www.crossprensa.com.ar\/news\/wp-json\/wp\/v2\/posts\/77298\/revisions"}],"predecessor-version":[{"id":77300,"href":"https:\/\/www.crossprensa.com.ar\/news\/wp-json\/wp\/v2\/posts\/77298\/revisions\/77300"}],"wp:featuredmedia":[{"embeddable":true,"href":"https:\/\/www.crossprensa.com.ar\/news\/wp-json\/wp\/v2\/media\/77299"}],"wp:attachment":[{"href":"https:\/\/www.crossprensa.com.ar\/news\/wp-json\/wp\/v2\/media?parent=77298"}],"wp:term":[{"taxonomy":"category","embeddable":true,"href":"https:\/\/www.crossprensa.com.ar\/news\/wp-json\/wp\/v2\/categories?post=77298"},{"taxonomy":"post_tag","embeddable":true,"href":"https:\/\/www.crossprensa.com.ar\/news\/wp-json\/wp\/v2\/tags?post=77298"}],"curies":[{"name":"wp","href":"https:\/\/api.w.org\/{rel}","templated":true}]}}