{"id":77280,"date":"2025-07-23T08:25:47","date_gmt":"2025-07-23T11:25:47","guid":{"rendered":"https:\/\/www.crossprensa.com.ar\/news\/?p=77280"},"modified":"2025-07-23T08:25:47","modified_gmt":"2025-07-23T11:25:47","slug":"ama-sx-mx-ducati-oficializo-los-pilotos-para-2026-y-hay-mas-novedades","status":"publish","type":"post","link":"https:\/\/www.crossprensa.com.ar\/news\/ama-sx-mx-ducati-oficializo-los-pilotos-para-2026-y-hay-mas-novedades\/ama-motocross\/","title":{"rendered":"AMA SX\/MX: Ducati oficializ\u00f3 los pilotos para 2026, y hay m\u00e1s novedades!"},"content":{"rendered":"<p><span>La tan esperada entrada de <\/span><span class=\"google-anno-t\"><span>Ducati<\/span><\/span><span> a la escena del motocross estadounidense ya es oficial como lo anticipamos all\u00e1 por Febrero, y llegan con fuerza con un equipo de f\u00e1brica de dos pilotos para la temporada 2026 del AMA SuperMotocross.\u00a0<\/span><\/p>\n<p><!--more--><\/p>\n<p>Justin Barcia, y Dylan Ferrandis, son los pilotos que suenan como estrellas de la marca en USA, que pone pi\u00e9 en un campeonato donde los pilotos no regalan un cent\u00edmetro de carrera.<\/p>\n<p>Barcia, con mucha experiencia y capaz de meterse en el podio en cualquier momento, va a disponer ahora de una estructura que no dejar\u00e1 dudas de la capacidad t\u00e9cnica que tiene, resumiendo: No le quedar\u00e1n excusas al neoyorquino de 33 a\u00f1os, respecto de que moto le dar\u00e1n para pelearle a un enorme resto de grande marcas.<\/p>\n<p><img fetchpriority=\"high\" decoding=\"async\" class=\"alignnone size-full wp-image-77062\" src=\"https:\/\/www.crossprensa.com.ar\/news\/wp-content\/uploads\/2025\/07\/85sant.gif\" alt=\"\" width=\"1200\" height=\"100\" \/><\/p>\n<p>Por el lado del franc\u00e9s, ser\u00eda algo as\u00ed como equilibrar la balanza en la marca europea teniendo un piloto de su mismo continente. Ferrandis fue ganador dos veces del MXoN con su equipo y adem\u00e1s fue campe\u00f3n del AMA:<\/p>\n<ul>\n<li>\u20222019 AMA Supercross 250cc Oeste<\/li>\n<li>\u20222020 AMA Supercross 250cc Oeste<\/li>\n<li>\u20222020 AMA 250cc Motocross<\/li>\n<li>\u20222021 AMA 450cc Motocross<\/li>\n<\/ul>\n<p>Entre los dos, van a defender el honor de la desmodr\u00f3mica que por primera vez tendr\u00e1 equipo oficial en los campeonatos mas duros de este continente.<\/p>\n<p>Y todav\u00eda falta oficializar lo que tendr\u00e1n en MXGP. No se desconecten de Crossprensa!<\/p>\n<p>&nbsp;<\/p>\n","protected":false},"excerpt":{"rendered":"<p>La tan esperada entrada de Ducati a la escena del motocross estadounidense ya es oficial&#8230;<\/p>\n","protected":false},"author":2,"featured_media":76771,"comment_status":"closed","ping_status":"closed","sticky":false,"template":"","format":"standard","meta":{"om_disable_all_campaigns":false,"_monsterinsights_skip_tracking":false,"_monsterinsights_sitenote_active":false,"_monsterinsights_sitenote_note":"","_monsterinsights_sitenote_category":0,"_uf_show_specific_survey":0,"_uf_disable_surveys":false,"footnotes":""},"categories":[25,30],"tags":[],"class_list":["post-77280","post","type-post","status-publish","format-standard","has-post-thumbnail","hentry","category-ama-motocross","category-ama-supercross"],"aioseo_notices":[],"_links":{"self":[{"href":"https:\/\/www.crossprensa.com.ar\/news\/wp-json\/wp\/v2\/posts\/77280","targetHints":{"allow":["GET"]}}],"collection":[{"href":"https:\/\/www.crossprensa.com.ar\/news\/wp-json\/wp\/v2\/posts"}],"about":[{"href":"https:\/\/www.crossprensa.com.ar\/news\/wp-json\/wp\/v2\/types\/post"}],"author":[{"embeddable":true,"href":"https:\/\/www.crossprensa.com.ar\/news\/wp-json\/wp\/v2\/users\/2"}],"replies":[{"embeddable":true,"href":"https:\/\/www.crossprensa.com.ar\/news\/wp-json\/wp\/v2\/comments?post=77280"}],"version-history":[{"count":1,"href":"https:\/\/www.crossprensa.com.ar\/news\/wp-json\/wp\/v2\/posts\/77280\/revisions"}],"predecessor-version":[{"id":77281,"href":"https:\/\/www.crossprensa.com.ar\/news\/wp-json\/wp\/v2\/posts\/77280\/revisions\/77281"}],"wp:featuredmedia":[{"embeddable":true,"href":"https:\/\/www.crossprensa.com.ar\/news\/wp-json\/wp\/v2\/media\/76771"}],"wp:attachment":[{"href":"https:\/\/www.crossprensa.com.ar\/news\/wp-json\/wp\/v2\/media?parent=77280"}],"wp:term":[{"taxonomy":"category","embeddable":true,"href":"https:\/\/www.crossprensa.com.ar\/news\/wp-json\/wp\/v2\/categories?post=77280"},{"taxonomy":"post_tag","embeddable":true,"href":"https:\/\/www.crossprensa.com.ar\/news\/wp-json\/wp\/v2\/tags?post=77280"}],"curies":[{"name":"wp","href":"https:\/\/api.w.org\/{rel}","templated":true}]}}