{"id":77173,"date":"2025-07-18T10:01:14","date_gmt":"2025-07-18T13:01:14","guid":{"rendered":"https:\/\/www.crossprensa.com.ar\/news\/?p=77173"},"modified":"2025-07-18T10:01:14","modified_gmt":"2025-07-18T13:01:14","slug":"ken-roczen-esta-de-vuelta","status":"publish","type":"post","link":"https:\/\/www.crossprensa.com.ar\/news\/ken-roczen-esta-de-vuelta\/crossprensa\/","title":{"rendered":"KEN ROCZEN EST\u00c1 DE VUELTA!"},"content":{"rendered":"<p>En Mayo, el equipo Suzuki anunci\u00f3 que Ken Roczen se perder\u00eda las dos \u00faltimas carreras de la temporada 2025 de Monster Energy Supercross debido a una lesi\u00f3n:<\/p>\n<blockquote><p><em>HEP Motorsports y Suzuki Motor USA lamentan anunciar que Ken Roczen no participar\u00e1 en la ronda Monster Energy AMA Supercross de este fin de semana en Empower Field en Mile High en Denver, Colorado, debido a un da\u00f1o adicional en un tobillo derecho ya lesionado sufrido durante una sesi\u00f3n de pr\u00e1ctica a mitad de semana.<\/em><\/p><\/blockquote>\n<p><!--more--><\/p>\n<p>Roczen, quien ya lidiaba con lesiones de hombro y tobillo desde principios de temporada, sufri\u00f3 un rev\u00e9s importante al sufrir un traumatismo adicional en el tobillo derecho durante un entrenamiento. La evaluaci\u00f3n m\u00e9dica confirm\u00f3 un da\u00f1o significativo adicional en el tobillo, incluyendo una rotura de ligamentos. Se requer\u00edua cirug\u00eda para tratar la lesi\u00f3n e iniciar el proceso de recuperaci\u00f3n.<\/p>\n<div style=\"width: 640px;\" class=\"wp-video\"><!--[if lt IE 9]><script>document.createElement('video');<\/script><![endif]-->\n<video class=\"wp-video-shortcode\" id=\"video-77173-1\" width=\"640\" height=\"1138\" preload=\"metadata\" controls=\"controls\"><source type=\"video\/mp4\" src=\"https:\/\/www.crossprensa.com.ar\/news\/wp-content\/uploads\/2025\/07\/l4w6ewKRb4fU27PY.mp4?_=1\" \/><a href=\"https:\/\/www.crossprensa.com.ar\/news\/wp-content\/uploads\/2025\/07\/l4w6ewKRb4fU27PY.mp4\">https:\/\/www.crossprensa.com.ar\/news\/wp-content\/uploads\/2025\/07\/l4w6ewKRb4fU27PY.mp4<\/a><\/video><\/div>\n<p>\u201cKen ha superado muchas adversidades esta temporada\u201d, dijo Larry Brooks, director del equipo HEP Motorsports\/Suzuki presentado por Progressive Insurance. \u201cHa sido incre\u00edblemente duro y se ha centrado en dar lo mejor de s\u00ed para el equipo cada fin de semana, incluso con dolor. Esta nueva situaci\u00f3n fue lamentable, pero lo apoyamos plenamente para que tome las medidas necesarias para recuperarse adecuadamente\u201d.<\/p>\n<p>Roczen sigui\u00f3 impresionando a pesar de sus persistentes lesiones, ganando su carrera clasificatoria en Pittsburgh y manteni\u00e9ndose firme en las primeras posiciones durante el evento principal.<\/p>\n<p>Ahora est\u00e1 de vuelta, y esperamos verlo quiz\u00e1s en las finales del AMA MX, pero seguramente lo har\u00e1 en el SUPERMOTOCROSS y las tres carreras finales, y luego en el CAMPEONATO MUNDIAL DE SUPERCROSS que se correr\u00e1 en Bs. As., el 8 de Noviembre.<\/p>\n<p><img fetchpriority=\"high\" decoding=\"async\" class=\"alignnone size-full wp-image-77077\" src=\"https:\/\/www.crossprensa.com.ar\/news\/wp-content\/uploads\/2025\/07\/Laboulaye.gif\" alt=\"\" width=\"1200\" height=\"100\" \/><\/p>\n<p><img decoding=\"async\" class=\"alignnone size-full wp-image-77062\" src=\"https:\/\/www.crossprensa.com.ar\/news\/wp-content\/uploads\/2025\/07\/85sant.gif\" alt=\"\" width=\"1200\" height=\"100\" \/><\/p>\n","protected":false},"excerpt":{"rendered":"<p>En Mayo, el equipo Suzuki anunci\u00f3 que Ken Roczen se perder\u00eda las dos \u00faltimas carreras&#8230;<\/p>\n","protected":false},"author":2,"featured_media":77174,"comment_status":"closed","ping_status":"closed","sticky":false,"template":"","format":"standard","meta":{"om_disable_all_campaigns":false,"_monsterinsights_skip_tracking":false,"_monsterinsights_sitenote_active":false,"_monsterinsights_sitenote_note":"","_monsterinsights_sitenote_category":0,"_uf_show_specific_survey":0,"_uf_disable_surveys":false,"footnotes":""},"categories":[37],"tags":[],"class_list":["post-77173","post","type-post","status-publish","format-standard","has-post-thumbnail","hentry","category-crossprensa"],"aioseo_notices":[],"_links":{"self":[{"href":"https:\/\/www.crossprensa.com.ar\/news\/wp-json\/wp\/v2\/posts\/77173","targetHints":{"allow":["GET"]}}],"collection":[{"href":"https:\/\/www.crossprensa.com.ar\/news\/wp-json\/wp\/v2\/posts"}],"about":[{"href":"https:\/\/www.crossprensa.com.ar\/news\/wp-json\/wp\/v2\/types\/post"}],"author":[{"embeddable":true,"href":"https:\/\/www.crossprensa.com.ar\/news\/wp-json\/wp\/v2\/users\/2"}],"replies":[{"embeddable":true,"href":"https:\/\/www.crossprensa.com.ar\/news\/wp-json\/wp\/v2\/comments?post=77173"}],"version-history":[{"count":1,"href":"https:\/\/www.crossprensa.com.ar\/news\/wp-json\/wp\/v2\/posts\/77173\/revisions"}],"predecessor-version":[{"id":77176,"href":"https:\/\/www.crossprensa.com.ar\/news\/wp-json\/wp\/v2\/posts\/77173\/revisions\/77176"}],"wp:featuredmedia":[{"embeddable":true,"href":"https:\/\/www.crossprensa.com.ar\/news\/wp-json\/wp\/v2\/media\/77174"}],"wp:attachment":[{"href":"https:\/\/www.crossprensa.com.ar\/news\/wp-json\/wp\/v2\/media?parent=77173"}],"wp:term":[{"taxonomy":"category","embeddable":true,"href":"https:\/\/www.crossprensa.com.ar\/news\/wp-json\/wp\/v2\/categories?post=77173"},{"taxonomy":"post_tag","embeddable":true,"href":"https:\/\/www.crossprensa.com.ar\/news\/wp-json\/wp\/v2\/tags?post=77173"}],"curies":[{"name":"wp","href":"https:\/\/api.w.org\/{rel}","templated":true}]}}